{"id":143490,"date":"2025-06-01T07:15:09","date_gmt":"2025-06-01T07:15:09","guid":{"rendered":"https:\/\/www.europesays.com\/fr\/143490\/"},"modified":"2025-06-01T07:15:09","modified_gmt":"2025-06-01T07:15:09","slug":"des-fermetures-programmees-sur-plusieurs-nuits","status":"publish","type":"post","link":"https:\/\/www.europesays.com\/fr\/143490\/","title":{"rendered":"des fermetures programm\u00e9es sur plusieurs nuits"},"content":{"rendered":"<p>            Par<br \/>\n        <strong><br \/>\n            <a href=\"https:\/\/actu.fr\/auteur\/thomas-bernard\" title=\"Consulter tous les articles de Thomas Bernard\" target=\"_blank\" rel=\"noopener\">Thomas Bernard<\/a><br \/>\n        <\/strong><\/p>\n<p>        Publi\u00e9 le<\/p>\n<p>            1 juin 2025 \u00e0 9h02        <\/p>\n<p>Du lundi 2\u00a0juin au vendredi 5\u00a0septembre 2025, Vinci Autoroutes va entreprendre des travaux de renforcement de la buse hydraulique assurant le franchissement du cours d\u2019eau Le Gesvres sous l\u2019autoroute A11, au niveau de La Chapelle-sur-Erdre (Loire-Atlantique).<\/p>\n<p class=\" wall-content\">D\u2019autres travaux d\u2019entretien seront \u00e9galement men\u00e9s entre les portes de Vielleville et de Rennes.\u00a0Ainsi, ces chantiers n\u00e9cessiteront<strong> des fermetures nocturnes ponctuelles sur plusieurs portions de l\u2019A11 et du p\u00e9riph\u00e9rique nord<\/strong>.<\/p>\n<p>Le calendrier des fermetures<\/p>\n<p class=\" wall-content\">Ces restrictions seront effectives <strong>les nuits du lundi\u00a02 au vendredi 6\u00a0juin<\/strong>,<strong> de 20h30 \u00e0 5h45 le lendemain<\/strong>. Voici le calendrier de ces fermetures\u2009:<\/p>\n<ul class=\" wall-content\">\n<li><strong>Nuit du 2 au 3\u00a0juin<\/strong>\u2009: sens Paris\/Province, fermeture de l\u2019autoroute A11 et du p\u00e9riph\u00e9rique nord, ainsi que de leurs voies d\u2019acc\u00e8s entre l\u2019\u00e9changeur n\u00b022 de Vieilleville, et la Porte de Gesvres n\u00b038.<\/li>\n<li>Les nuits du<strong> mardi\u00a03<\/strong>, <strong>mercredi\u00a04<\/strong> et<strong> jeudi 5\u00a0juin<\/strong>, <strong>la nuit du lundi 16\u00a0juin 2025<\/strong>\u2009: fermeture de la bretelle Paris \/ La Beaujoire de l\u2019\u00e9changeur de Porte de Gesvres (n\u00b038) dans le sens Paris vers Nantes.<\/li>\n<li>Les nuits <strong>du mardi\u00a03 et mercredi 4\u00a0juin 2025<\/strong>\u2009: fermeture du p\u00e9riph\u00e9rique est en direction de Paris.<\/li>\n<li>Les nuits<strong> du mardi\u00a03 au mercredi 4\u00a0juin, et du 4\u00a0juin au 5\u00a0juin<\/strong>\u2009: dans les deux sens de circulation, fermeture du p\u00e9riph\u00e9rique nord et de l\u2019A11 ainsi que de leurs voies d\u2019acc\u00e8s entre la porte de Rennes n\u00b037 et l\u2019\u00e9changeur de Vieilleville n\u00b022, ainsi que la fermeture du p\u00e9riph\u00e9rique Est dans les deux sens de circulation (N844) entre la porte de la Chapelle n\u00b039 \u00e0 la Porte de Gesvres n\u00b038. Depuis la N137 sur l\u2019\u00e9changeur de la porte de Rennes n\u00b037, fermeture de la bretelle Rennes vers Paris et de la bretelle Nantes vers Paris.<\/li>\n<li><strong>La nuit du 5 au 6\u00a0juin<\/strong>\u2009: sens Province\/Paris fermeture du p\u00e9riph\u00e9rique nord et de l\u2019A11 ainsi que de leurs voies d\u2019acc\u00e8s entre la porte de Rennes n\u00b037 et l\u2019\u00e9changeur de Vieilleville n\u00b022, ainsi que la fermeture du p\u00e9riph\u00e9rique Est dans les deux sens de circulation (N844) entre la porte de la Chapelle n\u00b039 \u00e0 la Porte de Gesvres n\u00b038.<\/li>\n<\/ul>\n<p>Vid\u00e9os : en ce moment sur ActuDes d\u00e9viations mises en place<\/p>\n<p class=\" wall-content\">Des itin\u00e9raires de d\u00e9viation seront mis en place pendant les fermetures nocturnes\u2009:<\/p>\n<ul class=\" wall-content\">\n<li>Les usagers <strong>en provenance de Vannes<\/strong> voulant prendre la direction de Paris sont d\u00e9vi\u00e9s depuis la porte de Rennes n\u00b037, empruntent le r\u00e9seau m\u00e9tropolitain jusqu\u2019\u00e0 la porte de la Chapelle n\u00b040 puis la N844 jusqu\u2019\u00e0 la porte d\u2019Anjou n\u00b043, l\u2019A811 vers la porte de Vieilleville n\u00b022 puis retrouvent leur itin\u00e9raire d\u2019origine via l\u2019A11 vers Paris.<\/li>\n<li>Les usagers<strong> en provenance de Rennes<\/strong> continuent leur itin\u00e9raire sur la N137 vers Nantes, empruntent le r\u00e9seau m\u00e9tropolitain jusqu\u2019\u00e0 la porte de la Chapelle n\u00b040, puis la N844 jusqu\u2019\u00e0 la porte d\u2019Anjou n\u00b043, l\u2019A811 vers la porte de Vieilleville n\u00b022 puis retrouvent leur itin\u00e9raire d\u2019origine via l\u2019A11 vers Paris.<\/li>\n<li>Les usagers <strong>en provenance de Nantes<\/strong> voulant acc\u00e9der \u00e0 l\u2019A11 en direction de Paris, empruntent le r\u00e9seau m\u00e9tropolitain jusqu\u2019\u00e0 la porte de la Chapelle n\u00b040, puis la N844 jusqu\u2019\u00e0 la porte d\u2019Anjou n\u00b043, l\u2019A811 vers la porte de Vieilleville n\u00b022 puis retrouvent leur itin\u00e9raire d\u2019origine via l\u2019A11 vers Paris.<\/li>\n<li>Les usagers <strong>en provenance de Paris<\/strong> sont d\u00e9vi\u00e9s depuis l\u2019A11 \u00e0 l\u2019\u00e9changeur n\u00b022 de Vielleville, empruntent l\u2019A811 jusqu\u2019\u00e0 la porte d\u2019Anjou n\u00b043, la N844 en p\u00e9riph ext\u00e9rieur vers la porte de la Chapelle n\u00b039, le r\u00e9seau m\u00e9tropolitain jusqu\u2019\u00e0 la porte n\u00b037 de Rennes et retrouvent leur destination d\u2019origine via cet \u00e9changeur soit en direction de Rennes, soit en direction de Vannes.<\/li>\n<li>Les usagers <strong>en provenance de la N844 P\u00e9riph\u00e9rique Est ext\u00e9rieur<\/strong> voulant prendre la direction de Rennes\/Vannes, sont d\u00e9vi\u00e9s depuis la N844 porte de la Chapelle n\u00b039 vers le r\u00e9seau m\u00e9tropolitain jusqu\u2019\u00e0 la porte de Rennes n\u00b037 o\u00f9 ils retrouvent leur destination d\u2019origine via ce m\u00eame \u00e9changeur en direction de Rennes\/Vannes.<\/li>\n<\/ul>\n<p class=\" wall-content\">Suivez toute l\u2019actualit\u00e9 de vos villes et m\u00e9dias favoris en vous inscrivant \u00e0 <a href=\"https:\/\/moncompte.actu.fr\" title=\"D\u00e9couvez Mon Actu\" rel=\"nofollow noopener\" data-trk=\"{&quot;cta&quot;:{&quot;action&quot;:&quot;https:\\\/\\\/moncompte.actu.fr&quot;,&quot;category&quot;:&quot;mon compte&quot;,&quot;from&quot;:&quot;article footer&quot;,&quot;name&quot;:&quot;Mon actu&quot;,&quot;type&quot;:&quot;cta&quot;}}\" target=\"_blank\">Mon Actu<\/a>.<\/p>\n","protected":false},"excerpt":{"rendered":"Par Thomas Bernard Publi\u00e9 le 1 juin 2025 \u00e0 9h02 Du lundi 2\u00a0juin au vendredi 5\u00a0septembre 2025, Vinci&hellip;\n","protected":false},"author":2,"featured_media":143491,"comment_status":"","ping_status":"","sticky":false,"template":"","format":"standard","meta":{"footnotes":""},"categories":[2818],"tags":[1111,11,3542,1777,674,1011,27,766,12,2636,4013,25,104,2086],"class_list":{"0":"post-143490","1":"post","2":"type-post","3":"status-publish","4":"format-standard","5":"has-post-thumbnail","7":"category-nantes","8":"tag-actu","9":"tag-actualites","10":"tag-circulation","11":"tag-eu","12":"tag-europe","13":"tag-fr","14":"tag-france","15":"tag-nantes","16":"tag-news","17":"tag-pays-de-la-loire","18":"tag-peripherique","19":"tag-republique-francaise","20":"tag-societe","21":"tag-travaux"},"share_on_mastodon":{"url":"https:\/\/pubeurope.com\/@fr\/114606881154542810","error":""},"_links":{"self":[{"href":"https:\/\/www.europesays.com\/fr\/wp-json\/wp\/v2\/posts\/143490","targetHints":{"allow":["GET"]}}],"collection":[{"href":"https:\/\/www.europesays.com\/fr\/wp-json\/wp\/v2\/posts"}],"about":[{"href":"https:\/\/www.europesays.com\/fr\/wp-json\/wp\/v2\/types\/post"}],"author":[{"embeddable":true,"href":"https:\/\/www.europesays.com\/fr\/wp-json\/wp\/v2\/users\/2"}],"replies":[{"embeddable":true,"href":"https:\/\/www.europesays.com\/fr\/wp-json\/wp\/v2\/comments?post=143490"}],"version-history":[{"count":0,"href":"https:\/\/www.europesays.com\/fr\/wp-json\/wp\/v2\/posts\/143490\/revisions"}],"wp:featuredmedia":[{"embeddable":true,"href":"https:\/\/www.europesays.com\/fr\/wp-json\/wp\/v2\/media\/143491"}],"wp:attachment":[{"href":"https:\/\/www.europesays.com\/fr\/wp-json\/wp\/v2\/media?parent=143490"}],"wp:term":[{"taxonomy":"category","embeddable":true,"href":"https:\/\/www.europesays.com\/fr\/wp-json\/wp\/v2\/categories?post=143490"},{"taxonomy":"post_tag","embeddable":true,"href":"https:\/\/www.europesays.com\/fr\/wp-json\/wp\/v2\/tags?post=143490"}],"curies":[{"name":"wp","href":"https:\/\/api.w.org\/{rel}","templated":true}]}}