{"id":143494,"date":"2025-06-01T07:17:10","date_gmt":"2025-06-01T07:17:10","guid":{"rendered":"https:\/\/www.europesays.com\/fr\/143494\/"},"modified":"2025-06-01T07:17:10","modified_gmt":"2025-06-01T07:17:10","slug":"girondins-le-message-clair-de-la-north-gate-bordeaux-a-gerard-lopez","status":"publish","type":"post","link":"https:\/\/www.europesays.com\/fr\/143494\/","title":{"rendered":"Girondins : le message clair de la North Gate Bordeaux \u00e0 G\u00e9rard Lopez"},"content":{"rendered":"<p><img decoding=\"async\" src=\"https:\/\/www.europesays.com\/fr\/wp-content\/uploads\/2025\/06\/671_42f69ff37c94d6595c7774fece99dd61.jpg\" alt=\"Girondins : le message clair de la North Gate Bordeaux \u00e0 G\u00e9rard Lopez\" class=\"img-responsive mt-3\"\/><\/p>\n<p class=\"text-center mb-3\" style=\"font-size: 14px\">\u00a9 Iconsport<\/p>\n<p style=\"text-align: justify;\">Ce mardi 28, le pr\u00e9sident et propri\u00e9taire des Girondins de Bordeaux, <a href=\"https:\/\/www.webgirondins.com\/actualite-girondins-girondins-gerard-lopez-arrive-par-la-porte-de-derriere-au-tribunal-de-commerce-de-bordeaux-129233\" target=\"_blank\" rel=\"noopener\">G\u00e9rard Lopez, est arriv\u00e9 au tribunal de commerce de Bordeaux en voiture par la porte de derri\u00e8re<\/a>, et a du quitter l&rsquo;enceinte par un acc\u00e8s d\u00e9rob\u00e9 afin d&rsquo;\u00e9viter une confrontation avec les supporters pr\u00e9sents, dont ceux de la North Gate Bordeaux.<\/p>\n<p style=\"text-align: justify;\">Le groupe ultra pr\u00e9sent, avec environ 80 membres, a publi\u00e9 un message sur son compte X apr\u00e8s cette journ\u00e9e, voici ce qu&rsquo;ils ont \u00e9crit : \u00ab\u00a0Arriv\u00e9 comme un l\u00e2che, reparti comme un rat. Lopez D\u00e9gage !\u00a0\u00bb<\/p>\n<p>\u00a0<\/p>\n<p style=\"text-align: justify;\">La prochaine audience est fix\u00e9e le 13 juin 2025 au matin. G\u00e9rard Lopez est de nouveau attendu devant la barre du tribunal de commerce de Bordeaux.<\/p>\n<p>Images apr\u00e8s la fin de l&rsquo;audience et des chants de North Gate Bordeaux contre G\u00e9rard Lopez devant le Grand Hotel de Bordeaux, place de la Com\u00e9die.<\/p>\n<p>Ce navigateur ne supporte pas les iframes<\/p>\n<p>\u00c0 lire : <strong><a href=\"https:\/\/www.webgirondins.com\/actualite-girondins-girondins-jacques-henri-eyraud-oliver-kahn-a-un-merveilleux-projet-pour-bordeaux-129274\" target=\"_blank\" rel=\"noopener\">Jacques-Henri Eyraud : \u00ab\u00a0Oliver Kahn a un merveilleux projet pour Bordeaux\u00a0\u00bb<\/a><\/strong><\/p>\n<p>\u00a0<\/p>\n","protected":false},"excerpt":{"rendered":"\u00a9 Iconsport Ce mardi 28, le pr\u00e9sident et propri\u00e9taire des Girondins de Bordeaux, G\u00e9rard Lopez, est arriv\u00e9 au&hellip;\n","protected":false},"author":2,"featured_media":143495,"comment_status":"","ping_status":"","sticky":false,"template":"","format":"standard","meta":{"footnotes":""},"categories":[2817],"tags":[1111,11,4077,1997,11526,3254,215,27157,3985,13413,8485,1777,674,13897,1011,27,12695,8294,1987,3289,8295,9778,12889,12,12694,2219,471,25,10221,3693,2336],"class_list":{"0":"post-143494","1":"post","2":"type-post","3":"status-publish","4":"format-standard","5":"has-post-thumbnail","7":"category-bordeaux","8":"tag-actu","9":"tag-actualites","10":"tag-association","11":"tag-bordeaux","12":"tag-clair","13":"tag-colere","14":"tag-commerce","15":"tag-demander","16":"tag-depart","17":"tag-devant","18":"tag-etait","19":"tag-eu","20":"tag-europe","21":"tag-exprimer","22":"tag-fr","23":"tag-france","24":"tag-gate","25":"tag-gerard","26":"tag-girondins","27":"tag-leur","28":"tag-lopez","29":"tag-mardi","30":"tag-message","31":"tag-news","32":"tag-north","33":"tag-nouvelle-aquitaine","34":"tag-pour","35":"tag-republique-francaise","36":"tag-supporters","37":"tag-tribunal","38":"tag-ultras"},"share_on_mastodon":{"url":"https:\/\/pubeurope.com\/@fr\/114606888986854085","error":""},"_links":{"self":[{"href":"https:\/\/www.europesays.com\/fr\/wp-json\/wp\/v2\/posts\/143494","targetHints":{"allow":["GET"]}}],"collection":[{"href":"https:\/\/www.europesays.com\/fr\/wp-json\/wp\/v2\/posts"}],"about":[{"href":"https:\/\/www.europesays.com\/fr\/wp-json\/wp\/v2\/types\/post"}],"author":[{"embeddable":true,"href":"https:\/\/www.europesays.com\/fr\/wp-json\/wp\/v2\/users\/2"}],"replies":[{"embeddable":true,"href":"https:\/\/www.europesays.com\/fr\/wp-json\/wp\/v2\/comments?post=143494"}],"version-history":[{"count":0,"href":"https:\/\/www.europesays.com\/fr\/wp-json\/wp\/v2\/posts\/143494\/revisions"}],"wp:featuredmedia":[{"embeddable":true,"href":"https:\/\/www.europesays.com\/fr\/wp-json\/wp\/v2\/media\/143495"}],"wp:attachment":[{"href":"https:\/\/www.europesays.com\/fr\/wp-json\/wp\/v2\/media?parent=143494"}],"wp:term":[{"taxonomy":"category","embeddable":true,"href":"https:\/\/www.europesays.com\/fr\/wp-json\/wp\/v2\/categories?post=143494"},{"taxonomy":"post_tag","embeddable":true,"href":"https:\/\/www.europesays.com\/fr\/wp-json\/wp\/v2\/tags?post=143494"}],"curies":[{"name":"wp","href":"https:\/\/api.w.org\/{rel}","templated":true}]}}