{"id":143496,"date":"2025-06-01T07:18:08","date_gmt":"2025-06-01T07:18:08","guid":{"rendered":"https:\/\/www.europesays.com\/fr\/143496\/"},"modified":"2025-06-01T07:18:08","modified_gmt":"2025-06-01T07:18:08","slug":"une-nouvelle-guinguette-avec-terrasse-dete-ouvre-a-toulouse","status":"publish","type":"post","link":"https:\/\/www.europesays.com\/fr\/143496\/","title":{"rendered":"une nouvelle guinguette, avec terrasse d&rsquo;\u00e9t\u00e9, ouvre \u00e0 Toulouse"},"content":{"rendered":"<p>            Par<br \/>\n        <strong><br \/>\n            <a href=\"https:\/\/actu.fr\/auteur\/david-saint-sernin\" title=\"Consulter tous les articles de David Saint-Sernin\" target=\"_blank\" rel=\"noopener\">David Saint-Sernin<\/a><br \/>\n        <\/strong><\/p>\n<p>        Publi\u00e9 le<\/p>\n<p>            1 juin 2025 \u00e0 7h12        <\/p>\n<p>Animations, jeux pour enfants en plein air, p\u00e9tanque, le tout accompagn\u00e9 d\u2019une belle terrasse d\u2019\u00e9t\u00e9 : la Compagnie Fran\u00e7aise annonce l\u2019ouverture de la Guinguette du Busca<br \/>le jeudi 5 Juin 2025, \u00e0 partir de 18h.<\/p>\n<p>Ouverte du lundi au vendredi<\/p>\n<p class=\" wall-content\">\u00ab\u00a0Ce nouveau lieu incarne pleinement l\u2019esprit guinguette : convivial, d\u00e9contract\u00e9 et familial. On vous attend en famille ou entre amis !\u00a0\u00bb, invite le nouvel \u00e9tablissement qui est lanc\u00e9 sur le site du restaurant \u00ab\u2009La Compagnie Fran\u00e7aise Busca Toulouse\u2009\u00bb, situ\u00e9 quartier Saint-Michel, au sein de La Cit\u00e9 Internationale des Chercheurs. Un lieu qui, pour rappel, accueille des chercheurs et des enseignants-chercheurs depuis f\u00e9vrier 2023.<\/p>\n<p class=\" wall-content\">Cette nouvelle guinguette sera ouverte de 18h \u00e0 minuit, du lundi au vendredi.\u00a0<\/p>\n<p>Une carte sp\u00e9ciale pour l\u2019occasion<\/p>\n<p class=\" wall-content\">\u00ab\u00a0Le chef y d\u00e9clinera les grands classiques de La Compagnie Fran\u00e7aise fa\u00e7on antipasti planche de jambon italien affin\u00e9, burrata cr\u00e9meuse &amp; focaccia maison, calamars \u00e0 la romaine\u00a0\u00bb, annonce la Compagnie Fran\u00e7aise.\u00a0<\/p>\n<p class=\" wall-content\">On pourra aussi y siroter les traditionnels spritz, cocktails cr\u00e9ation, bi\u00e8res, et th\u00e9s glac\u00e9s\u2026\u00a0<\/p>\n<p class=\" wall-content\">\u00ab\u00a0Afterworks, repas d\u2019\u00e9quipe ou \u00e9v\u00e9nements priv\u00e9s, des formules sur-mesure sont disponibles !\u00a0\u00bb, compl\u00e8te la Compagnie Fran\u00e7aise.<\/p>\n<p>Vid\u00e9os : en ce moment sur ActuLa Guinguette de La Compagnie Fran\u00e7aise Busca Toulouse<br \/>\n17 Rue Sainte-Catherine, 31400 Toulouse<br \/>\n05 61 51 04 23<br \/>\nOuvert du lundi au vendredi, de 18h \u00e0 minuit<br \/>\nRenseignements &amp; r\u00e9servations groupes : <a href=\"https:\/\/actu.fr\/cdn-cgi\/l\/email-protection\" class=\"__cf_email__\" data-cfemail=\"f493869b818491b4959898929b868d9b81da9286\" target=\"_blank\" rel=\"noopener\">[email\u00a0protected]<\/a><\/p>\n<p>    <a href=\"https:\/\/www.google.com\/maps\/embed?pb=!1m18!1m12!1m3!1d9861.960685482974!2d1.4356802812773606!3d43.59159892010627!2m3!1f0!2f0!3f0!3m2!1i1024!2i768!4f13.1!3m3!1m2!1s0x12aebd0055e4228d%3A0x90a28e704f110f68!2sLa%20Compagnie%20Fran%C3%A7aise%20Busca!5e1!3m2!1sfr!2sfr!4v1748666013511!5m2!1sfr!2sfr\" title=\"Ouvrie le lien\" target=\"_blank\" rel=\"noopener\">Cliquez ici pour visualiser le contenu<\/a><\/p>\n<p class=\" wall-content\">Suivez toute l\u2019actualit\u00e9 de vos villes et m\u00e9dias favoris en vous inscrivant \u00e0 <a href=\"https:\/\/moncompte.actu.fr\" title=\"D\u00e9couvez Mon Actu\" rel=\"nofollow noopener\" data-trk=\"{&quot;cta&quot;:{&quot;action&quot;:&quot;https:\\\/\\\/moncompte.actu.fr&quot;,&quot;category&quot;:&quot;mon compte&quot;,&quot;from&quot;:&quot;article footer&quot;,&quot;name&quot;:&quot;Mon actu&quot;,&quot;type&quot;:&quot;cta&quot;}}\" target=\"_blank\">Mon Actu<\/a>.<\/p>\n<ul class=\"ac-article-tag wall-content\">\n<li><a href=\"https:\/\/actu.fr\/tag\/guinguettes-a-toulouse\" data-trk=\"{&quot;cta&quot;:{&quot;action&quot;:&quot;Guinguettes \\u00e0 Toulouse&quot;,&quot;category&quot;:&quot;tag&quot;,&quot;from&quot;:&quot;article footer&quot;,&quot;name&quot;:&quot;Guinguettes \\u00e0 Toulouse&quot;,&quot;type&quot;:&quot;cta&quot;}}\" target=\"_blank\" rel=\"noopener\">#Guinguettes \u00e0 Toulouse<\/a><\/li>\n<li><a href=\"https:\/\/actu.fr\/tag\/sortir-a-toulouse\" data-trk=\"{&quot;cta&quot;:{&quot;action&quot;:&quot;Sortir \\u00e0 Toulouse&quot;,&quot;category&quot;:&quot;tag&quot;,&quot;from&quot;:&quot;article footer&quot;,&quot;name&quot;:&quot;Sortir \\u00e0 Toulouse&quot;,&quot;type&quot;:&quot;cta&quot;}}\" target=\"_blank\" rel=\"noopener\">#Sortir \u00e0 Toulouse<\/a><\/li>\n<\/ul>\n","protected":false},"excerpt":{"rendered":"Par David Saint-Sernin Publi\u00e9 le 1 juin 2025 \u00e0 7h12 Animations, jeux pour enfants en plein air, p\u00e9tanque,&hellip;\n","protected":false},"author":2,"featured_media":143497,"comment_status":"","ping_status":"","sticky":false,"template":"","format":"standard","meta":{"footnotes":""},"categories":[2816],"tags":[1111,11,1777,674,1011,27,14574,1652,12,2680,25,1341,2312],"class_list":{"0":"post-143496","1":"post","2":"type-post","3":"status-publish","4":"format-standard","5":"has-post-thumbnail","7":"category-toulouse","8":"tag-actu","9":"tag-actualites","10":"tag-eu","11":"tag-europe","12":"tag-fr","13":"tag-france","14":"tag-guinguettes-a-toulouse","15":"tag-loisirs-culture","16":"tag-news","17":"tag-occitanie","18":"tag-republique-francaise","19":"tag-sortir-a-toulouse","20":"tag-toulouse"},"share_on_mastodon":{"url":"https:\/\/pubeurope.com\/@fr\/114606892961707940","error":""},"_links":{"self":[{"href":"https:\/\/www.europesays.com\/fr\/wp-json\/wp\/v2\/posts\/143496","targetHints":{"allow":["GET"]}}],"collection":[{"href":"https:\/\/www.europesays.com\/fr\/wp-json\/wp\/v2\/posts"}],"about":[{"href":"https:\/\/www.europesays.com\/fr\/wp-json\/wp\/v2\/types\/post"}],"author":[{"embeddable":true,"href":"https:\/\/www.europesays.com\/fr\/wp-json\/wp\/v2\/users\/2"}],"replies":[{"embeddable":true,"href":"https:\/\/www.europesays.com\/fr\/wp-json\/wp\/v2\/comments?post=143496"}],"version-history":[{"count":0,"href":"https:\/\/www.europesays.com\/fr\/wp-json\/wp\/v2\/posts\/143496\/revisions"}],"wp:featuredmedia":[{"embeddable":true,"href":"https:\/\/www.europesays.com\/fr\/wp-json\/wp\/v2\/media\/143497"}],"wp:attachment":[{"href":"https:\/\/www.europesays.com\/fr\/wp-json\/wp\/v2\/media?parent=143496"}],"wp:term":[{"taxonomy":"category","embeddable":true,"href":"https:\/\/www.europesays.com\/fr\/wp-json\/wp\/v2\/categories?post=143496"},{"taxonomy":"post_tag","embeddable":true,"href":"https:\/\/www.europesays.com\/fr\/wp-json\/wp\/v2\/tags?post=143496"}],"curies":[{"name":"wp","href":"https:\/\/api.w.org\/{rel}","templated":true}]}}