{"id":143500,"date":"2025-06-01T07:21:08","date_gmt":"2025-06-01T07:21:08","guid":{"rendered":"https:\/\/www.europesays.com\/fr\/143500\/"},"modified":"2025-06-01T07:21:08","modified_gmt":"2025-06-01T07:21:08","slug":"lille-deux-joueurs-du-losc-nommes-parmi-les-100-meilleurs-jeunes-en-europe","status":"publish","type":"post","link":"https:\/\/www.europesays.com\/fr\/143500\/","title":{"rendered":"Lille. Deux joueurs du LOSC nomm\u00e9s parmi les 100 meilleurs jeunes en Europe"},"content":{"rendered":"<p>            Par<br \/>\n        <strong><br \/>\n            <a href=\"https:\/\/actu.fr\/auteur\/nicolas-demollien\" title=\"Consulter tous les articles de Nicolas Demollien\" target=\"_blank\" rel=\"noopener\">Nicolas Demollien<\/a><br \/>\n        <\/strong><\/p>\n<p>        Publi\u00e9 le<\/p>\n<p>            1 juin 2025 \u00e0 8h50        <\/p>\n<p>Le <a href=\"https:\/\/actu.fr\/tag\/losc-football\" target=\"_blank\" rel=\"noopener\">LOSC<\/a> est un savant m\u00e9lange d\u2019exp\u00e9rience \u00e0 l\u2019image du taulier Benjamin Andr\u00e9, mais aussi de <b>petites p\u00e9pites<\/b> qui ont brill\u00e9 tout au long de la derni\u00e8re saison. Pour le <b>titre de Golden Boy 2025<\/b>, soit le <b>meilleur joueur de moins de 21 ans en Europe<\/b>, ce sont <b>deux joueurs du club<\/b> de <a href=\"https:\/\/actu.fr\/hauts-de-france\/lille_59350\" target=\"_blank\" rel=\"noopener\">Lille<\/a> (Nord) qui sont <b>parmi les 100 nomm\u00e9s<\/b>.<\/p>\n<p>Golden Boy 2025 : deux joueurs du LOSC parmi les nomm\u00e9s<\/p>\n<p class=\" wall-content\">Ces deux joueurs, ce sont <b>Ayyoub Bouaddi et Matias Fernandez-Pardo<\/b>. Le premier a marqu\u00e9 les esprits lors de la premi\u00e8re partie de saison avec notamment un match XXL en Ligue des Champions lors de la victoire sur le Real Madrid.<\/p>\n<p class=\" wall-content\">Le second a mis davantage de temps \u00e0 monter en puissance. Mais il a \u00e9t\u00e9 l\u2019auteur d\u2019une excellente fin de saison avec beaucoup d\u2019envie et des buts importants.<\/p>\n<p class=\" wall-content\">Ils auront toutefois une sacr\u00e9e concurrence. Si Lamine Yamal est parmi les nomm\u00e9s mais non-\u00e9ligible, on trouve des joueurs comme Pau Cubarsi (Barcelone), D\u00e9sir\u00e9 Dou\u00e9 (PSG), Arda G\u00fcler (Real Madrid) ou encore Myles Lewis-Skelly et Ethan Nwaneri ((Arsenal). On notera \u00e9galement la pr\u00e9sence dans la liste du joueur de Manchester United <b>Leny Yoro<\/b>, form\u00e9 \u00e0 Lille et <a href=\"https:\/\/actu.fr\/hauts-de-france\/lille_59350\/golden-boy-2024-un-joueur-du-losc-nomine-parmi-les-100-meilleurs-jeunes-footballeurs-en-europe_61008008.html\" target=\"_blank\" rel=\"noopener\">d\u00e9j\u00e0 nomm\u00e9 en 2024<\/a>.<\/p>\n<p class=\" wall-content\">Suivez toute l\u2019actualit\u00e9 de vos villes et m\u00e9dias favoris en vous inscrivant \u00e0 <a href=\"https:\/\/moncompte.actu.fr\" title=\"D\u00e9couvez Mon Actu\" rel=\"nofollow noopener\" data-trk=\"{&quot;cta&quot;:{&quot;action&quot;:&quot;https:\\\/\\\/moncompte.actu.fr&quot;,&quot;category&quot;:&quot;mon compte&quot;,&quot;from&quot;:&quot;article footer&quot;,&quot;name&quot;:&quot;Mon actu&quot;,&quot;type&quot;:&quot;cta&quot;}}\" target=\"_blank\">Mon Actu<\/a>.<\/p>\n","protected":false},"excerpt":{"rendered":"Par Nicolas Demollien Publi\u00e9 le 1 juin 2025 \u00e0 8h50 Le LOSC est un savant m\u00e9lange d\u2019exp\u00e9rience \u00e0&hellip;\n","protected":false},"author":2,"featured_media":143501,"comment_status":"","ping_status":"","sticky":false,"template":"","format":"standard","meta":{"footnotes":""},"categories":[2815],"tags":[1111,11,1777,674,1011,27,811,1307,4158,12,25,104],"class_list":{"0":"post-143500","1":"post","2":"type-post","3":"status-publish","4":"format-standard","5":"has-post-thumbnail","7":"category-lille","8":"tag-actu","9":"tag-actualites","10":"tag-eu","11":"tag-europe","12":"tag-fr","13":"tag-france","14":"tag-hauts-de-france","15":"tag-lille","16":"tag-losc-football","17":"tag-news","18":"tag-republique-francaise","19":"tag-societe"},"share_on_mastodon":{"url":"https:\/\/pubeurope.com\/@fr\/114606904674554280","error":""},"_links":{"self":[{"href":"https:\/\/www.europesays.com\/fr\/wp-json\/wp\/v2\/posts\/143500","targetHints":{"allow":["GET"]}}],"collection":[{"href":"https:\/\/www.europesays.com\/fr\/wp-json\/wp\/v2\/posts"}],"about":[{"href":"https:\/\/www.europesays.com\/fr\/wp-json\/wp\/v2\/types\/post"}],"author":[{"embeddable":true,"href":"https:\/\/www.europesays.com\/fr\/wp-json\/wp\/v2\/users\/2"}],"replies":[{"embeddable":true,"href":"https:\/\/www.europesays.com\/fr\/wp-json\/wp\/v2\/comments?post=143500"}],"version-history":[{"count":0,"href":"https:\/\/www.europesays.com\/fr\/wp-json\/wp\/v2\/posts\/143500\/revisions"}],"wp:featuredmedia":[{"embeddable":true,"href":"https:\/\/www.europesays.com\/fr\/wp-json\/wp\/v2\/media\/143501"}],"wp:attachment":[{"href":"https:\/\/www.europesays.com\/fr\/wp-json\/wp\/v2\/media?parent=143500"}],"wp:term":[{"taxonomy":"category","embeddable":true,"href":"https:\/\/www.europesays.com\/fr\/wp-json\/wp\/v2\/categories?post=143500"},{"taxonomy":"post_tag","embeddable":true,"href":"https:\/\/www.europesays.com\/fr\/wp-json\/wp\/v2\/tags?post=143500"}],"curies":[{"name":"wp","href":"https:\/\/api.w.org\/{rel}","templated":true}]}}