{"id":143502,"date":"2025-06-01T07:22:09","date_gmt":"2025-06-01T07:22:09","guid":{"rendered":"https:\/\/www.europesays.com\/fr\/143502\/"},"modified":"2025-06-01T07:22:09","modified_gmt":"2025-06-01T07:22:09","slug":"des-balades-a-moto-pedagogiques-pour-les-elus","status":"publish","type":"post","link":"https:\/\/www.europesays.com\/fr\/143502\/","title":{"rendered":"Des balades \u00e0 moto p\u00e9dagogiques pour les \u00e9lus"},"content":{"rendered":"\n<p>Des bordures dangereuses, des parkings en pente, peu pratiques quand les motos n\u2019ont pas de marche arri\u00e8re, des ronds-points accidentog\u00e8nes&#8230; Comme chaque ann\u00e9e depuis 2010, la F\u00e9d\u00e9ration fran\u00e7aise des motards en col\u00e8re (FFMC)\u00a013 invite jusqu\u2019au 30\u00a0juin, \u00e9lus et techniciens des collectivit\u00e9s locales, sp\u00e9cialis\u00e9s dans l\u2019am\u00e9nagement des infrastructures routi\u00e8res, \u00e0 enfourcher une moto pour leur donner \u00e0 voir les difficult\u00e9s de se d\u00e9placer en ville.<\/p>\n<p> \u00ab\u00a0On avance doucement\u00a0\u00bb\n              <\/p>\n<p>\u00ab\u00a0Un circuit d\u2019une heure et demie, pour constater ce qui va&#8230; Et ce qui ne va pas, comme l\u2019\u00e9tat des chauss\u00e9es avec les nids-de-poule, les dos d\u2019\u00e2nes dangereux&#8230;\u00a0\u00bb, explique \u00c9ric Gr\u00e9gori, coordinateur de la FFMC 13. Fort de 200\u00a0adh\u00e9rents, la f\u00e9d\u00e9ration propose son expertise. Une fois \u00e9tabli, ce qui n\u2019est pas chose ais\u00e9e, assure-t-il, le contact permet d\u2019avancer \u00ab\u00a0doucement\u00a0\u00bb. Et de citer deux exemples. \u00ab\u00a0Avec le maire d\u2019Aubagne, on a r\u00e9ussi \u00e0 r\u00e9am\u00e9nager deux petits parkings o\u00f9 on devait emprunter un passage pi\u00e9ton ou faire face \u00e0 des voitures pour y acc\u00e9der\u00a0\u00bb, raconte-t-il, \u00ab\u00a0\u00e0 Marseille, on a fait supprimer 3\u00a0bandes glissantes \u00e0 la sortie du Prado Car\u00e9nage, vers le Pharo\u00a0\u00bb.<\/p>\n<p>Reste le souci du stationnement. \u00ab\u00a0Nous, contrairement au v\u00e9lo, on ne peut pas rentrer la moto sur le balcon\u00a0\u00bb, ironise \u00c9ric Gr\u00e9gori. R\u00e9sultat\u00a0: il ne va plus en ville. Et de d\u00e9plorer au passage le r\u00e9am\u00e9nagement du cours Lieutaud, o\u00f9 viennent s\u2019\u00e9quiper les fans de deux roues. La mutuelle des motards, les \u00e9quipementiers, les grandes marques, \u00ab\u00a0tout le monde d\u00e9m\u00e9nage \u00e0 la Valentine\u00a0\u00bb, faute de place pour se garer, assure-t-il.<\/p>\n","protected":false},"excerpt":{"rendered":"Des bordures dangereuses, des parkings en pente, peu pratiques quand les motos n\u2019ont pas de marche arri\u00e8re, des&hellip;\n","protected":false},"author":2,"featured_media":143503,"comment_status":"","ping_status":"","sticky":false,"template":"","format":"standard","meta":{"footnotes":""},"categories":[2814],"tags":[1111,11,1777,674,1011,27,884,3814,12,882,25],"class_list":{"0":"post-143502","1":"post","2":"type-post","3":"status-publish","4":"format-standard","5":"has-post-thumbnail","7":"category-marseille","8":"tag-actu","9":"tag-actualites","10":"tag-eu","11":"tag-europe","12":"tag-fr","13":"tag-france","14":"tag-marseille","15":"tag-motards-en-colere","16":"tag-news","17":"tag-provence-alpes-cote-dazur","18":"tag-republique-francaise"},"share_on_mastodon":{"url":"https:\/\/pubeurope.com\/@fr\/114606908651031162","error":""},"_links":{"self":[{"href":"https:\/\/www.europesays.com\/fr\/wp-json\/wp\/v2\/posts\/143502","targetHints":{"allow":["GET"]}}],"collection":[{"href":"https:\/\/www.europesays.com\/fr\/wp-json\/wp\/v2\/posts"}],"about":[{"href":"https:\/\/www.europesays.com\/fr\/wp-json\/wp\/v2\/types\/post"}],"author":[{"embeddable":true,"href":"https:\/\/www.europesays.com\/fr\/wp-json\/wp\/v2\/users\/2"}],"replies":[{"embeddable":true,"href":"https:\/\/www.europesays.com\/fr\/wp-json\/wp\/v2\/comments?post=143502"}],"version-history":[{"count":0,"href":"https:\/\/www.europesays.com\/fr\/wp-json\/wp\/v2\/posts\/143502\/revisions"}],"wp:featuredmedia":[{"embeddable":true,"href":"https:\/\/www.europesays.com\/fr\/wp-json\/wp\/v2\/media\/143503"}],"wp:attachment":[{"href":"https:\/\/www.europesays.com\/fr\/wp-json\/wp\/v2\/media?parent=143502"}],"wp:term":[{"taxonomy":"category","embeddable":true,"href":"https:\/\/www.europesays.com\/fr\/wp-json\/wp\/v2\/categories?post=143502"},{"taxonomy":"post_tag","embeddable":true,"href":"https:\/\/www.europesays.com\/fr\/wp-json\/wp\/v2\/tags?post=143502"}],"curies":[{"name":"wp","href":"https:\/\/api.w.org\/{rel}","templated":true}]}}