{"id":143504,"date":"2025-06-01T07:23:15","date_gmt":"2025-06-01T07:23:15","guid":{"rendered":"https:\/\/www.europesays.com\/fr\/143504\/"},"modified":"2025-06-01T07:23:15","modified_gmt":"2025-06-01T07:23:15","slug":"risingsud-300-personnalites-reunies-sue-le-depassement-de-soi-a-marseille","status":"publish","type":"post","link":"https:\/\/www.europesays.com\/fr\/143504\/","title":{"rendered":"RisingSud : 300 personnalit\u00e9s r\u00e9unies sue le d\u00e9passement de soi \u00e0 Marseille"},"content":{"rendered":"<p><img loading=\"lazy\" decoding=\"async\" alt=\"\u00a9 C.D. - Les intervenants de cette soir\u00e9e.\" data-zoom-src=\"https:\/\/www.europesays.com\/fr\/wp-content\/uploads\/2025\/06\/initial-risingsudintervenants.jpg\" data-zoomable=\"\" height=\"702\" src=\"https:\/\/www.europesays.com\/fr\/wp-content\/uploads\/2025\/06\/initial-risingsudintervenants.jpg\" width=\"1248\"\/>  <\/p>\n<p class=\"article-desc\">\u00a9 C.D. &#8211; Les intervenants de cette soir\u00e9e. <\/p>\n<p>Chaque ann\u00e9e, <strong>RisingSud<\/strong> organise un \u00e9v\u00e9nement de printemps, en marge de son assembl\u00e9e g\u00e9n\u00e9rale, \u00ab nous faisons un pas de c\u00f4t\u00e9 pour \u00e9couter des personnalit\u00e9s inspirantes. Nous allons les chercher au cas par cas pour le message qu\u2019elles peuvent apporter aux belles entreprises de ce territoire \u00bb, r\u00e9sume <a href=\"https:\/\/www.linkedin.com\/in\/audrey-brun-rabuel-a1439b85\/?originalSubdomain=fr\" rel=\"noopener\" target=\"_blank\">Audrey Brun Rabuel<\/a>, directrice g\u00e9n\u00e9rale de l&rsquo;agence d&rsquo;attractivit\u00e9 et de d\u00e9veloppement \u00e9conomique de la r\u00e9gion Paca. <\/p>\n<p>Ce 22 mai, \u00e0 <strong>Marseille<\/strong>, l\u2019agence a choisi de d\u00e9battre, devant 300 <strong>dirigeants et personnalit\u00e9s \u00e9conomiques et politiques<\/strong>, autour du th\u00e8me Sky is the limit. \u00ab Ce qui me g\u00e8ne dans ce th\u00e8me c\u2019est qu\u2019il y ait une limite ! plaisante <a href=\"https:\/\/www.linkedin.com\/in\/bernard-kleynhoff-6a0a555b\/?originalSubdomain=fr\" rel=\"noopener\" target=\"_blank\">Bernard Kleynhoff<\/a>, pr\u00e9sident de RisingSud, je vous propose de ne mettre aucune limite dans nos relations, nos actions \u00bb. Place ensuite aux intervenants de renom qui ont fait de l\u2019ambition leur moteur. <\/p>\n<p> <strong>Quand Airbus, Interstellar Lab et Robert Pir\u00e8s parlent d\u2019innovation et d\u2019adaptation <\/strong> <\/p>\n<p><a href=\"https:\/\/www.linkedin.com\/in\/matthieu-louvot-91566138\/?originalSubdomain=fr\" rel=\"noopener\" target=\"_blank\">Matthieu Louvot<\/a>, vice-pr\u00e9sident ex\u00e9cutif strat\u00e9gie d\u2019<strong>Airbus<\/strong> a partag\u00e9 la trajectoire et les grands <strong>projets d\u2019innovation <\/strong>du groupe. Avec quelques chiffres cl\u00e9s : \u00ab \u00e7a prend du temps de d\u00e9velopper un avion, environ 10 ans. Le prochain, sans doute le successeur de l\u2019A320, sera un investissement d\u2019au moins 25 milliards d\u2019euros. C\u2019est beaucoup de temps, beaucoup d\u2019argent et il ne faut pas se tromper. Parall\u00e8lement, on sait qu\u2019on va devoir contribuer \u00e0 r\u00e9pondre aux d\u00e9fis du changement climatique. Il devra donc voler \u00e0 100 % avec du carburant durable \u00bb.<\/p>\n<p>A ses c\u00f4t\u00e9s, <a href=\"https:\/\/www.linkedin.com\/in\/barbara-belvisi-79242118\/?originalSubdomain=fr\" rel=\"noopener\" target=\"_blank\">Barbara Belvisi<\/a>, fondatrice d&rsquo;<a href=\"https:\/\/www.linkedin.com\/company\/interstellar-lab\/\" rel=\"noopener\" target=\"_blank\">Interstellar<\/a><a href=\"https:\/\/www.linkedin.com\/company\/interstellar-lab\/\" rel=\"noopener\" target=\"_blank\"> Lab<\/a> est venue pr\u00e9senter sa structure qui ambitionne de faire pousser des <strong>plantes et des l\u00e9gumes<\/strong> dans l\u2019espace et de rendre l\u2019espace habitable. \u00ab En 2017, alors que je travaillais sur un concept de serre r\u00e9g\u00e9n\u00e9rative sur terre et voyant que la conqu\u00eate spatiale faisait rage notamment avec le d\u00e9veloppement de SpaceX, je me suis dit qu\u2019il fallait \u00e9galement emmener ces serres dans l\u2019espace \u00bb. <\/p>\n<p>Enfin, <strong>Robert Pir\u00e8s<\/strong>, ex footballeur international et champion du monde 98, a d\u00e9voil\u00e9 les coulisses de ces exploits sportifs. Avec la n\u00e9cessit\u00e9 de \u00ab s\u2019adapter vite et bien \u00e0 votre adversaire dont l\u2019objectif est de vous mettre en difficult\u00e9 \u00bb.<\/p>\n<p> <img decoding=\"async\" alt=\"\" class=\"img-size-limited\" data-zoomable=\"\" height=\"1500\" loading=\"lazy\" src=\"https:\/\/www.europesays.com\/fr\/wp-content\/uploads\/2025\/06\/muselierarisingsud.jpg\" width=\"2000\"\/> \u00a9 C.D. &#8211; Renaud Muselier \u00e9tait pr\u00e9sent lors de cet \u00e9v\u00e9nement.  <strong>Cr\u00e9er, entreprendre, gagner : ces personnalit\u00e9s qui ont os\u00e9 l\u2019impossible <\/strong> <\/p>\n<p>A la question faut-il un brin de folie pour r\u00e9ussir dans vos m\u00e9tiers ? Matthieu Louvot r\u00e9pond humblement \u00ab je ne sais pas s\u2019il faut \u00eatre fou dans l&rsquo;a\u00e9ronautique et le spatial mais il faut \u00eatre tr\u00e8s tr\u00e8s patient \u00bb. <\/p>\n<p>Barbara Belvisi est plus convaincue, \u00ab il faut un brin de folie pour oser se lancer. Et un r\u00eave. La cr\u00e9ation d\u2019entreprise commence toujours par un fondateur qui a un r\u00eave et qui passe \u00e0 l\u2019action. Pour transformer son imaginaire en r\u00e9alit\u00e9, il lui faut un brin de folie pour se dire je vais me lancer, je vais y aller \u00bb. Il faut \u00e9galement \u00ab beaucoup de pers\u00e9v\u00e9rance, d\u2019optimisme et de r\u00e9silience. C&rsquo;est-\u00e0-dire de savoir se remettre de ses \u00e9checs et de continuer \u00bb.<\/p>\n<p>Un des atouts de Robert Pir\u00e8s qui lui a permis de <strong>r\u00e9ussir sa carri\u00e8re <\/strong>est le fait qu\u2019il n\u2019ait pas peur. \u00ab Les d\u00e9fis ou les challenges ne me font pas peur, j\u2019ai \u00e9t\u00e9 confront\u00e9 \u00e0 \u00e7a pendant 19 ans \u00bb. Il raconte notamment <strong>l\u2019histoire des invincibles d\u2019Arsenal<\/strong> (saison 2003 &#8211; 2004). A l\u2019\u00e9poque, son entra\u00eeneur Ars\u00e8ne Wenger annonce haut et fort que le club allait gagner le <strong>championnat anglais<\/strong>, sans aucune d\u00e9faite. \u00ab Quand on a un fou qui a un message de folie, on a envie de relever le d\u00e9fi. \u00e7a va \u00eatre dur, compliqu\u00e9 mais quoi qu\u2019il arrive on a envie de l\u2019atteindre et on met tout en ordre pour le faire et le r\u00e9aliser sur le terrain \u00bb. <\/p>\n<p>Renaud Muselier, pr\u00e9sident de la <strong>R\u00e9gion Provence Alpes C\u00f4te d\u2019Azur<\/strong> a conclu la soir\u00e9e en citant son grain de folie : lorsqu\u2019il a d\u00e9cid\u00e9 de<strong> candidater pour les Jeux olympiques d\u2019hiver de 2030<\/strong>. \u00ab Je disais notamment que nous \u00e9tions pr\u00eats mais nous n\u2019avions rien. Et nous serons \u00e9videmment pr\u00eats pour ces jeux. Il faut croire en son destin. \u00bb<\/p>\n","protected":false},"excerpt":{"rendered":"\u00a9 C.D. &#8211; Les intervenants de cette soir\u00e9e. Chaque ann\u00e9e, RisingSud organise un \u00e9v\u00e9nement de printemps, en marge&hellip;\n","protected":false},"author":2,"featured_media":143505,"comment_status":"","ping_status":"","sticky":false,"template":"","format":"standard","meta":{"footnotes":""},"categories":[2814],"tags":[1111,11,2855,313,1777,674,1011,27,5701,884,12,882,6697,25,27158],"class_list":{"0":"post-143504","1":"post","2":"type-post","3":"status-publish","4":"format-standard","5":"has-post-thumbnail","7":"category-marseille","8":"tag-actu","9":"tag-actualites","10":"tag-entrepreneuriat","11":"tag-entreprises","12":"tag-eu","13":"tag-europe","14":"tag-fr","15":"tag-france","16":"tag-innovation","17":"tag-marseille","18":"tag-news","19":"tag-provence-alpes-cote-dazur","20":"tag-renaud-muselier","21":"tag-republique-francaise","22":"tag-risingsud"},"share_on_mastodon":{"url":"https:\/\/pubeurope.com\/@fr\/114606912736706462","error":""},"_links":{"self":[{"href":"https:\/\/www.europesays.com\/fr\/wp-json\/wp\/v2\/posts\/143504","targetHints":{"allow":["GET"]}}],"collection":[{"href":"https:\/\/www.europesays.com\/fr\/wp-json\/wp\/v2\/posts"}],"about":[{"href":"https:\/\/www.europesays.com\/fr\/wp-json\/wp\/v2\/types\/post"}],"author":[{"embeddable":true,"href":"https:\/\/www.europesays.com\/fr\/wp-json\/wp\/v2\/users\/2"}],"replies":[{"embeddable":true,"href":"https:\/\/www.europesays.com\/fr\/wp-json\/wp\/v2\/comments?post=143504"}],"version-history":[{"count":0,"href":"https:\/\/www.europesays.com\/fr\/wp-json\/wp\/v2\/posts\/143504\/revisions"}],"wp:featuredmedia":[{"embeddable":true,"href":"https:\/\/www.europesays.com\/fr\/wp-json\/wp\/v2\/media\/143505"}],"wp:attachment":[{"href":"https:\/\/www.europesays.com\/fr\/wp-json\/wp\/v2\/media?parent=143504"}],"wp:term":[{"taxonomy":"category","embeddable":true,"href":"https:\/\/www.europesays.com\/fr\/wp-json\/wp\/v2\/categories?post=143504"},{"taxonomy":"post_tag","embeddable":true,"href":"https:\/\/www.europesays.com\/fr\/wp-json\/wp\/v2\/tags?post=143504"}],"curies":[{"name":"wp","href":"https:\/\/api.w.org\/{rel}","templated":true}]}}