{"id":143506,"date":"2025-06-01T07:24:15","date_gmt":"2025-06-01T07:24:15","guid":{"rendered":"https:\/\/www.europesays.com\/fr\/143506\/"},"modified":"2025-06-01T07:24:15","modified_gmt":"2025-06-01T07:24:15","slug":"encore-des-agressions-linquietude-monte-a-lyon","status":"publish","type":"post","link":"https:\/\/www.europesays.com\/fr\/143506\/","title":{"rendered":"encore des agressions, l\u2019inqui\u00e9tude monte \u00e0 Lyon"},"content":{"rendered":"<p>La saison est propice aux arrachages de colliers. Jeudi soir, c\u2019est un adolescent de 17 ans qui en a \u00e9t\u00e9 victime. Son p\u00e8re Jean-Fran\u00e7ois a contact\u00e9 Le Progr\u00e8s pour raconter ce qu\u2019il s\u2019est produit.<\/p>\n<p>Ce contenu est bloqu\u00e9 car vous n&rsquo;avez pas accept\u00e9 les cookies et autres traceurs.<\/p>\n<p>En cliquant sur \u00ab J\u2019accepte \u00bb, les cookies et autres traceurs seront d\u00e9pos\u00e9s et vous pourrez visualiser les contenus  (<a href=\"\" class=\"consentModule_policy\" target=\"_blank\" title=\"Consulter la politique de protection des donn\u00e9es du fournisseur\">plus d&rsquo;informations<\/a>).<\/p>\n<p>En cliquant sur \u00ab J\u2019accepte tous les cookies \u00bb, vous autorisez des d\u00e9p\u00f4ts de cookies et autres traceurs pour le stockage de vos donn\u00e9es sur nos sites et applications \u00e0 des fins de personnalisation et de ciblage publicitaire.<\/p>\n<p class=\"consentModule_secondaryText\">Vous gardez la possibilit\u00e9 de retirer votre consentement \u00e0 tout moment en consultant notre <a href=\"https:\/\/www.leprogres.fr\/protection-des-donnees\" target=\"_blank\" title=\"Consulter notre politique de protection des donn\u00e9es\" rel=\"nofollow noopener\">politique de protection des donn\u00e9es<\/a>. <br \/>&#13;<br \/>\n            <a href=\"https:\/\/www.leprogres.fr\/faits-divers-justice\/2025\/06\/01\/javascript:Didomi.notice.show()\" class=\"consentModule_cmp\" rel=\"nofollow noopener\" target=\"_blank\">G\u00e9rer mes choix<\/a>&#13;\n        <\/p>\n<p>&#13;<br \/>\n                        J&rsquo;accepte&#13;<br \/>\n            J&rsquo;accepte tous les cookies&#13;\n        <\/p>\n<p>Son fils rentrait du parc de la T\u00eate-d\u2019Or et a emprunt\u00e9 la ligne B du m\u00e9tro\u00a0: \u00ab\u00a0Deux jeunes d\u2019une vingtaine d\u2019ann\u00e9es se sont assis \u00e0 c\u00f4t\u00e9 de lui dans la rame. Arriv\u00e9 \u00e0 Jean-Jaur\u00e8s, il est sorti, malheureusement suivi par les deux acolytes. Il a acc\u00e9l\u00e9r\u00e9 le pas mais ils l\u2019ont bloqu\u00e9 \u00e0 la sortie des escaliers pour, soi-disant, lui demander leur chemin.\u00a0\u00bb<\/p>\n<p>Ils l\u2019ont alors bouscul\u00e9\u00a0et bascul\u00e9 en avant pour lui arracher sa cha\u00eene en or qui \u00e9tait pourtant, selon son p\u00e8re, en grande partie masqu\u00e9e.<\/p>\n<p>  \u00ab\u00a0La police nous a donn\u00e9 peu d\u2019espoir\u00a0\u00bb<\/p>\n<p>Bien que l\u2019heure \u00e9tait tardive, p\u00e8re et fils se sont rendus \u00e0 l\u2019h\u00f4tel de police pour d\u00e9poser plainte et donner une description pr\u00e9cise des voleurs. \u00ab\u00a0La police nous a donn\u00e9 peu d\u2019espoir. On n\u2019a pas compris car il y a des cam\u00e9ras dans le m\u00e9tro.\u00a0\u00bb<\/p>\n<p>Deux semaines plus t\u00f4t, Jean-Fran\u00e7ois explique qu\u2019il a \u00e9t\u00e9 t\u00e9moin d\u2019une agression similaire au nord de la place Jean Mac\u00e9 (Lyon 7e )\u00a0: \u00ab\u00a0Le voleur s\u2019en est pris \u00e0 une jeune fille d\u2019une vingtaine d\u2019ann\u00e9es.\u00a0Mais il a \u00e9t\u00e9 bloqu\u00e9 par une voiture et un scooter alors qu\u2019il s\u2019enfuyait avec le collier.\u00a0\u00bb<\/p>\n<p>Il nous avoue s\u2019inqui\u00e9ter pour la s\u00e9curit\u00e9 dans le quartier Jean-Jaur\u00e8s\/Jean-Mac\u00e9\u00a0: \u00ab\u00a0Un coll\u00e8gue de travail a subi une tentative de vol de son mat\u00e9riel professionnel vers 21\u00a0h\u00a030, \u00e0 la sortie Jean-Jaur\u00e8s. Depuis, notre entreprise nous a donn\u00e9 des consignes de prudence.\u00a0\u00bb<\/p>\n<p>  Deux voleurs arr\u00eat\u00e9s<\/p>\n<p>D\u2019autres vols \u00e0 l\u2019arrach\u00e9 se sont produits ces derniers jours dans l\u2019agglom\u00e9ration. <a href=\"https:\/\/www.leprogres.fr\/faits-divers-justice\/2025\/05\/27\/il-vole-un-collier-et-s-en-debarrasse-parce-qu-il-n-est-pas-en-or\" target=\"_blank\" rel=\"nofollow noopener\">Samedi 24\u00a0mai,<\/a> vers 19\u00a0h\u00a030, une femme de 38 ans qui sortait d\u2019un magasin de la rue \u00c9douard-Herriot (Lyon 2e) a \u00e9t\u00e9 victime d\u2019un individu qui l\u2019a saisie par le cou et lui a d\u00e9rob\u00e9 son collier.<\/p>\n<p>Il est parti en courant, et, quelques m\u00e8tres plus loin, il s\u2019est d\u00e9barrass\u00e9 du bijou en constatant qu\u2019il n\u2019\u00e9tait pas en or. Un jeune Tunisien de 18 ans, d\u00e9favorablement connu des services de police, a \u00e9t\u00e9 arr\u00eat\u00e9.<\/p>\n<p><a href=\"https:\/\/www.leprogres.fr\/faits-divers-justice\/2025\/05\/26\/il-percute-une-femme-avec-sa-trottinette-et-lui-arrache-son-collier\" target=\"_blank\" rel=\"nofollow noopener\">Toujours le 24\u00a0mai \u00e0 Villeurbanne<\/a>, un voleur \u00e0 trottinette, avait bouscul\u00e9 volontairement une femme qui marchait rue du Docteur-Ollier pour lui arracher son collier. Un r\u00e9serviste de la police est parvenu \u00e0 le bloquer et \u00e0 le maintenir sur place.<\/p>\n<p>Le suspect, un Alg\u00e9rien \u00e2g\u00e9 de 25 ans et d\u00e9favorablement connu des services de police, a \u00e9t\u00e9 plac\u00e9 en garde \u00e0 vue.<\/p>\n","protected":false},"excerpt":{"rendered":"La saison est propice aux arrachages de colliers. Jeudi soir, c\u2019est un adolescent de 17 ans qui en&hellip;\n","protected":false},"author":2,"featured_media":143507,"comment_status":"","ping_status":"","sticky":false,"template":"","format":"standard","meta":{"footnotes":""},"categories":[1889],"tags":[1111,11,2430,271,272,2757,1777,674,274,1011,27,2428,2756,12,25,2429],"class_list":{"0":"post-143506","1":"post","2":"type-post","3":"status-publish","4":"format-standard","5":"has-post-thumbnail","7":"category-lyon","8":"tag-actu","9":"tag-actualites","10":"tag-auvergne-rhone-alpes","11":"tag-crime","12":"tag-delit-et-contravention","13":"tag-edition-lyon-villeurbanne","14":"tag-eu","15":"tag-europe","16":"tag-faits-divers-justice","17":"tag-fr","18":"tag-france","19":"tag-lyon","20":"tag-lyon-bassin","21":"tag-news","22":"tag-republique-francaise","23":"tag-rhone"},"share_on_mastodon":{"url":"https:\/\/pubeurope.com\/@fr\/114606916499153785","error":""},"_links":{"self":[{"href":"https:\/\/www.europesays.com\/fr\/wp-json\/wp\/v2\/posts\/143506","targetHints":{"allow":["GET"]}}],"collection":[{"href":"https:\/\/www.europesays.com\/fr\/wp-json\/wp\/v2\/posts"}],"about":[{"href":"https:\/\/www.europesays.com\/fr\/wp-json\/wp\/v2\/types\/post"}],"author":[{"embeddable":true,"href":"https:\/\/www.europesays.com\/fr\/wp-json\/wp\/v2\/users\/2"}],"replies":[{"embeddable":true,"href":"https:\/\/www.europesays.com\/fr\/wp-json\/wp\/v2\/comments?post=143506"}],"version-history":[{"count":0,"href":"https:\/\/www.europesays.com\/fr\/wp-json\/wp\/v2\/posts\/143506\/revisions"}],"wp:featuredmedia":[{"embeddable":true,"href":"https:\/\/www.europesays.com\/fr\/wp-json\/wp\/v2\/media\/143507"}],"wp:attachment":[{"href":"https:\/\/www.europesays.com\/fr\/wp-json\/wp\/v2\/media?parent=143506"}],"wp:term":[{"taxonomy":"category","embeddable":true,"href":"https:\/\/www.europesays.com\/fr\/wp-json\/wp\/v2\/categories?post=143506"},{"taxonomy":"post_tag","embeddable":true,"href":"https:\/\/www.europesays.com\/fr\/wp-json\/wp\/v2\/tags?post=143506"}],"curies":[{"name":"wp","href":"https:\/\/api.w.org\/{rel}","templated":true}]}}