{"id":143509,"date":"2025-06-01T07:27:09","date_gmt":"2025-06-01T07:27:09","guid":{"rendered":"https:\/\/www.europesays.com\/fr\/143509\/"},"modified":"2025-06-01T07:27:09","modified_gmt":"2025-06-01T07:27:09","slug":"en-ile-de-france-la-sncf-a-besoin-dun-milliard-deuros-pour-son-reseau","status":"publish","type":"post","link":"https:\/\/www.europesays.com\/fr\/143509\/","title":{"rendered":"en \u00cele-de-France, la SNCF a besoin d\u2019un milliard d\u2019euros pour son r\u00e9seau"},"content":{"rendered":"<p>Alors que se tient ce week-end une \u00abvaste op\u00e9ration de r\u00e9g\u00e9n\u00e9ration\u00bb pour remplacer 11 aiguillages \u00e0 la Gare de l\u2019Est, la directrice g\u00e9n\u00e9rale de SNCF R\u00e9seau \u00cele-de-France pointe les gros besoins de financement, n\u00e9cessaire \u00e0 la maintenance des infrastructures dans la r\u00e9gion.<\/p>\n<p class=\"fig-paragraph\">Les Fran\u00e7ais n\u2019ont jamais \u00e9t\u00e9 aussi nombreux \u00e0\u00a0<a href=\"http:\/\/www.lefigaro.fr\/conjoncture\/les-trains-ouigo-sont-ils-vraiment-plus-sales-et-victimes-de-davantage-de-dysfonctionnements-que-les-tgv-classiques-20250110\" data-fig-type=\"NewsFlash\" data-gtm-custom-categorie=\"navigation\" data-gtm-custom-action=\"crossclick\" data-gtm-custom-label=\"Contextuel\" data-gtm-event=\"customEventSPE\" data-fig-domain=\"LEFIGARO\" target=\"_blank\" rel=\"noopener\">se d\u00e9placer en train<\/a>. Chaque jour, 5 millions de personnes empruntent ce moyen de transport pour r\u00e9aliser leurs d\u00e9placements, dont plus de la moiti\u00e9 rien qu\u2019en \u00cele-de-France. Mais si la SNCF se satisfait de ce \u00abr\u00e9sultat\u00bb, qui \u00e9mane selon l\u2019entreprise ferroviaire d\u2019\u00abune prise de conscience de l\u2019impact \u00e9cologique des mobilit\u00e9s\u00bb, elle rappelle que rien ne serait possible sans un r\u00e9seau de qualit\u00e9. \u00abPour permettre au ferroviaire de remplir sa mission de transport durable, il y a une condition majeure\u00a0: l\u2019infrastructure ferroviaire doit \u00eatre entretenue, r\u00e9nov\u00e9e et modernis\u00e9e\u00bb, insiste SNCF R\u00e9seau. Un discours engageant dans un contexte o\u00f9 le PDG de la SNCF lui-m\u00eame, Jean-Pierre Farandou, ne cesse de r\u00e9p\u00e9ter que le r\u00e9seau est vieillissant et\u00a0<a href=\"https:\/\/www.lefigaro.fr\/societes\/on-est-a-un-moment-critique-le-pdg-de-la-sncf-appelle-a-investir-un-milliard-d-euros-de-plus-par-an-dans-le-reseau-20250522?msockid=0377b7b897256bd80b69a25b96916a64\" target=\"_blank\" data-fig-type=\"Article\" rel=\"noopener\" data-gtm-custom-categorie=\"navigation\" data-gtm-custom-action=\"crossclick\" data-gtm-custom-label=\"Contextuel\" data-gtm-event=\"customEventSPE\" data-fig-domain=\"LEFIGARO\">n\u00e9cessite d\u2019importants investissements<\/a>. Pour cela, une enveloppe de r\u00e9g\u00e9n\u00e9ration annuelle de 4,5 milliards d\u2019euros est n\u00e9cessaire.<\/p>\n<p class=\"fig-paragraph\">Rien qu\u2019en \u00cele-de-France, o\u00f9 transitent chaque jour 3,4 millions de voyageurs\u2026<\/p>\n<p class=\"fig-premium-paywall__infos\">\n        Cet article est r\u00e9serv\u00e9 aux abonn\u00e9s.        Il vous reste 84% \u00e0 d\u00e9couvrir.\n    <\/p>\n<p>                <img  data- alt=\"Le Figaro\" class=\"fig-img--complete fig-img\"\/><\/p>\n<p class=\"fig-premium-paywall__title\">Vente Flash<\/p>\n<p class=\"fig-premium-paywall__subtitle\">4,99\u20ac par mois pendant 12 mois. Sans engagement.<\/p>\n<p class=\"fig-premium-paywall__connect\">\n                D\u00e9j\u00e0 abonn\u00e9\u00a0?                <a class=\"fig-premium-paywall__connect-link\" href=\"https:\/\/connect.lefigaro.fr\/login?client=horizon_web&amp;type=main&amp;redirect_uri=https%3A%2F%2Fwww.lefigaro.fr%2Fconjoncture%2Fun-retard-sur-cinq-est-du-a-la-vieillesse-des-infrastructures-en-ile-de-france-la-sncf-a-besoin-d-un-milliard-d-euros-pour-son-reseau-20250601\" data-js-gtm=\"{&quot;customCategorie&quot;: &quot;conversion&quot;, &quot;customAction&quot;: &quot;before_Landing_Connexion_paywall_auto&quot;, &quot;customLabel&quot;: &quot;bGVmaWdhcm8uZnJfXzFmMDNiYzI1LTEyNTAtNmFlNC04NTE3LWViNDRlNWFlOTBmN19fTmV3c0ZsYXNo_\u00abUn retard sur cinq est d\u00fb \u00e0 la vieillesse des infrastructures\u00bb\u00a0: en \u00cele-de-France, la SNCF a besoin d\u2019un milliard d\u2019euros pour son r\u00e9seau_72&quot;, &quot;customIDSPE&quot;: &quot;bGVmaWdhcm8uZnJfXzFmMDNiYzI1LTEyNTAtNmFlNC04NTE3LWViNDRlNWFlOTBmN19fTmV3c0ZsYXNo&quot;, &quot;event&quot;: &quot;customEventSPE&quot;}\" target=\"_blank\" rel=\"noopener\"><br \/>\n                    Connectez-vous<br \/>\n                <\/a>\n            <\/p>\n","protected":false},"excerpt":{"rendered":"Alors que se tient ce week-end une \u00abvaste op\u00e9ration de r\u00e9g\u00e9n\u00e9ration\u00bb pour remplacer 11 aiguillages \u00e0 la Gare&hellip;\n","protected":false},"author":2,"featured_media":143510,"comment_status":"","ping_status":"","sticky":false,"template":"","format":"standard","meta":{"footnotes":""},"categories":[1592],"tags":[1111,339,11,340,343,345,350,130,344,352,349,33,341,313,1777,674,1011,27,346,662,342,24153,353,351,347,12,626,348,25,2215,354],"class_list":{"0":"post-143509","1":"post","2":"type-post","3":"status-publish","4":"format-standard","5":"has-post-thumbnail","7":"category-ile-de-france","8":"tag-actu","9":"tag-actualite-economique","10":"tag-actualites","11":"tag-bourse","12":"tag-cac-40","13":"tag-chef-dentreprise","14":"tag-concurrence","15":"tag-consommation","16":"tag-creation-dentreprise","17":"tag-crise","18":"tag-delocalisations","19":"tag-economie","20":"tag-emploi","21":"tag-entreprises","22":"tag-eu","23":"tag-europe","24":"tag-fr","25":"tag-france","26":"tag-grands-patrons","27":"tag-ile-de-france","28":"tag-impots","29":"tag-jean-pierre-farandou","30":"tag-licenciements","31":"tag-monopole","32":"tag-multinationales","33":"tag-news","34":"tag-paris","35":"tag-privatisation","36":"tag-republique-francaise","37":"tag-sncf","38":"tag-unio"},"share_on_mastodon":{"url":"https:\/\/pubeurope.com\/@fr\/114606928215237603","error":""},"_links":{"self":[{"href":"https:\/\/www.europesays.com\/fr\/wp-json\/wp\/v2\/posts\/143509","targetHints":{"allow":["GET"]}}],"collection":[{"href":"https:\/\/www.europesays.com\/fr\/wp-json\/wp\/v2\/posts"}],"about":[{"href":"https:\/\/www.europesays.com\/fr\/wp-json\/wp\/v2\/types\/post"}],"author":[{"embeddable":true,"href":"https:\/\/www.europesays.com\/fr\/wp-json\/wp\/v2\/users\/2"}],"replies":[{"embeddable":true,"href":"https:\/\/www.europesays.com\/fr\/wp-json\/wp\/v2\/comments?post=143509"}],"version-history":[{"count":0,"href":"https:\/\/www.europesays.com\/fr\/wp-json\/wp\/v2\/posts\/143509\/revisions"}],"wp:featuredmedia":[{"embeddable":true,"href":"https:\/\/www.europesays.com\/fr\/wp-json\/wp\/v2\/media\/143510"}],"wp:attachment":[{"href":"https:\/\/www.europesays.com\/fr\/wp-json\/wp\/v2\/media?parent=143509"}],"wp:term":[{"taxonomy":"category","embeddable":true,"href":"https:\/\/www.europesays.com\/fr\/wp-json\/wp\/v2\/categories?post=143509"},{"taxonomy":"post_tag","embeddable":true,"href":"https:\/\/www.europesays.com\/fr\/wp-json\/wp\/v2\/tags?post=143509"}],"curies":[{"name":"wp","href":"https:\/\/api.w.org\/{rel}","templated":true}]}}