{"id":14351,"date":"2025-04-10T06:51:25","date_gmt":"2025-04-10T06:51:25","guid":{"rendered":"https:\/\/www.europesays.com\/fr\/14351\/"},"modified":"2025-04-10T06:51:25","modified_gmt":"2025-04-10T06:51:25","slug":"mathis-ferte-biarritz-dan-biggar-les-infos-transferts-du-lundi-7-avril","status":"publish","type":"post","link":"https:\/\/www.europesays.com\/fr\/14351\/","title":{"rendered":"Mathis Fert\u00e9, Biarritz, Dan Biggar, les infos transferts du lundi 7 avril"},"content":{"rendered":"<p>\t\t\t\t\t\t\t\t\t\t\t\t\t\tTRANSFERTS RUGBY \u2013 Mathis Fert\u00e9 (Brive) proche de s\u2019engager avec un club de Top 14, \u00e7a bouge \u00e0 Biarritz, Dan Biggar (Toulon) a tranch\u00e9 pour son avenir : les infos transferts du lundi 7 avril.<br \/>\nBrive : Mathis Fert\u00e9 proche de Toulon<\/p>\n<p style=\"text-align: justify;\"><strong>Mathis Fert\u00e9<\/strong> au RCT, \u00e7a br\u00fble ! Selon le <a href=\"https:\/\/www.rugbyrama.fr\/2025\/04\/06\/transferts-pro-d2-top-14-toulon-en-pole-pour-accueillir-mathis-ferte-brive-12619944.php\" target=\"_blank\" rel=\"noopener\">Midi Olympique<\/a>, le trois-quarts polyvalent de 21 ans, n\u2019est plus tr\u00e8s loin de s\u2019engager du c\u00f4t\u00e9 de <strong>Toulon<\/strong>. Champion du monde U20, <strong>Fert\u00e9<\/strong> \u00e9volue du c\u00f4t\u00e9 de <strong>Brive<\/strong> depuis 2018 et les cat\u00e9gories jeunes. Bien que sous contrat jusqu\u2019en 2028 en Corr\u00e8ze, les jours de celui qui peut \u00e9voluer \u00e0 quasiment tous les postes des lignes arri\u00e8res, est en discussions avanc\u00e9es avec le club de la Rade.<\/p>\n<p style=\"text-align: justify;\">En coulisses, l\u2019affaire serait entendue. Malgr\u00e9 la volont\u00e9 du pr\u00e9sident briviste, <strong>Thierry<\/strong>\u00a0<strong>Blandini\u00e8res<\/strong>, de conserver son joueur, le <strong>RC Toulon<\/strong> est pr\u00eat \u00e0 signer un joli ch\u00e8que pour attirer <strong>Mathis Fert\u00e9<\/strong>. Un temps en course, le <strong>Stade Rochelais<\/strong> semble d\u00e9sormais bien en retard dans ce dossier, et tout porte \u00e0 croire que le Lotois d\u2019origine portera les couleurs rouge et noir la saison prochaine.<\/p>\n<p style=\"text-align: justify;\"><strong>L\u2019avis de Dicodusport<\/strong> <strong>: <\/strong>Nouveau joli coup en quelques jours pour le RCT. Apr\u00e8s Patrick Tuifua, Mathis Fert\u00e9 repr\u00e9sente, lui aussi, l\u2019avenir. Toutefois, on peut \u00e9mettre des doutes quant \u00e0 sa capacit\u00e9 \u00e0 performer en Top 14, lui qui est capable du meilleur comme du pire avec Brive. Il reste n\u00e9anmoins un joueur talentueux, qui doit encore m\u00fbrir.<\/p>\n<p>Biarritz Olympique : Kylian Jaminet et Cl\u00e9ment Martinez veulent partir<\/p>\n<p style=\"text-align: justify;\">Deux d\u00e9parts importants \u00e0 venir \u00e0 <strong>Biarritz<\/strong> ? Selon <a href=\"https:\/\/www.sudouest.fr\/sport\/rugby\/biarritz-olympique\/biarritz-olympique-kylian-jaminet-et-clement-martinez-veulent-partir-23933089.php?csnt=1960fc6b69e\" target=\"_blank\" rel=\"noopener\">Sud-Ouest<\/a>, <strong>Kylian Jaminet<\/strong> et <strong>Cl\u00e9ment Martinez<\/strong> souhaiteront quitter le Pays Basque. Le premier cit\u00e9 (30 ans, arri\u00e8re), arriv\u00e9 l\u2019\u00e9t\u00e9 dernier au BO, est sous contrat jusqu\u2019en juin 2026. Mais l\u2019ancien joueur de Nevers ne veut plus jouer pour <strong>Arnaud<\/strong> <strong>Dubois<\/strong>, pr\u00e9sident du directoire du <strong>Biarritz Olympique<\/strong>, qu\u2019il consid\u00e8re comme responsable des m\u00e9saventures de son fr\u00e8re <strong>Melvyn<\/strong> lors de son transfert \u00e0 Toulouse. <strong>Nice<\/strong>, club pr\u00e9sid\u00e9 par <strong>Jean-Baptiste Aldig\u00e9<\/strong>, qui l\u2019a fait venir au BO, il y a un an, pourrait le r\u00e9cup\u00e9rer.<\/p>\n<p style=\"text-align: justify;\">Concernant <strong>Cl\u00e9ment Martinez<\/strong>, le talonneur de 29 ans est, lui aussi, en fin de contrat en juin 2026. Mais la lib\u00e9ration anticip\u00e9e ne semble pas \u00eatre \u00e0 l\u2019ordre du jour. L\u2019ancien Agenais pourrait aller au bout de son contrat, avant d\u2019atterrir\u2026 \u00e0 <strong>Nice<\/strong> ! Affaires \u00e0 suivre !<\/p>\n<p style=\"text-align: justify;\"><strong>L\u2019avis de Dicodusport<\/strong> <strong>: <\/strong>Du rififi \u00e0 Biarritz. Jaminet et Martinez sont deux joueurs importants de l\u2019effectif biarrot, mais les dissensions en interne ont tendance \u00e0 prendre le pas sur le reste au BO. Une bien mauvaise habitude.<\/p>\n<p>\n<a href=\"https:\/\/dicodusport.fr\/blog\/offres\/abonnements-sans-pub\/\" target=\"_blank\" rel=\"noopener\"><img loading=\"lazy\" decoding=\"async\" class=\"alignnone size-full wp-image-501284 perfmatters-lazy\" alt=\"\" width=\"1200\" height=\"200\" src=\"https:\/\/www.europesays.com\/fr\/wp-content\/uploads\/2025\/04\/Abonnements-sans-pubs-Dicodusport.png\"\/><\/a><br \/><a href=\"https:\/\/dicodusport.fr\/blog\/offres\/abonnements-sans-pub\/\" target=\"_blank\" rel=\"noopener\"><img loading=\"lazy\" decoding=\"async\" class=\"alignnone size-full wp-image-501296 perfmatters-lazy\" alt=\"\" width=\"400\" height=\"400\" src=\"https:\/\/www.europesays.com\/fr\/wp-content\/uploads\/2025\/04\/Abonnements-sans-pubs-Dicodusport-mobile.png\"\/><\/a><\/p>\n<p>RC Toulon : Fin de carri\u00e8re pour Dan Biggar<\/p>\n<p style=\"text-align: justify;\">Fin de carri\u00e8re pour <strong>Dan Biggar<\/strong>. Ce lundi matin, l\u2019ouvreur gallois de 35 ans a annonc\u00e9 qu\u2019il mettrait un terme \u00e0 sa carri\u00e8re professionnelle \u00e0 l\u2019issue de la saison en cours. Le joueur aux 112 s\u00e9lections avec le XV du Poireau, pour 633 points inscrits, \u00e9volue du c\u00f4t\u00e9 de <strong>Toulon<\/strong> depuis 2022. Il faisait partie des joueurs qui n\u2019\u00e9taient pas conserv\u00e9s \u00e0 l\u2019issue de l\u2019exercice en cours.<\/p>\n<p style=\"text-align: justify;\"><strong>Biggar<\/strong>, c\u2019est trois Tournois des 6 Nations remport\u00e9s avec le <strong>Pays de Galles<\/strong>, dont un Grand Chelem en 2019, disputant alors les cinq rencontres. Il est \u00e9galement demi-finaliste de la Coupe du monde 2019, apr\u00e8s avoir \u00e9cart\u00e9 la France en quarts de finale. Pas \u00e9pargn\u00e9 par les blessures ces derni\u00e8res ann\u00e9es, il a eu peu de temps de jeu cette saison en Top 14 (six matchs dont deux en tant que titulaire), ainsi que trois apparitions en Champions Cup.<\/p>\n<p style=\"text-align: justify;\"><strong>L\u2019avis de Dicodusport<\/strong> <strong>: <\/strong>Une l\u00e9gende galloise dit stop. Dan Biggar aura marqu\u00e9 de son empreinte le rugby de son pays. Buteur fiable, son corps l\u2019a malheureusement l\u00e2ch\u00e9 \u00e0 de trop nombreuses reprises ces derni\u00e8res saisons ! Souhaitons-lui une fin en apoth\u00e9ose \u00e0 Toulon !<\/p>\n","protected":false},"excerpt":{"rendered":"TRANSFERTS RUGBY \u2013 Mathis Fert\u00e9 (Brive) proche de s\u2019engager avec un club de Top 14, \u00e7a bouge \u00e0&hellip;\n","protected":false},"author":2,"featured_media":14352,"comment_status":"","ping_status":"","sticky":false,"template":"","format":"standard","meta":{"footnotes":""},"categories":[1416],"tags":[1111,2113,1109,1011,27,2114,479,2115,1468,60,477],"class_list":{"0":"post-14351","1":"post","2":"type-post","3":"status-publish","4":"format-standard","5":"has-post-thumbnail","7":"category-rugby","8":"tag-actu","9":"tag-breve","10":"tag-breves","11":"tag-fr","12":"tag-france","13":"tag-mercato-rugby","14":"tag-rugby","15":"tag-rugby-a-xv","16":"tag-rugby-football","17":"tag-sports","18":"tag-transferts-rugby"},"share_on_mastodon":{"url":"https:\/\/pubeurope.com\/@fr\/114312346873691902","error":""},"_links":{"self":[{"href":"https:\/\/www.europesays.com\/fr\/wp-json\/wp\/v2\/posts\/14351","targetHints":{"allow":["GET"]}}],"collection":[{"href":"https:\/\/www.europesays.com\/fr\/wp-json\/wp\/v2\/posts"}],"about":[{"href":"https:\/\/www.europesays.com\/fr\/wp-json\/wp\/v2\/types\/post"}],"author":[{"embeddable":true,"href":"https:\/\/www.europesays.com\/fr\/wp-json\/wp\/v2\/users\/2"}],"replies":[{"embeddable":true,"href":"https:\/\/www.europesays.com\/fr\/wp-json\/wp\/v2\/comments?post=14351"}],"version-history":[{"count":0,"href":"https:\/\/www.europesays.com\/fr\/wp-json\/wp\/v2\/posts\/14351\/revisions"}],"wp:featuredmedia":[{"embeddable":true,"href":"https:\/\/www.europesays.com\/fr\/wp-json\/wp\/v2\/media\/14352"}],"wp:attachment":[{"href":"https:\/\/www.europesays.com\/fr\/wp-json\/wp\/v2\/media?parent=14351"}],"wp:term":[{"taxonomy":"category","embeddable":true,"href":"https:\/\/www.europesays.com\/fr\/wp-json\/wp\/v2\/categories?post=14351"},{"taxonomy":"post_tag","embeddable":true,"href":"https:\/\/www.europesays.com\/fr\/wp-json\/wp\/v2\/tags?post=14351"}],"curies":[{"name":"wp","href":"https:\/\/api.w.org\/{rel}","templated":true}]}}