{"id":143517,"date":"2025-06-01T07:31:09","date_gmt":"2025-06-01T07:31:09","guid":{"rendered":"https:\/\/www.europesays.com\/fr\/143517\/"},"modified":"2025-06-01T07:31:09","modified_gmt":"2025-06-01T07:31:09","slug":"video-des-pompiers-de-paris-en-pleine-intervention-vises-par-des-tirs-de-mortier-apres-la-victoire-du-psg","status":"publish","type":"post","link":"https:\/\/www.europesays.com\/fr\/143517\/","title":{"rendered":"VIDEO. Des pompiers de Paris en pleine intervention vis\u00e9s par des tirs de mortier apr\u00e8s la victoire du PSG"},"content":{"rendered":"<p>            Par<br \/>\n        <strong><br \/>\n            <a href=\"https:\/\/actu.fr\/auteur\/thomas-martin\" title=\"Consulter tous les articles de Thomas Martin\" target=\"_blank\" rel=\"noopener\">Thomas Martin<\/a><br \/>\n        <\/strong><\/p>\n<p>        Publi\u00e9 le<\/p>\n<p>            1 juin 2025 \u00e0 9h04        <\/p>\n<p>Paris a \u00e9t\u00e9 le th\u00e9\u00e2tre de nombreux heurts apr\u00e8s la <a href=\"https:\/\/actu.fr\/ile-de-france\/paris_75056\/irresistible-le-psg-remporte-la-premiere-ligue-des-champions-de-son-histoire-au-terme-d-une-finale-de-reve_62712076.html\" target=\"_blank\" rel=\"noopener\">victoire du PSG<\/a> en finale de la Ligue des Champions. Dans ce contexte, les <a href=\"https:\/\/actu.fr\/tag\/brigade-de-sapeurs-pompiers-de-paris\" target=\"_blank\" rel=\"noopener\">Pompiers de Paris<\/a> ont eu fort \u00e0 faire puisque le 18 a \u00e9t\u00e9 satur\u00e9 d\u2019appels. Ils ont d\u2019ailleurs tent\u00e9 sur X de canaliser les demandes : \u00ab En raison des \u00e9v\u00e8nements qui touchent actuellement Paris, nous recevons un grand nombre d\u2019appels. Si votre appel ne rev\u00eat pas de caract\u00e8re d\u2019urgence, nous vous invitons \u00e0 lib\u00e9rer imm\u00e9diatement la ligne d\u2019appel d\u2019urgence \u00bb. Les interventions ont \u00e9t\u00e9 nombreuses et parfois risqu\u00e9es.\u00a0<\/p>\n<p>Des pompiers vis\u00e9s en pleine intervention<\/p>\n<p class=\" wall-content\">Le journaliste Cl\u00e9ment Lanot a ainsi capt\u00e9 une sc\u00e8ne montrant des pompiers \u00eatre la cible de tirs de mortiers d\u2019artifice alors qu\u2019ils interviennent pour \u00e9teindre un feu de mobilier urbain allum\u00e9 sur le pont d\u2019I\u00e9na par des supporters du PSG.<\/p>\n<p class=\" wall-content\">\n<p class=\" wall-content\">Contact\u00e9e, la BSPP indique ce dimanche matin avoir pris connaissance des images et \u00eatre en lien avec la <a href=\"https:\/\/actu.fr\/tag\/prefecture-de-police-de-paris\" target=\"_blank\" rel=\"noopener\">pr\u00e9fecture de police de Paris<\/a> pour les suites qui pourraient y \u00eatre donn\u00e9es. Aucun bless\u00e9 n\u2019est \u00e0 d\u00e9plorer.\u00a0<\/p>\n<p class=\" wall-content\">D\u2019apr\u00e8s un rapport de l\u2019Observatoire national des violences envers les sapeurs-pompiers de la S\u00e9curit\u00e9 civile\u00a0relay\u00e9 par le syndicat SPASDIS, 1 462 agressions ont \u00e9t\u00e9 recens\u00e9es en 2024 (+ 2,9 % sur un an), \u00e0 \u00ab 53 % des violences verbales \u00bb. Parmi eux, 609 soldats du feu ont d\u00e9clar\u00e9 avoir \u00e9t\u00e9 bless\u00e9s, contre 555 en 2023 (+ 9,7 %).<\/p>\n<p class=\" wall-content\">Suivez toute l\u2019actualit\u00e9 de vos villes et m\u00e9dias favoris en vous inscrivant \u00e0 <a href=\"https:\/\/moncompte.actu.fr\" title=\"D\u00e9couvez Mon Actu\" rel=\"nofollow noopener\" data-trk=\"{&quot;cta&quot;:{&quot;action&quot;:&quot;https:\\\/\\\/moncompte.actu.fr&quot;,&quot;category&quot;:&quot;mon compte&quot;,&quot;from&quot;:&quot;article footer&quot;,&quot;name&quot;:&quot;Mon actu&quot;,&quot;type&quot;:&quot;cta&quot;}}\" target=\"_blank\">Mon Actu<\/a>.<\/p>\n","protected":false},"excerpt":{"rendered":"Par Thomas Martin Publi\u00e9 le 1 juin 2025 \u00e0 9h04 Paris a \u00e9t\u00e9 le th\u00e9\u00e2tre de nombreux heurts&hellip;\n","protected":false},"author":2,"featured_media":143518,"comment_status":"","ping_status":"","sticky":false,"template":"","format":"standard","meta":{"footnotes":""},"categories":[1888],"tags":[11,3056,1777,674,118,1011,27,12,626,2332,25,7501],"class_list":{"0":"post-143517","1":"post","2":"type-post","3":"status-publish","4":"format-standard","5":"has-post-thumbnail","7":"category-paris","8":"tag-actualites","9":"tag-brigade-de-sapeurs-pompiers-de-paris","10":"tag-eu","11":"tag-europe","12":"tag-faits-divers","13":"tag-fr","14":"tag-france","15":"tag-news","16":"tag-paris","17":"tag-paris-saint-germain-psg","18":"tag-republique-francaise","19":"tag-violences-urbaines"},"share_on_mastodon":{"url":"","error":""},"_links":{"self":[{"href":"https:\/\/www.europesays.com\/fr\/wp-json\/wp\/v2\/posts\/143517","targetHints":{"allow":["GET"]}}],"collection":[{"href":"https:\/\/www.europesays.com\/fr\/wp-json\/wp\/v2\/posts"}],"about":[{"href":"https:\/\/www.europesays.com\/fr\/wp-json\/wp\/v2\/types\/post"}],"author":[{"embeddable":true,"href":"https:\/\/www.europesays.com\/fr\/wp-json\/wp\/v2\/users\/2"}],"replies":[{"embeddable":true,"href":"https:\/\/www.europesays.com\/fr\/wp-json\/wp\/v2\/comments?post=143517"}],"version-history":[{"count":0,"href":"https:\/\/www.europesays.com\/fr\/wp-json\/wp\/v2\/posts\/143517\/revisions"}],"wp:featuredmedia":[{"embeddable":true,"href":"https:\/\/www.europesays.com\/fr\/wp-json\/wp\/v2\/media\/143518"}],"wp:attachment":[{"href":"https:\/\/www.europesays.com\/fr\/wp-json\/wp\/v2\/media?parent=143517"}],"wp:term":[{"taxonomy":"category","embeddable":true,"href":"https:\/\/www.europesays.com\/fr\/wp-json\/wp\/v2\/categories?post=143517"},{"taxonomy":"post_tag","embeddable":true,"href":"https:\/\/www.europesays.com\/fr\/wp-json\/wp\/v2\/tags?post=143517"}],"curies":[{"name":"wp","href":"https:\/\/api.w.org\/{rel}","templated":true}]}}