{"id":143531,"date":"2025-06-01T07:38:08","date_gmt":"2025-06-01T07:38:08","guid":{"rendered":"https:\/\/www.europesays.com\/fr\/143531\/"},"modified":"2025-06-01T07:38:08","modified_gmt":"2025-06-01T07:38:08","slug":"pourquoi-jeanne-darc-na-eu-de-rue-a-paris-quau-xixe-siecle","status":"publish","type":"post","link":"https:\/\/www.europesays.com\/fr\/143531\/","title":{"rendered":"Pourquoi Jeanne d\u2019Arc n\u2019a eu de rue \u00e0 Paris qu\u2019au XIXe si\u00e8cle ?"},"content":{"rendered":"<p>On pourrait croire que Jeanne d&rsquo;Arc a toujours fait partie du Panth\u00e9on fran\u00e7ais. Il n&rsquo;en est rien. Il faut attendre les ann\u00e9es\u00a01840\u00a0pour qu&rsquo;un c\u00e9l\u00e8bre historien, Jules Michelet et un archiviste, Jules Quicherat, exhument une figure largement oubli\u00e9e du roman national. Le second, notamment, publie cinq volumes sur les minutes de son proc\u00e8s qui avait sombr\u00e9 dans les limbes. Republi\u00e9 en\u00a01853\u00a0dans la biblioth\u00e8que Hachette, le texte de Michelet est aussi l&rsquo;un de ses premiers succ\u00e8s.<\/p>\n<p>Voil\u00e0 des conditions pr\u00e9paratoires \u00e0 une rue Jeanne-d&rsquo;Arc qui mesure pratiquement 1,5 km. Bel hommage, qui pour avoir lieu, aura besoin d&rsquo;autres circonstances. Tout d&rsquo;abord, le projet haussmannien qui comporte notamment un grand axe dans le sud-est de Paris r\u00e9cemment englob\u00e9 dans la capitale \u2013 le quartier appartenait \u00e0 la ville d&rsquo;Ivry jusque-l\u00e0 \u2013 mais quelque peu n\u00e9glig\u00e9 durant la premi\u00e8re partie des travaux dans les ann\u00e9es 1850. Ce nouvel axe, qui va apporter son lot de destructions, va aussi donner l&rsquo;occasion d&rsquo;un bapt\u00eame de rues. Mais un dernier acteur va intervenir\u00a0: la compagnie de chemins de fer d&rsquo;Orl\u00e9ans \u00e0 Paris.<\/p>\n<p>\u00c0 LIRE AUSSI <strong class=\"strong\"><a href=\"https:\/\/www.lepoint.fr\/politique\/a-domremy-marion-marechal-ravive-la-flamme-des-origines-01-05-2025-2588661_20.php\" rel=\"nofollow noopener\" target=\"_blank\" data-ylk=\"slk:\u00c0 Domr\u00e9my-la-Pucelle, Marion Mar\u00e9chal ravive la flamme des origines;elm:context_link;itc:0;sec:content-canvas\" class=\"link \">\u00c0 Domr\u00e9my-la-Pucelle, Marion Mar\u00e9chal ravive la flamme des origines<\/a><\/strong><\/p>\n<p>La reconstruction du premier embarcad\u00e8re de la gare d&rsquo;Austerlitz \u00e0 partir de\u00a01862\u00a0incite la compagnie \u00e0 vouloir rendre hommage dans le 13e arrondissement \u00e0 la figure orl\u00e9anaise qu&rsquo;est Jeanne d&rsquo;Arc, dont l&rsquo;un des faits de gloire fut d&rsquo;y lever le si\u00e8ge des Anglais. C&rsquo;est \u00e0 Orl\u00e9ans qu&rsquo;a lieu d [&#8230;] <a href=\"https:\/\/www.lepoint.fr\/histoire\/pourquoi-jeanne-d-arc-n-a-eu-de-rue-a-paris-qu-au-xixe-siecle-01-06-2025-2590962_1615.php\" rel=\"nofollow noopener\" target=\"_blank\" data-ylk=\"slk:Lire la suite;elm:context_link;itc:0;sec:content-canvas\" class=\"link \">Lire la suite<\/a><\/p>\n","protected":false},"excerpt":{"rendered":"On pourrait croire que Jeanne d&rsquo;Arc a toujours fait partie du Panth\u00e9on fran\u00e7ais. Il n&rsquo;en est rien. Il&hellip;\n","protected":false},"author":2,"featured_media":143532,"comment_status":"","ping_status":"","sticky":false,"template":"","format":"standard","meta":{"footnotes":""},"categories":[1586],"tags":[11,1777,674,1779,1011,27,14168,27161,27163,12,27162,25,1778,364],"class_list":{"0":"post-143531","1":"post","2":"type-post","3":"status-publish","4":"format-standard","5":"has-post-thumbnail","7":"category-europe","8":"tag-actualites","9":"tag-eu","10":"tag-europe","11":"tag-european-union","12":"tag-fr","13":"tag-france","14":"tag-jeanne-darc","15":"tag-jules-michelet","16":"tag-jules-quicherat","17":"tag-news","18":"tag-premiere-partie","19":"tag-republique-francaise","20":"tag-ue","21":"tag-union-europeenne"},"share_on_mastodon":{"url":"https:\/\/pubeurope.com\/@fr\/114606971697937241","error":""},"_links":{"self":[{"href":"https:\/\/www.europesays.com\/fr\/wp-json\/wp\/v2\/posts\/143531","targetHints":{"allow":["GET"]}}],"collection":[{"href":"https:\/\/www.europesays.com\/fr\/wp-json\/wp\/v2\/posts"}],"about":[{"href":"https:\/\/www.europesays.com\/fr\/wp-json\/wp\/v2\/types\/post"}],"author":[{"embeddable":true,"href":"https:\/\/www.europesays.com\/fr\/wp-json\/wp\/v2\/users\/2"}],"replies":[{"embeddable":true,"href":"https:\/\/www.europesays.com\/fr\/wp-json\/wp\/v2\/comments?post=143531"}],"version-history":[{"count":0,"href":"https:\/\/www.europesays.com\/fr\/wp-json\/wp\/v2\/posts\/143531\/revisions"}],"wp:featuredmedia":[{"embeddable":true,"href":"https:\/\/www.europesays.com\/fr\/wp-json\/wp\/v2\/media\/143532"}],"wp:attachment":[{"href":"https:\/\/www.europesays.com\/fr\/wp-json\/wp\/v2\/media?parent=143531"}],"wp:term":[{"taxonomy":"category","embeddable":true,"href":"https:\/\/www.europesays.com\/fr\/wp-json\/wp\/v2\/categories?post=143531"},{"taxonomy":"post_tag","embeddable":true,"href":"https:\/\/www.europesays.com\/fr\/wp-json\/wp\/v2\/tags?post=143531"}],"curies":[{"name":"wp","href":"https:\/\/api.w.org\/{rel}","templated":true}]}}