{"id":143536,"date":"2025-06-01T07:41:08","date_gmt":"2025-06-01T07:41:08","guid":{"rendered":"https:\/\/www.europesays.com\/fr\/143536\/"},"modified":"2025-06-01T07:41:08","modified_gmt":"2025-06-01T07:41:08","slug":"ou-voir-et-celebrer-les-joueuses","status":"publish","type":"post","link":"https:\/\/www.europesays.com\/fr\/143536\/","title":{"rendered":"o\u00f9 voir et c\u00e9l\u00e9brer les joueuses\u00a0?"},"content":{"rendered":"<p>            Par<br \/>\n        <strong><br \/>\n            <a href=\"https:\/\/actu.fr\/auteur\/juliette-cardinale\" title=\"Consulter tous les articles de Juliette Cardinale\" rel=\"nofollow noopener\" target=\"_blank\">Juliette Cardinale<\/a><br \/>\n        <\/strong><\/p>\n<p>        Publi\u00e9 le<\/p>\n<p>            1 juin 2025 \u00e0 9h32        <\/p>\n<p>Jamais deux sans trois ! Les Lionnes <a href=\"https:\/\/actu.fr\/bordeaux\/\" rel=\"nofollow noopener\" target=\"_blank\">de Bordeaux<\/a> sont <strong>championnes de France<\/strong> pour la troisi\u00e8me ann\u00e9e cons\u00e9cutive.<\/p>\n<p class=\" wall-content\">Ce samedi 31 mai 2025, <strong>l\u2019\u00e9quipe f\u00e9minine de rugby<\/strong> du Stade Bordelais a vaincu celle du Stade Toulousain 32 points \u00e0 24 lors de la finale du championnat de France Elite 1.<\/p>\n<p>O\u00f9 voir les championnes ?<\/p>\n<p class=\" wall-content\">La semaine derni\u00e8re, les Bordelais \u00e9taient au rendez-vous pour <a href=\"https:\/\/actu.fr\/nouvelle-aquitaine\/bordeaux_33063\/l-union-bordeaux-begles-celebre-son-titre-europeen-avec-les-supporters-suivez-les-festivites-en-direct_62685161.html\" rel=\"nofollow noopener\" target=\"_blank\">c\u00e9l\u00e9brer le titre europ\u00e9en de l\u2019UBB.<\/a> Cette fois encore, ils sont invit\u00e9s \u00e0 <strong>saluer les championnes.<\/strong> Ils pourront les voir avec leur bouclier place Pey Berland lorsqu\u2019elles seront re\u00e7ues \u00e0 l\u2019h\u00f4tel de ville, ce lundi 2 juin 2025 \u00e0 19h30.<\/p>\n<p class=\" wall-content\">\u00ab Les Lionnes ont rugi trois fois !\u00a0\u00bb, a lanc\u00e9 le maire de Bordeaux Pierre Hurmic. \u00ab\u00a0Je f\u00e9licite les joueuses et leur capitaine. Elles ont fait <strong>une saison incroyable<\/strong> en remportant 18 des 20 matches qu\u2019elles ont disput\u00e9s. Elles r\u00e8gnent sans conteste sur le championnat d\u2019Elite 1 F\u00e9minine, un championnat tr\u00e8s relev\u00e9 avec un \u2018\u2018Big 4\u2019\u2019 Bordeaux, Toulouse, Blagnac, Romagnat, qui commence \u00e0 int\u00e9resser la t\u00e9l\u00e9vision.\u00a0\u00bb<\/p>\n<p class=\" wall-content\">Suivez toute l\u2019actualit\u00e9 de vos villes et m\u00e9dias favoris en vous inscrivant \u00e0 <a href=\"https:\/\/moncompte.actu.fr\" title=\"D\u00e9couvez Mon Actu\" rel=\"nofollow noopener\" data-trk=\"{&quot;cta&quot;:{&quot;action&quot;:&quot;https:\\\/\\\/moncompte.actu.fr&quot;,&quot;category&quot;:&quot;mon compte&quot;,&quot;from&quot;:&quot;article footer&quot;,&quot;name&quot;:&quot;Mon actu&quot;,&quot;type&quot;:&quot;cta&quot;}}\" target=\"_blank\">Mon Actu<\/a>.<\/p>\n","protected":false},"excerpt":{"rendered":"Par Juliette Cardinale Publi\u00e9 le 1 juin 2025 \u00e0 9h32 Jamais deux sans trois ! Les Lionnes de&hellip;\n","protected":false},"author":2,"featured_media":143537,"comment_status":"","ping_status":"","sticky":false,"template":"","format":"standard","meta":{"footnotes":""},"categories":[4],"tags":[11,1011,27,12,25,479,12042,60],"class_list":{"0":"post-143536","1":"post","2":"type-post","3":"status-publish","4":"format-standard","5":"has-post-thumbnail","7":"category-france","8":"tag-actualites","9":"tag-fr","10":"tag-france","11":"tag-news","12":"tag-republique-francaise","13":"tag-rugby","14":"tag-rugby-feminin","15":"tag-sports"},"share_on_mastodon":{"url":"https:\/\/pubeurope.com\/@fr\/114606983915557770","error":""},"_links":{"self":[{"href":"https:\/\/www.europesays.com\/fr\/wp-json\/wp\/v2\/posts\/143536","targetHints":{"allow":["GET"]}}],"collection":[{"href":"https:\/\/www.europesays.com\/fr\/wp-json\/wp\/v2\/posts"}],"about":[{"href":"https:\/\/www.europesays.com\/fr\/wp-json\/wp\/v2\/types\/post"}],"author":[{"embeddable":true,"href":"https:\/\/www.europesays.com\/fr\/wp-json\/wp\/v2\/users\/2"}],"replies":[{"embeddable":true,"href":"https:\/\/www.europesays.com\/fr\/wp-json\/wp\/v2\/comments?post=143536"}],"version-history":[{"count":0,"href":"https:\/\/www.europesays.com\/fr\/wp-json\/wp\/v2\/posts\/143536\/revisions"}],"wp:featuredmedia":[{"embeddable":true,"href":"https:\/\/www.europesays.com\/fr\/wp-json\/wp\/v2\/media\/143537"}],"wp:attachment":[{"href":"https:\/\/www.europesays.com\/fr\/wp-json\/wp\/v2\/media?parent=143536"}],"wp:term":[{"taxonomy":"category","embeddable":true,"href":"https:\/\/www.europesays.com\/fr\/wp-json\/wp\/v2\/categories?post=143536"},{"taxonomy":"post_tag","embeddable":true,"href":"https:\/\/www.europesays.com\/fr\/wp-json\/wp\/v2\/tags?post=143536"}],"curies":[{"name":"wp","href":"https:\/\/api.w.org\/{rel}","templated":true}]}}