{"id":143553,"date":"2025-06-01T07:53:22","date_gmt":"2025-06-01T07:53:22","guid":{"rendered":"https:\/\/www.europesays.com\/fr\/143553\/"},"modified":"2025-06-01T07:53:22","modified_gmt":"2025-06-01T07:53:22","slug":"apres-les-reines-du-shopping-et-les-princes-de-lamour-lea-poupelin-raconte-sa-vie-romanesque-dans-un-livre","status":"publish","type":"post","link":"https:\/\/www.europesays.com\/fr\/143553\/","title":{"rendered":"apr\u00e8s \u201cLes reines du shopping\u201d et \u201cLes princes de l\u2019amour\u201d, L\u00e9a Poupelin raconte sa vie romanesque dans un livre"},"content":{"rendered":"<p>Et si chaque blessure forgeait notre avenir ? C\u2019est le postulat sugg\u00e9r\u00e9 par L\u00e9a Poupelin dans son tout premier roman intitul\u00e9 Liana et les r\u00eaves forg\u00e9s par l\u2019\u00e9preuve.<\/p>\n<p>Connue du grand public pour ses apparitions dans des \u00e9missions de t\u00e9l\u00e9r\u00e9alit\u00e9 telles que Les reines du shopping , Les princes de l\u2019amour ou Les plus belles vacances , L\u00e9a Poupelin a choisi de poser ses valises voici quelques ann\u00e9es \u00e0 G\u00e9rardmer. Pour \u00eatre aux c\u00f4t\u00e9s de Sacha et ch\u00e9rir leur petite fille de 4 ans.<\/p>\n<p>Apr\u00e8s avoir mis ses comp\u00e9tences au service d\u2019une entreprise sri-lankaise de s\u00e9curit\u00e9 maritime, sp\u00e9cialis\u00e9e dans la lutte contre la piraterie, <a href=\"https:\/\/www.vosgesmatin.fr\/insolite\/2024\/07\/06\/du-sri-lanka-a-gerardmer-en-passant-par-les-reines-du-shopping-ou-les-princes-de-l-amour-la-vie-mouvementee-de-lea-poupelin\" target=\"_blank\" rel=\"noopener\">apr\u00e8s avoir sillonn\u00e9 le globe, de l\u2019Afrique \u00e0 l\u2019Asie<\/a> , croisant des ministres, des personnalit\u00e9s influentes et avoir aussi affront\u00e9 des situations extr\u00eames, L\u00e9a Poupelin a d\u00e9cid\u00e9 de prendre un peu de recul. \u00ab J\u2019ai fait \u00e7a de mes 18 \u00e0 mes 27 ans. \u00c0 un moment, c\u2019est bien de se poser \u00bb, confie-t-elle.<\/p>\n<p>Ce contenu est bloqu\u00e9 car vous n&rsquo;avez pas accept\u00e9 les cookies et autres traceurs.<\/p>\n<p>En cliquant sur \u00ab J\u2019accepte \u00bb, les cookies et autres traceurs seront d\u00e9pos\u00e9s et vous pourrez visualiser les contenus  (<a href=\"\" class=\"consentModule_policy\" target=\"_blank\" title=\"Consulter la politique de protection des donn\u00e9es du fournisseur\">plus d&rsquo;informations<\/a>).<\/p>\n<p>En cliquant sur \u00ab J\u2019accepte tous les cookies \u00bb, vous autorisez des d\u00e9p\u00f4ts de cookies et autres traceurs pour le stockage de vos donn\u00e9es sur nos sites et applications \u00e0 des fins de personnalisation et de ciblage publicitaire.<\/p>\n<p class=\"consentModule_secondaryText\">Vous gardez la possibilit\u00e9 de retirer votre consentement \u00e0 tout moment en consultant notre <a href=\"https:\/\/www.vosgesmatin.fr\/protection-des-donnees\" target=\"_blank\" title=\"Consulter notre politique de protection des donn\u00e9es\" rel=\"noopener\">politique de protection des donn\u00e9es<\/a>. <br \/>&#13;<br \/>\n            <a href=\"https:\/\/www.vosgesmatin.fr\/culture-loisirs\/2025\/06\/01\/javascript:Didomi.notice.show()\" class=\"consentModule_cmp\" target=\"_blank\" rel=\"noopener\">G\u00e9rer mes choix<\/a>&#13;\n        <\/p>\n<p>&#13;<br \/>\n                        J&rsquo;accepte&#13;<br \/>\n            J&rsquo;accepte tous les cookies&#13;\n        <\/p>\n<p>La jeune G\u00e9r\u00f4moise a donc tourn\u00e9 une page en terres vosgiennes, tout en gardant un pied dans ses anciennes vies. Elle accepte encore des missions ponctuelles pour son ancien employeur. Mais c\u2019est une autre passion qui l\u2019anime aujourd\u2019hui : l\u2019\u00e9criture.<\/p>\n<p>  \u00ab J\u2019ai toujours eu envie d\u2019\u00e9crire \u00bb<\/p>\n<p>\u00ab \u00c0 la base, je voulais \u00eatre journaliste. J\u2019\u00e9tais tr\u00e8s litt\u00e9raire \u00bb, raconte-t-elle. Faute de moyens, elle a renonc\u00e9 \u00e0 entrer en fac de lettres. Le bac et le permis de conduire en poche, elle a quitt\u00e9 la France pour vivre en Angleterre. C\u2019est toute cette tranche de vie que L\u00e9a Poupelin raconte dans le premier tome de son roman : de l\u2019enfance caboss\u00e9e \u00e0 l\u2019exil volontaire. \u00ab J\u2019ai toujours eu envie d\u2019\u00e9crire. C\u2019est un projet qui me tient \u00e0 c\u0153ur. Le premier livre va jusqu\u2019\u00e0 mes 19-20 ans \u00bb, explique la jeune romanci\u00e8re.<\/p>\n<p>Ce contenu est bloqu\u00e9 car vous n&rsquo;avez pas accept\u00e9 les cookies et autres traceurs.<\/p>\n<p>En cliquant sur \u00ab J\u2019accepte \u00bb, les cookies et autres traceurs seront d\u00e9pos\u00e9s et vous pourrez visualiser les contenus  (<a href=\"\" class=\"consentModule_policy\" target=\"_blank\" title=\"Consulter la politique de protection des donn\u00e9es du fournisseur\">plus d&rsquo;informations<\/a>).<\/p>\n<p>En cliquant sur \u00ab J\u2019accepte tous les cookies \u00bb, vous autorisez des d\u00e9p\u00f4ts de cookies et autres traceurs pour le stockage de vos donn\u00e9es sur nos sites et applications \u00e0 des fins de personnalisation et de ciblage publicitaire.<\/p>\n<p class=\"consentModule_secondaryText\">Vous gardez la possibilit\u00e9 de retirer votre consentement \u00e0 tout moment en consultant notre <a href=\"https:\/\/www.vosgesmatin.fr\/protection-des-donnees\" target=\"_blank\" title=\"Consulter notre politique de protection des donn\u00e9es\" rel=\"noopener\">politique de protection des donn\u00e9es<\/a>. <br \/>&#13;<br \/>\n            <a href=\"https:\/\/www.vosgesmatin.fr\/culture-loisirs\/2025\/06\/01\/javascript:Didomi.notice.show()\" class=\"consentModule_cmp\" target=\"_blank\" rel=\"noopener\">G\u00e9rer mes choix<\/a>&#13;\n        <\/p>\n<p>&#13;<br \/>\n                        J&rsquo;accepte&#13;<br \/>\n            J&rsquo;accepte tous les cookies&#13;\n        <\/p>\n<p>\u00c9crit \u00e0 la troisi\u00e8me personne, ce r\u00e9cit semi-fictif s\u2019inspire de faits r\u00e9els \u00e0 environ 80 %. Les pr\u00e9noms ont \u00e9t\u00e9 chang\u00e9s, certaines sc\u00e8nes romanc\u00e9es, mais l\u2019essence reste autobiographique. \u00ab J\u2019aime les livres qui partent du r\u00e9el, mais avec une part d\u2019intrigue\u2026 \u00bb<\/p>\n<p>Auto-\u00e9dit\u00e9 chez BOD, le livre est d\u00e9j\u00e0 disponible <a href=\"https:\/\/www.vosgesmatin.fr\/edition-de-remiremont\/2019\/07\/07\/un-cafe-au-milieu-des-livres-dans-l-univers-de-la-libraire\" target=\"_blank\" rel=\"noopener\">chez la Libraire<\/a> , \u00e0 G\u00e9rardmer, sur Amazon, \u00e0 la Fnac, et en version num\u00e9rique. Une version anglaise est pr\u00e9vue. \u00ab Je suis fi\u00e8re de ce que j\u2019ai \u00e9crit. Ma fille, plus tard, pourra comprendre d\u2019o\u00f9 je viens. \u00bb Le deuxi\u00e8me tome est d\u2019ailleurs d\u00e9j\u00e0 en cours d\u2019\u00e9criture.<\/p>\n","protected":false},"excerpt":{"rendered":"Et si chaque blessure forgeait notre avenir ? C\u2019est le postulat sugg\u00e9r\u00e9 par L\u00e9a Poupelin dans son tout&hellip;\n","protected":false},"author":2,"featured_media":143554,"comment_status":"","ping_status":"","sticky":false,"template":"","format":"standard","meta":{"footnotes":""},"categories":[1357],"tags":[1379,1687,58,1798,59,107,1011,27,9882,9883,1380,2410,973,104,2205,774],"class_list":{"0":"post-143553","1":"post","2":"type-post","3":"status-publish","4":"format-standard","5":"has-post-thumbnail","7":"category-livres","8":"tag-books","9":"tag-culture-loisirs","10":"tag-divertissement","11":"tag-edition-remiremont-gerardmer","12":"tag-entertainment","13":"tag-fil-info","14":"tag-fr","15":"tag-france","16":"tag-gerardmer","17":"tag-gerardmer-ville-88b","18":"tag-livres","19":"tag-livres-bd","20":"tag-people","21":"tag-societe","22":"tag-television-medias","23":"tag-vosges"},"share_on_mastodon":{"url":"https:\/\/pubeurope.com\/@fr\/114607030498802209","error":""},"_links":{"self":[{"href":"https:\/\/www.europesays.com\/fr\/wp-json\/wp\/v2\/posts\/143553","targetHints":{"allow":["GET"]}}],"collection":[{"href":"https:\/\/www.europesays.com\/fr\/wp-json\/wp\/v2\/posts"}],"about":[{"href":"https:\/\/www.europesays.com\/fr\/wp-json\/wp\/v2\/types\/post"}],"author":[{"embeddable":true,"href":"https:\/\/www.europesays.com\/fr\/wp-json\/wp\/v2\/users\/2"}],"replies":[{"embeddable":true,"href":"https:\/\/www.europesays.com\/fr\/wp-json\/wp\/v2\/comments?post=143553"}],"version-history":[{"count":0,"href":"https:\/\/www.europesays.com\/fr\/wp-json\/wp\/v2\/posts\/143553\/revisions"}],"wp:featuredmedia":[{"embeddable":true,"href":"https:\/\/www.europesays.com\/fr\/wp-json\/wp\/v2\/media\/143554"}],"wp:attachment":[{"href":"https:\/\/www.europesays.com\/fr\/wp-json\/wp\/v2\/media?parent=143553"}],"wp:term":[{"taxonomy":"category","embeddable":true,"href":"https:\/\/www.europesays.com\/fr\/wp-json\/wp\/v2\/categories?post=143553"},{"taxonomy":"post_tag","embeddable":true,"href":"https:\/\/www.europesays.com\/fr\/wp-json\/wp\/v2\/tags?post=143553"}],"curies":[{"name":"wp","href":"https:\/\/api.w.org\/{rel}","templated":true}]}}