{"id":143557,"date":"2025-06-01T07:55:09","date_gmt":"2025-06-01T07:55:09","guid":{"rendered":"https:\/\/www.europesays.com\/fr\/143557\/"},"modified":"2025-06-01T07:55:09","modified_gmt":"2025-06-01T07:55:09","slug":"de-nantes-a-clisson-les-micros-festivals-de-metal-dans-lombre-du-hellfest","status":"publish","type":"post","link":"https:\/\/www.europesays.com\/fr\/143557\/","title":{"rendered":"De Nantes \u00e0 Clisson, les micros festivals de m\u00e9tal dans l\u2019ombre du Hellfest"},"content":{"rendered":"<p>Au c\u0153ur du vignoble nantais, une constellation de modestes rendez-vous de musiques extr\u00eames tire tant bien que mal son \u00e9pingle du jeu, jonglant entre compl\u00e9mentarit\u00e9 et \u00e9chappatoire au gigantisme hellfestien.<\/p>\n<p class=\"fig-paragraph\">Des grosses guitares et des cris guerriers ont rugi, cette fin de printemps, dans les confins du vignoble nantais. Le\u00a0<a href=\"http:\/\/www.lefigaro.fr\/musique\/je-ne-suis-pas-juge-le-directeur-du-hellfest-s-explique-sur-la-presence-de-till-lindemann-accuse-d-agressions-sexuelles-20241210\" target=\"_blank\" data-fig-type=\"NewsFlash\" rel=\"noopener\" data-gtm-custom-categorie=\"navigation\" data-gtm-custom-action=\"crossclick\" data-gtm-custom-label=\"Contextuel\" data-gtm-event=\"customEventSPE\" data-fig-domain=\"LEFIGARO\">Hellfest<\/a>\u00a0? Trop t\u00f4t. Le festival qui a fait de Clisson\u00a0<a href=\"http:\/\/www.lefigaro.fr\/musique\/hellfest-2023-une-edition-epique-sous-les-cieux-de-clisson-20230620\" target=\"_blank\" data-fig-type=\"Article\" rel=\"noopener\" data-gtm-custom-categorie=\"navigation\" data-gtm-custom-action=\"crossclick\" data-gtm-custom-label=\"Contextuel\" data-gtm-event=\"customEventSPE\" data-fig-domain=\"LEFIGARO\">l\u2019une des destinations les plus m\u00e9tal d\u2019Europe<\/a>\u00a0n\u2019ouvre pas avant la fin juin. Et pourtant. Quatre semaines avant la grande messe noire\u00a0<a href=\"https:\/\/www.lefigaro.fr\/musique\/2015\/09\/13\/03006-20150913ARTFIG00123-le-metal-un-business-juteux.php\" target=\"_blank\" data-fig-type=\"Article\" rel=\"noopener\" data-gtm-custom-categorie=\"navigation\" data-gtm-custom-action=\"crossclick\" data-gtm-custom-label=\"Contextuel\" data-gtm-event=\"customEventSPE\" data-fig-domain=\"LEFIGARO\">des musiques extr\u00eames<\/a>, des signes de cornes et des cornes \u00e0 boire se sont all\u00e8grement balanc\u00e9es devant des sc\u00e8nes peupl\u00e9es de musiciens joliment hirsutes. Des groupes de \u00abviking metal\u00bb, de \u00abrock pa\u00efen\u00bb et autres musiques m\u00e9di\u00e9visantes ont d\u00e9fil\u00e9 au Lid ar Morrigan, organis\u00e9 \u00e0 Vallet, le 24 mai dernier, \u00e0 seulement 7 kilom\u00e8tres de Clisson. Avec 600 visiteurs, la manifestation fait figure de petit poucet face aux 60.000 festivaliers quotidiens d\u00e9ploy\u00e9s sur les quatre jours du Hellfest. Exister dans l\u2019ombre du mastodonte n\u2019est cependant pas une mal\u00e9diction. Bien au contraire, m\u00eame.<\/p>\n<p class=\"fig-paragraph\">Le gigantisme et les masses humaines d\u00e9sormais synonymes du raout clissonais profitent, par contraste\u2026<\/p>\n<p class=\"fig-premium-paywall__infos\">\n        Cet article est r\u00e9serv\u00e9 aux abonn\u00e9s.        Il vous reste 89% \u00e0 d\u00e9couvrir.\n    <\/p>\n<p>                <img  data- alt=\"Le Figaro\" class=\"fig-img--complete fig-img\"\/><\/p>\n<p class=\"fig-premium-paywall__title\">Vente Flash<\/p>\n<p class=\"fig-premium-paywall__subtitle\">4,99\u20ac par mois pendant 12 mois. Sans engagement.<\/p>\n<p class=\"fig-premium-paywall__connect\">\n                D\u00e9j\u00e0 abonn\u00e9\u00a0?                <a class=\"fig-premium-paywall__connect-link\" href=\"https:\/\/connect.lefigaro.fr\/login?client=horizon_web&amp;type=main&amp;redirect_uri=https%3A%2F%2Fwww.lefigaro.fr%2Fnantes%2Fde-nantes-a-clisson-les-micros-festivals-de-metal-dans-l-ombre-du-hellfest-20250601\" data-js-gtm=\"{&quot;customCategorie&quot;: &quot;conversion&quot;, &quot;customAction&quot;: &quot;before_Landing_Connexion_paywall_auto&quot;, &quot;customLabel&quot;: &quot;bGVmaWdhcm8uZnJfXzFmMDM3MGNiLWIzZmMtNmQyYS04YmU2LTczODE0MmQ1NjEzMF9fTmV3c0ZsYXNo_De Nantes \u00e0 Clisson, les micros festivals de m\u00e9tal dans l\u2019ombre du Hellfest_102&quot;, &quot;customIDSPE&quot;: &quot;bGVmaWdhcm8uZnJfXzFmMDM3MGNiLWIzZmMtNmQyYS04YmU2LTczODE0MmQ1NjEzMF9fTmV3c0ZsYXNo&quot;, &quot;event&quot;: &quot;customEventSPE&quot;}\" target=\"_blank\" rel=\"noopener\"><br \/>\n                    Connectez-vous<br \/>\n                <\/a>\n            <\/p>\n","protected":false},"excerpt":{"rendered":"Au c\u0153ur du vignoble nantais, une constellation de modestes rendez-vous de musiques extr\u00eames tire tant bien que mal&hellip;\n","protected":false},"author":2,"featured_media":143558,"comment_status":"","ping_status":"","sticky":false,"template":"","format":"standard","meta":{"footnotes":""},"categories":[1355],"tags":[58,59,462,849,1011,27,2640,27164,16501,2642,1361,873,766,2638,2643,2637,2639,2646,2645,2641,2635,2644,2647,2636],"class_list":{"0":"post-143557","1":"post","2":"type-post","3":"status-publish","4":"format-standard","5":"has-post-thumbnail","7":"category-musique","8":"tag-divertissement","9":"tag-entertainment","10":"tag-fc-nantes","11":"tag-festival","12":"tag-fr","13":"tag-france","14":"tag-hauts-paves-saint-felix","15":"tag-heavy-metal","16":"tag-hellfest","17":"tag-ile-de-nantes","18":"tag-music","19":"tag-musique","20":"tag-nantes","21":"tag-nantes-bellevue-chantenay-sainte-anne","22":"tag-nantes-breil-barberie","23":"tag-nantes-centre-ville","24":"tag-nantes-dervallieres-zola","25":"tag-nantes-doulon-bottiere","26":"tag-nantes-erdre","27":"tag-nantes-malakoff-saint-donatien","28":"tag-nantes-metropole","29":"tag-nantes-nord","30":"tag-nantes-sud","31":"tag-pays-de-la-loire"},"share_on_mastodon":{"url":"https:\/\/pubeurope.com\/@fr\/114607038402444929","error":""},"_links":{"self":[{"href":"https:\/\/www.europesays.com\/fr\/wp-json\/wp\/v2\/posts\/143557","targetHints":{"allow":["GET"]}}],"collection":[{"href":"https:\/\/www.europesays.com\/fr\/wp-json\/wp\/v2\/posts"}],"about":[{"href":"https:\/\/www.europesays.com\/fr\/wp-json\/wp\/v2\/types\/post"}],"author":[{"embeddable":true,"href":"https:\/\/www.europesays.com\/fr\/wp-json\/wp\/v2\/users\/2"}],"replies":[{"embeddable":true,"href":"https:\/\/www.europesays.com\/fr\/wp-json\/wp\/v2\/comments?post=143557"}],"version-history":[{"count":0,"href":"https:\/\/www.europesays.com\/fr\/wp-json\/wp\/v2\/posts\/143557\/revisions"}],"wp:featuredmedia":[{"embeddable":true,"href":"https:\/\/www.europesays.com\/fr\/wp-json\/wp\/v2\/media\/143558"}],"wp:attachment":[{"href":"https:\/\/www.europesays.com\/fr\/wp-json\/wp\/v2\/media?parent=143557"}],"wp:term":[{"taxonomy":"category","embeddable":true,"href":"https:\/\/www.europesays.com\/fr\/wp-json\/wp\/v2\/categories?post=143557"},{"taxonomy":"post_tag","embeddable":true,"href":"https:\/\/www.europesays.com\/fr\/wp-json\/wp\/v2\/tags?post=143557"}],"curies":[{"name":"wp","href":"https:\/\/api.w.org\/{rel}","templated":true}]}}