{"id":143563,"date":"2025-06-01T07:58:09","date_gmt":"2025-06-01T07:58:09","guid":{"rendered":"https:\/\/www.europesays.com\/fr\/143563\/"},"modified":"2025-06-01T07:58:09","modified_gmt":"2025-06-01T07:58:09","slug":"lhommage-incroyablement-emouvant-des-supporters-parisiens-a-la-fille-de-luis-enrique","status":"publish","type":"post","link":"https:\/\/www.europesays.com\/fr\/143563\/","title":{"rendered":"l\u2019hommage incroyablement \u00e9mouvant des supporters parisiens \u00e0 la fille de Luis Enrique"},"content":{"rendered":"<p>        <img decoding=\"async\" loading=\"lazy\" src=\"https:\/\/www.europesays.com\/fr\/wp-content\/uploads\/2025\/06\/a14253d_sirius-fs-upload-1-agh5bikbb5yn-1748758176620-000-48rg7r9.jpg\"  width=\"728\" height=\"409\" alt=\"Les supporters du PSG d\u00e9ployant une b\u00e2che en hommage \u00e0 la fille d\u00e9c\u00e9d\u00e9e de Luis Enrique apr\u00e8s la finale de la Ligue des Champions, \u00e0 l\u2019Allianz Arena \u00e0 Munich, le 31\u00a0mai 2025.\"\/>  <\/p>\n<p>KIRILL KUDRYAVTSEV \/ AFP<\/p>\n<p>Les supporters du PSG d\u00e9ployant une b\u00e2che en hommage \u00e0 la fille d\u00e9c\u00e9d\u00e9e de Luis Enrique apr\u00e8s la finale de la Ligue des Champions, \u00e0 l\u2019Allianz Arena \u00e0 Munich, le 31\u00a0mai 2025.<\/p>\n<p class=\"asset asset-text\">FOOTBALL &#8211; C\u2019est aussi l\u2019une des tr\u00e8s belles images de <a href=\"https:\/\/www.huffingtonpost.fr\/sport\/article\/le-psg-surclasse-l-inter-milan-en-finale-de-la-ligue-des-champions-et-remporte-son-premier-trophee-clx1_250748.html\" rel=\"nofollow noopener\" target=\"_blank\">la soir\u00e9e magique du PSG samedi soir \u00e0 Munich<\/a>. Lors des c\u00e9l\u00e9brations de la victoire en Ligue des champions \u00e0 l\u2019Allianz Arena, les supporters parisiens en tribune ont d\u00e9ploy\u00e9 un \u00e9mouvant tifo \u00e0 l\u2019attention de <a href=\"https:\/\/www.huffingtonpost.fr\/sport\/article\/finale-de-la-ligue-des-champions-avant-psg-inter-milan-on-a-fact-checke-les-declarations-de-luis-enrique_250719.html\" rel=\"nofollow noopener\" target=\"_blank\">Luis Enrique<\/a>.<\/p>\n<p class=\"asset asset-text\">Sur une b\u00e2che carr\u00e9e d\u2019une dizaine de m\u00e8tres de c\u00f4t\u00e9s, \u00e9taient repr\u00e9sent\u00e9s l\u2019entra\u00eeneur parisien plantant un drapeau du PSG dans un rond central, sous les yeux de sa fille, Xana, d\u00e9c\u00e9d\u00e9e en 2019 \u00e0 9\u00a0ans d\u2019un ost\u00e9osarcome, un cancer de la moelle osseuse.<\/p>\n<p> La lecture de ce contenu est susceptible d\u2019entra\u00eener un d\u00e9p\u00f4t de cookies de la part de l\u2019op\u00e9rateur tiers qui l\u2019h\u00e9berge. Compte-tenu des choix que vous avez exprim\u00e9s en mati\u00e8re de d\u00e9p\u00f4t de cookies, nous avons bloqu\u00e9 l\u2019affichage de ce contenu. Si vous souhaitez y acc\u00e9der, vous devez accepter la cat\u00e9gorie de cookies \u201cContenus tiers\u201d en cliquant sur le bouton ci-dessous. <\/p>\n<p> Lire la Vid\u00e9o        <\/p>\n<p class=\"asset asset-text\">Pour comprendre cet hommage, il faut revenir une dizaine d\u2019ann\u00e9es en arri\u00e8re. Le 6\u00a0juin\u00a02015, le soir de la finale de la Ligue des champions remport\u00e9e par le Bar\u00e7a face \u00e0 la Juventus de Turin (3-1), Luis Enrique, alors entra\u00eeneur du club catalan, avait plant\u00e9 apr\u00e8s le match un drapeau dans le rond central de la pelouse de l\u2019Olympiastadion \u00e0 Berlin. Tout \u00e7a sous les yeux \u00e9merveill\u00e9s de Xana, alors \u00e2g\u00e9e de 5\u00a0ans.<\/p>\n<p> La lecture de ce contenu est susceptible d\u2019entra\u00eener un d\u00e9p\u00f4t de cookies de la part de l\u2019op\u00e9rateur tiers qui l\u2019h\u00e9berge. Compte-tenu des choix que vous avez exprim\u00e9s en mati\u00e8re de d\u00e9p\u00f4t de cookies, nous avons bloqu\u00e9 l\u2019affichage de ce contenu. Si vous souhaitez y acc\u00e9der, vous devez accepter la cat\u00e9gorie de cookies \u201cContenus tiers\u201d en cliquant sur le bouton ci-dessous. <\/p>\n<p> Lire la Vid\u00e9o        <\/p>\n<p class=\"asset asset-text\">\u00ab\u00a0Je me souviens d\u2019une photo incroyable avec elle en finale de la Ligue des champions \u00e0 Berlin o\u00f9 elle plante un drapeau du Bar\u00e7a sur le terrain (en r\u00e9alit\u00e9 lui, NDLR)\u00a0\u00bb, avait partag\u00e9 Luis Enrique en d\u00e9but d\u2019ann\u00e9e lors d\u2019une conf\u00e9rence de presse. \u00ab\u00a0J\u2019esp\u00e8re qu\u2019elle pourra faire la m\u00eame chose pour le PSG. Elle ne sera pas l\u00e0 physiquement mais elle sera l\u00e0 de fa\u00e7on spirituelle.\u00a0\u00bb<\/p>\n<p class=\"asset asset-text\">Dans une s\u00e9rie documentaire espagnole pour la cha\u00eene Movistar, Luis Enrique disait encore cela de sa fille d\u00e9c\u00e9d\u00e9e, <a href=\"https:\/\/www.leparisien.fr\/sports\/football\/ligue-des-champions\/luis-enrique-les-secrets-dun-homme-a-part-la-mort-de-sa-fille-xana-blessure-indelebile-dun-chef-de-famille-30-05-2025-D6SKYFT2ZNHUZFL4ZMRM2W6JZM.php\" target=\"_blank\" rel=\"noopener nofollow\" title=\"Nouvelle fen\u00eatre\">comme le rapporte Le Parisien<\/a>\u00a0: \u00ab\u00a0Est-ce que je me consid\u00e8re comme chanceux ou malchanceux\u00a0? Je me consid\u00e8re comme chanceux, tr\u00e8s chanceux. Xana est venue vivre avec nous pendant neuf merveilleuses ann\u00e9es. Nous avons des milliers de souvenirs d\u2019elle. Des vid\u00e9os, des choses incroyables.\u00a0\u00bb<\/p>\n","protected":false},"excerpt":{"rendered":"KIRILL KUDRYAVTSEV \/ AFP Les supporters du PSG d\u00e9ployant une b\u00e2che en hommage \u00e0 la fille d\u00e9c\u00e9d\u00e9e de&hellip;\n","protected":false},"author":2,"featured_media":143564,"comment_status":"","ping_status":"","sticky":false,"template":"","format":"standard","meta":{"footnotes":""},"categories":[9],"tags":[63,1011,27,4879,447,2332,517,60],"class_list":{"0":"post-143563","1":"post","2":"type-post","3":"status-publish","4":"format-standard","5":"has-post-thumbnail","7":"category-sports","8":"tag-football","9":"tag-fr","10":"tag-france","11":"tag-hommage","12":"tag-ligue-des-champions","13":"tag-paris-saint-germain-psg","14":"tag-sport","15":"tag-sports"},"share_on_mastodon":{"url":"https:\/\/pubeurope.com\/@fr\/114607050227919219","error":""},"_links":{"self":[{"href":"https:\/\/www.europesays.com\/fr\/wp-json\/wp\/v2\/posts\/143563","targetHints":{"allow":["GET"]}}],"collection":[{"href":"https:\/\/www.europesays.com\/fr\/wp-json\/wp\/v2\/posts"}],"about":[{"href":"https:\/\/www.europesays.com\/fr\/wp-json\/wp\/v2\/types\/post"}],"author":[{"embeddable":true,"href":"https:\/\/www.europesays.com\/fr\/wp-json\/wp\/v2\/users\/2"}],"replies":[{"embeddable":true,"href":"https:\/\/www.europesays.com\/fr\/wp-json\/wp\/v2\/comments?post=143563"}],"version-history":[{"count":0,"href":"https:\/\/www.europesays.com\/fr\/wp-json\/wp\/v2\/posts\/143563\/revisions"}],"wp:featuredmedia":[{"embeddable":true,"href":"https:\/\/www.europesays.com\/fr\/wp-json\/wp\/v2\/media\/143564"}],"wp:attachment":[{"href":"https:\/\/www.europesays.com\/fr\/wp-json\/wp\/v2\/media?parent=143563"}],"wp:term":[{"taxonomy":"category","embeddable":true,"href":"https:\/\/www.europesays.com\/fr\/wp-json\/wp\/v2\/categories?post=143563"},{"taxonomy":"post_tag","embeddable":true,"href":"https:\/\/www.europesays.com\/fr\/wp-json\/wp\/v2\/tags?post=143563"}],"curies":[{"name":"wp","href":"https:\/\/api.w.org\/{rel}","templated":true}]}}