{"id":143565,"date":"2025-06-01T07:59:08","date_gmt":"2025-06-01T07:59:08","guid":{"rendered":"https:\/\/www.europesays.com\/fr\/143565\/"},"modified":"2025-06-01T07:59:08","modified_gmt":"2025-06-01T07:59:08","slug":"gerald-darmanin-revient-sur-ce-terrible-fait-divers-vecu-par-sa-famille","status":"publish","type":"post","link":"https:\/\/www.europesays.com\/fr\/143565\/","title":{"rendered":"G\u00e9rald Darmanin revient sur ce terrible fait divers v\u00e9cu par sa famille"},"content":{"rendered":"<p>Dans l\u2019\u00e9mission \u00abUne Ambition intime\u00bb, diffus\u00e9e ce soir sur M6, le ministre de la Justice s\u2019est livr\u00e9 sur un drame qui a touch\u00e9 ses proches en 1993.<\/p>\n<p class=\"fig-paragraph\">Pas \u00e9vident de se livrer sur sa vie personnelle&#8230; Surtout lorsqu\u2019on est un homme politique et, qui plus est, au gouvernement.\u00a0<a href=\"https:\/\/www.lefigaro.fr\/tag\/gerald-darmanin\" target=\"_blank\" rel=\"noopener nofollow\" data-gtm-custom-categorie=\"navigation\" data-gtm-custom-action=\"crossclick\" data-gtm-custom-label=\"Contextuel\" data-gtm-event=\"customEventSPE\"><strong>G\u00e9rald Darmanin<\/strong><\/a> \u00a0a toutefois accept\u00e9 l\u2019invitation de\u00a0<a href=\"https:\/\/www.lefigaro.fr\/tag\/karine-le-marchand\" target=\"_blank\" rel=\"noopener nofollow\" data-gtm-custom-categorie=\"navigation\" data-gtm-custom-action=\"crossclick\" data-gtm-custom-label=\"Contextuel\" data-gtm-event=\"customEventSPE\"><strong>Karine Le Marchand<\/strong><\/a> \u00a0\u00e0 participer \u00e0\u00a0<a href=\"https:\/\/tvmag.lefigaro.fr\/programme-tv\/programme\/une-ambition-intime-d1482498338\" target=\"_blank\" rel=\"noopener nofollow\" data-gtm-custom-categorie=\"navigation\" data-gtm-custom-action=\"crossclick\" data-gtm-custom-label=\"Contextuel\" data-gtm-event=\"customEventSPE\">\u00abUne Ambition intime\u00bb<\/a>, diffus\u00e9 ce soir sur M6 \u00e0 partir de 21 h 10.<\/p>\n<p class=\"fig-paragraph\">Le ministre de la Justice a dit oui \u00e0 l\u2019animatrice car il la conna\u00eet depuis quelques ann\u00e9es. Cette derni\u00e8re le pr\u00e9cise d\u2019ailleurs au tout d\u00e9but du portrait. \u00ab Je pr\u00e9f\u00e8re ne pas tricher, nous a-t-elle expliqu\u00e9. Nous avons un ami commun. Lorsqu\u2019il \u00e9tait ministre du Budget, nous faisions des d\u00eeners et nous nous sommes revus quand il \u00e9tait au minist\u00e8re de l\u2019Int\u00e9rieur. Il aimait bien r\u00e9unir des gens pour avoir leur avis. Je pense qu\u2019il a peur d\u2019\u00eatre hors sol. Donc, de temps en temps, il disait\u00a0:\u00a0\u201cViens d\u00e9jeuner, j\u2019aimerais avoir ton avis sur \u00e7a ou \u00e7a\u201d.\u00a0\u00bb\u00a0<\/p>\n<p class=\"fig-body-link\">\n            \u00c0 lire aussi<br \/>\n        <a class=\"fig-body-link__link\" href=\"http:\/\/tvmag.lefigaro.fr\/programme-tv\/actu-tele\/lieux-de-tournage-demandes-particulieres-des-politiques-montage-les-secrets-d-une-ambition-intime-20250531\" target=\"_blank\" data-fig-type=\"Article\" rel=\"noopener nofollow\" data-gtm-custom-categorie=\"navigation\" data-gtm-custom-action=\"crossclick\" data-gtm-custom-label=\"Contextuel\" data-gtm-event=\"customEventSPE\" data-fig-domain=\"TVMAG\">Lieux de tournage, demandes particuli\u00e8res des politiques, montage&#8230; Les secrets d\u2019\u00abUne Ambition intime\u00bb<br \/>\n    <\/a>\n<\/p>\n<p class=\"fig-paragraph\">Lors de la conf\u00e9rence de presse, Karine Le Marchand a \u00e9voqu\u00e9 les r\u00e9ticences de G\u00e9rald Darmanin avant et pendant l\u2019interview. \u00ab Je pense qu\u2019il m\u2019a dit oui parce qu\u2019il \u00e9tait en confiance et que c\u2019\u00e9tait moi, mais \u00e0 partir du moment o\u00f9 il l\u2019a fait, il a voulu dire non. Tout a \u00e9t\u00e9 dur\u00a0\u00bb, pr\u00e9cise-t-elle.<\/p>\n<p class=\"fig-paragraph\">Pour autant, G\u00e9rald Darmanin s\u2019est quand m\u00eame largement confi\u00e9, notamment gr\u00e2ce \u00e0 la longue dur\u00e9e de l\u2019entretien. \u00ab L\u2019interview dure cinq heures et \u00e7a c\u2019est mortel. C\u2019est tr\u00e8s bien fait parce qu\u2019au d\u00e9but j\u2019\u00e9tais sur mes gardes et au bout de cinq heures, Karine Le Marchand revient trois fois sur le truc. Elle sait faire parler tout en restant bienveillante et en posant des questions pas simples\u00a0\u00bb, a-t-il admis.<\/p>\n<blockquote class=\"fig-quote&#10;    \">\n<p class=\"fig-quote__text\">\u00ab C\u2019est une histoire qui m\u2019a beaucoup touch\u00e9\u00a0\u00bb<\/p>\n<p>            G\u00e9rald Darmanin\n    <\/p><\/blockquote>\n<p class=\"fig-paragraph\">L\u2019une d\u2019entre elles a particuli\u00e8rement d\u00e9stabilis\u00e9 le ministre de la Justice. Karine Le Marchand a, en effet, \u00e9voqu\u00e9 un terrible drame qui a touch\u00e9 la famille de G\u00e9rald Darmanin. \u00ab Je parle de mon petit filleul, de mon neveu, a-t-il confi\u00e9 \u00e0 la conf\u00e9rence de presse. C\u2019est une histoire qui m\u2019a beaucoup, beaucoup touch\u00e9 et touch\u00e9 ma famille. Il se trouve qu\u2019en 1993, quand j\u2019avais dix ans, le fils de ma s\u0153ur est d\u00e9c\u00e9d\u00e9. Il a \u00e9t\u00e9 retrouv\u00e9 mort, avec mon beau-fr\u00e8re, dans leur appartement. C\u2019\u00e9tait un divorce tr\u00e8s tumultueux avec violences conjugales. \u00c7a a fait vriller mon p\u00e8re et \u00e7a a beaucoup marqu\u00e9 ma famille. Le journal Le Parisien avait fait, \u00e0 l\u2019\u00e9poque, quelques articles mais personne n\u2019\u00e9tait connu dans ma famille. Et \u00e7a, je n\u2019en ai jamais parl\u00e9.\u00a0\u00bb<\/p>\n<p class=\"fig-body-link\">\n            \u00c0 lire aussi<br \/>\n        <a class=\"fig-body-link__link\" href=\"http:\/\/tvmag.lefigaro.fr\/programme-tv\/actu-tele\/j-aime-bien-quand-c-est-propre-la-maniaquerie-de-jordan-bardella-revelee-dans-une-ambition-intime-20250530\" target=\"_blank\" data-fig-type=\"Article\" rel=\"noopener nofollow\" data-gtm-custom-categorie=\"navigation\" data-gtm-custom-action=\"crossclick\" data-gtm-custom-label=\"Contextuel\" data-gtm-event=\"customEventSPE\" data-fig-domain=\"TVMAG\">\u00abJ\u2019aime bien quand c\u2019est propre\u00bb\u00a0: la maniaquerie de Jordan Bardella r\u00e9v\u00e9l\u00e9e dans \u00abUne ambition intime\u00bb<br \/>\n    <\/a>\n<\/p>\n<p class=\"fig-paragraph\">Un instant fort de l\u2019interview de Karine Le Marchand. \u00ab C\u2019est un moment de t\u00e9l\u00e9vision, je pense, a dit G\u00e9rald Darmanin lors de la conf\u00e9rence de presse en s\u2019adressant \u00e0 l\u2019animatrice. Tu poses la question et je ne m\u2019y attendais pas forc\u00e9ment parce que ce n\u2019est pas une affaire connue. L\u00e0 j\u2019ai senti que c\u2019\u00e9tait dur\u00a0\u00bb.<\/p>\n","protected":false},"excerpt":{"rendered":"Dans l\u2019\u00e9mission \u00abUne Ambition intime\u00bb, diffus\u00e9e ce soir sur M6, le ministre de la Justice s\u2019est livr\u00e9 sur&hellip;\n","protected":false},"author":2,"featured_media":143566,"comment_status":"","ping_status":"","sticky":false,"template":"","format":"standard","meta":{"footnotes":""},"categories":[8],"tags":[6399,6394,6396,6398,6397,6395,58,59,1011,27,432,5413,494,6401,6402,6400],"class_list":{"0":"post-143565","1":"post","2":"type-post","3":"status-publish","4":"format-standard","5":"has-post-thumbnail","7":"category-divertissement","8":"tag-ce-soir-a-la-tele","9":"tag-ce-soir-tv","10":"tag-ce-soir-tv-canal","11":"tag-ce-soir-tv-canalsat","12":"tag-ce-soir-tv-orange","13":"tag-ce-soir-tv-tnt","14":"tag-divertissement","15":"tag-entertainment","16":"tag-fr","17":"tag-france","18":"tag-gerald-darmanin","19":"tag-karine-le-marchand","20":"tag-m6","21":"tag-programme-tele-ce-soir","22":"tag-programme-tv-ce-soir","23":"tag-tv-ce-soir-programme-tv"},"share_on_mastodon":{"url":"https:\/\/pubeurope.com\/@fr\/114607054122995772","error":""},"_links":{"self":[{"href":"https:\/\/www.europesays.com\/fr\/wp-json\/wp\/v2\/posts\/143565","targetHints":{"allow":["GET"]}}],"collection":[{"href":"https:\/\/www.europesays.com\/fr\/wp-json\/wp\/v2\/posts"}],"about":[{"href":"https:\/\/www.europesays.com\/fr\/wp-json\/wp\/v2\/types\/post"}],"author":[{"embeddable":true,"href":"https:\/\/www.europesays.com\/fr\/wp-json\/wp\/v2\/users\/2"}],"replies":[{"embeddable":true,"href":"https:\/\/www.europesays.com\/fr\/wp-json\/wp\/v2\/comments?post=143565"}],"version-history":[{"count":0,"href":"https:\/\/www.europesays.com\/fr\/wp-json\/wp\/v2\/posts\/143565\/revisions"}],"wp:featuredmedia":[{"embeddable":true,"href":"https:\/\/www.europesays.com\/fr\/wp-json\/wp\/v2\/media\/143566"}],"wp:attachment":[{"href":"https:\/\/www.europesays.com\/fr\/wp-json\/wp\/v2\/media?parent=143565"}],"wp:term":[{"taxonomy":"category","embeddable":true,"href":"https:\/\/www.europesays.com\/fr\/wp-json\/wp\/v2\/categories?post=143565"},{"taxonomy":"post_tag","embeddable":true,"href":"https:\/\/www.europesays.com\/fr\/wp-json\/wp\/v2\/tags?post=143565"}],"curies":[{"name":"wp","href":"https:\/\/api.w.org\/{rel}","templated":true}]}}