{"id":143593,"date":"2025-06-01T08:18:14","date_gmt":"2025-06-01T08:18:14","guid":{"rendered":"https:\/\/www.europesays.com\/fr\/143593\/"},"modified":"2025-06-01T08:18:14","modified_gmt":"2025-06-01T08:18:14","slug":"lune-des-victimes-fauchees-par-un-automobiliste-apres-la-victoire-du-psg-temoigne","status":"publish","type":"post","link":"https:\/\/www.europesays.com\/fr\/143593\/","title":{"rendered":"l&rsquo;une des victimes fauch\u00e9es par un automobiliste apr\u00e8s la victoire du PSG t\u00e9moigne"},"content":{"rendered":"<p>Samedi soir, apr\u00e8s <a href=\"https:\/\/www.ledauphine.com\/sport\/2025\/06\/01\/le-psg-sacre-roi-d-europe-paris-en-liesse-avant-le-retour-de-ses-heros\" target=\"_blank\" rel=\"nofollow noopener\">la victoire du PSG<\/a> un drame s\u2019est produit en plein centre-ville de Grenoble, un automobiliste venant <a href=\"https:\/\/www.ledauphine.com\/faits-divers-justice\/2025\/06\/01\/la-fete-degenere-plusieurs-blesses-dans-les-rues-a-grenoble\" target=\"_blank\" rel=\"nofollow noopener\">faucher quatre pi\u00e9tons<\/a> d\u2019une m\u00eame famille dans l&rsquo;angle du cours Jean-Jaur\u00e8s et de l&rsquo;avenue Alsace-Lorraine vers minuit. Tous ont \u00e9t\u00e9 secourus et transport\u00e9s au CHU Grenoble Alpes.<\/p>\n<p>Ce dimanche, on en sait plus sur les victimes. Il s\u2019agit d\u2019une femme de 46 ans, de deux de ses fils &#8211; des jumeaux &#8211; de 17 ans, et de sa ni\u00e8ce \u00e2g\u00e9e de 23 ans.<\/p>\n<p>Si l&rsquo;un des jumeaux, bless\u00e9 l\u00e9g\u00e8rement, a pu sortir de l&rsquo;h\u00f4pital ce dimanche matin, son fr\u00e8re est toujours en soins intensifs dans un \u00e9tat grave. Leur m\u00e8re et leur cousine sont \u00e9galement toujours hospitalis\u00e9es mais leur pronostic vital n&rsquo;est pas engag\u00e9. Au lendemain du drame, le p\u00e8re de famille t\u00e9moigne.<\/p>\n<p>L&rsquo;automobiliste en cause, qui selon nos informations est d\u00e9tenteur du permis de conduire, est toujours en garde \u00e0 vue \u00e0 l&rsquo;h\u00f4tel de police.<\/p>\n","protected":false},"excerpt":{"rendered":"Samedi soir, apr\u00e8s la victoire du PSG un drame s\u2019est produit en plein centre-ville de Grenoble, un automobiliste&hellip;\n","protected":false},"author":2,"featured_media":143594,"comment_status":"","ping_status":"","sticky":false,"template":"","format":"standard","meta":{"footnotes":""},"categories":[9566],"tags":[119,1111,11,2430,112,1777,674,274,107,63,1011,27,329,2731,108,12,25,517],"class_list":{"0":"post-143593","1":"post","2":"type-post","3":"status-publish","4":"format-standard","5":"has-post-thumbnail","7":"category-grenoble","8":"tag-accident","9":"tag-actu","10":"tag-actualites","11":"tag-auvergne-rhone-alpes","12":"tag-edition-grenoble-agglomeration","13":"tag-eu","14":"tag-europe","15":"tag-faits-divers-justice","16":"tag-fil-info","17":"tag-football","18":"tag-fr","19":"tag-france","20":"tag-france-monde","21":"tag-grenoble","22":"tag-isere","23":"tag-news","24":"tag-republique-francaise","25":"tag-sport"},"share_on_mastodon":{"url":"https:\/\/pubeurope.com\/@fr\/114607128811188058","error":""},"_links":{"self":[{"href":"https:\/\/www.europesays.com\/fr\/wp-json\/wp\/v2\/posts\/143593","targetHints":{"allow":["GET"]}}],"collection":[{"href":"https:\/\/www.europesays.com\/fr\/wp-json\/wp\/v2\/posts"}],"about":[{"href":"https:\/\/www.europesays.com\/fr\/wp-json\/wp\/v2\/types\/post"}],"author":[{"embeddable":true,"href":"https:\/\/www.europesays.com\/fr\/wp-json\/wp\/v2\/users\/2"}],"replies":[{"embeddable":true,"href":"https:\/\/www.europesays.com\/fr\/wp-json\/wp\/v2\/comments?post=143593"}],"version-history":[{"count":0,"href":"https:\/\/www.europesays.com\/fr\/wp-json\/wp\/v2\/posts\/143593\/revisions"}],"wp:featuredmedia":[{"embeddable":true,"href":"https:\/\/www.europesays.com\/fr\/wp-json\/wp\/v2\/media\/143594"}],"wp:attachment":[{"href":"https:\/\/www.europesays.com\/fr\/wp-json\/wp\/v2\/media?parent=143593"}],"wp:term":[{"taxonomy":"category","embeddable":true,"href":"https:\/\/www.europesays.com\/fr\/wp-json\/wp\/v2\/categories?post=143593"},{"taxonomy":"post_tag","embeddable":true,"href":"https:\/\/www.europesays.com\/fr\/wp-json\/wp\/v2\/tags?post=143593"}],"curies":[{"name":"wp","href":"https:\/\/api.w.org\/{rel}","templated":true}]}}