{"id":143595,"date":"2025-06-01T08:19:21","date_gmt":"2025-06-01T08:19:21","guid":{"rendered":"https:\/\/www.europesays.com\/fr\/143595\/"},"modified":"2025-06-01T08:19:21","modified_gmt":"2025-06-01T08:19:21","slug":"deux-batiments-detruits-par-le-feu-une-importante-intervention-a-montauban-de-bretagne","status":"publish","type":"post","link":"https:\/\/www.europesays.com\/fr\/143595\/","title":{"rendered":"Deux b\u00e2timents d\u00e9truits par le feu\u00a0: une importante intervention \u00e0 Montauban-de-Bretagne"},"content":{"rendered":"<p>Les pompiers sont intervenus \u00e0 23 h 15, samedi soir, en raison d\u2019un incendie survenu sur le site d\u2019une brocante, \u00e0 Montauban-de-Bretagne, en Ille-et-Vilaine. Deux b\u00e2timents ont \u00e9t\u00e9 d\u00e9truits par les flammes : l\u2019un de 600 m2, l\u2019autre de 200 m2. Les pompiers ont par ailleurs d\u00fb faire face \u00e0 de multiples explosions de bouteilles de gaz qui \u00e9taient stock\u00e9es sur les lieux.<\/p>\n<p><img decoding=\"async\" src=\"https:\/\/www.europesays.com\/fr\/wp-content\/uploads\/2025\/06\/683c087ce85b74c5890d5c42.1.jpeg\" width=\"480\" height=\"300\" class=\"web_golden_m\" loading=\"lazy\" alt=\"Deux b\u00e2timents d\u00e9truits par le feu\u00a0: une importante intervention \u00e0 Montauban-de-Bretagne\"\/> (Photo SDIS 35)<\/p>\n<p>Il a fallu pas moins de 113 sapeurs-pompiers et 40 engins pour venir \u00e0 bout de l\u2019incendie. L\u2019intervention \u00e9tait toujours en cours \u00e0 6 h 30 ce dimanche matin. Aucun bless\u00e9 n\u2019est \u00e0 d\u00e9plorer.<\/p>\n","protected":false},"excerpt":{"rendered":"Les pompiers sont intervenus \u00e0 23 h 15, samedi soir, en raison d\u2019un incendie survenu sur le site&hellip;\n","protected":false},"author":2,"featured_media":143596,"comment_status":"","ping_status":"","sticky":false,"template":"","format":"standard","meta":{"footnotes":""},"categories":[2821],"tags":[1111,11,829,765,1777,674,118,1011,27,848,5383,12,584,25],"class_list":{"0":"post-143595","1":"post","2":"type-post","3":"status-publish","4":"format-standard","5":"has-post-thumbnail","7":"category-rennes","8":"tag-actu","9":"tag-actualites","10":"tag-bretagne","11":"tag-en-continu","12":"tag-eu","13":"tag-europe","14":"tag-faits-divers","15":"tag-fr","16":"tag-france","17":"tag-ille-et-vilaine","18":"tag-incendies","19":"tag-news","20":"tag-rennes","21":"tag-republique-francaise"},"share_on_mastodon":{"url":"https:\/\/pubeurope.com\/@fr\/114607133285426344","error":""},"_links":{"self":[{"href":"https:\/\/www.europesays.com\/fr\/wp-json\/wp\/v2\/posts\/143595","targetHints":{"allow":["GET"]}}],"collection":[{"href":"https:\/\/www.europesays.com\/fr\/wp-json\/wp\/v2\/posts"}],"about":[{"href":"https:\/\/www.europesays.com\/fr\/wp-json\/wp\/v2\/types\/post"}],"author":[{"embeddable":true,"href":"https:\/\/www.europesays.com\/fr\/wp-json\/wp\/v2\/users\/2"}],"replies":[{"embeddable":true,"href":"https:\/\/www.europesays.com\/fr\/wp-json\/wp\/v2\/comments?post=143595"}],"version-history":[{"count":0,"href":"https:\/\/www.europesays.com\/fr\/wp-json\/wp\/v2\/posts\/143595\/revisions"}],"wp:featuredmedia":[{"embeddable":true,"href":"https:\/\/www.europesays.com\/fr\/wp-json\/wp\/v2\/media\/143596"}],"wp:attachment":[{"href":"https:\/\/www.europesays.com\/fr\/wp-json\/wp\/v2\/media?parent=143595"}],"wp:term":[{"taxonomy":"category","embeddable":true,"href":"https:\/\/www.europesays.com\/fr\/wp-json\/wp\/v2\/categories?post=143595"},{"taxonomy":"post_tag","embeddable":true,"href":"https:\/\/www.europesays.com\/fr\/wp-json\/wp\/v2\/tags?post=143595"}],"curies":[{"name":"wp","href":"https:\/\/api.w.org\/{rel}","templated":true}]}}