{"id":143610,"date":"2025-06-01T08:29:16","date_gmt":"2025-06-01T08:29:16","guid":{"rendered":"https:\/\/www.europesays.com\/fr\/143610\/"},"modified":"2025-06-01T08:29:16","modified_gmt":"2025-06-01T08:29:16","slug":"a-bordeaux-une-experience-immersive-en-realite-virtuelle-retrace-le-parcours-de-napoleon","status":"publish","type":"post","link":"https:\/\/www.europesays.com\/fr\/143610\/","title":{"rendered":"\u00c0 Bordeaux, une exp\u00e9rience immersive en r\u00e9alit\u00e9 virtuelle retrace le parcours de Napol\u00e9on"},"content":{"rendered":"<p class=\"fig-slideshow__title\">\n                    \u00c0 Bordeaux, la r\u00e9alit\u00e9 virtuelle retrace le parcours de Napol\u00e9on\n                <\/p>\n<p>Acc\u00e9der au diaporama (5)<\/p>\n<p><strong>EN IMAGES &#8211;<\/strong> L\u2019exposition a ouvert ce jeudi 29 mai. Dans une salle sp\u00e9cialement con\u00e7ue, les spectateurs d\u00e9couvrent l\u2019univers du Petit Caporal, en r\u00e9alit\u00e9 virtuelle.<\/p>\n<p class=\"fig-paragraph\">Une v\u00e9ritable machine \u00e0 remonter le temps. \u00c0 Bordeaux, l\u2019exp\u00e9rience \u00ab<a href=\"https:\/\/www.lefigaro.fr\/vox\/histoire\/2015\/10\/17\/31005-20151017ARTFIG00102-napoleon-a-sainte-helene-la-marque-de-l-abandon.php?msockid=258c4318a154643d05395665a0ed65f9\" target=\"_blank\" data-fig-type=\"Article\" rel=\"noopener\" data-gtm-custom-categorie=\"navigation\" data-gtm-custom-action=\"crossclick\" data-gtm-custom-label=\"Contextuel\" data-gtm-event=\"customEventSPE\" data-fig-domain=\"LEFIGARO\">Napol\u00e9on<\/a> , l\u2019\u00e9pop\u00e9e immersive\u00bb a pris place sur les bords de la Garonne, au Hangar 18. Con\u00e7ue par le studio Sandora, cette immersion s\u2019appuie sur l\u2019expertise d\u2019un comit\u00e9 scientifique r\u00e9unissant des sp\u00e9cialistes de renom, tels que\u00a0<a href=\"http:\/\/www.lefigaro.fr\/histoire\/emmanuel-de-las-cases-confident-de-napoleon-un-passeport-pour-l-eternite-20231209\" data-fig-type=\"Article\" data-gtm-custom-categorie=\"navigation\" data-gtm-custom-action=\"crossclick\" data-gtm-custom-label=\"Contextuel\" data-gtm-event=\"customEventSPE\" data-fig-domain=\"LEFIGARO\" target=\"_blank\" rel=\"noopener\">Pierre Branda<\/a>\u00a0et\u00a0<a href=\"https:\/\/www.lefigaro.fr\/vox\/societe\/jeux-olympiques-faut-il-effacer-pierre-de-coubertin-20240716?msockid=258c4318a154643d05395665a0ed65f9\" target=\"_blank\" data-fig-type=\"Article\" rel=\"noopener\" data-gtm-custom-categorie=\"navigation\" data-gtm-custom-action=\"crossclick\" data-gtm-custom-label=\"Contextuel\" data-gtm-event=\"customEventSPE\" data-fig-domain=\"LEFIGARO\">Fran\u00e7ois Houdecek<\/a>\u00a0de la Fondation Napol\u00e9on, ainsi que l\u2019historien David Chanteranne. On enfile le casque, et nous voil\u00e0 plong\u00e9s dans les plus grands moments de l\u2019histoire napol\u00e9onienne, pendant 28 minutes.<\/p>\n<p class=\"fig-paragraph\">L\u2019aventure commence \u00e0\u00a0<a href=\"https:\/\/www.lefigaro.fr\/voyages\/2017\/10\/19\/30003-20171019ARTFIG00051-sainte-helene-au-coeur-du-tourisme-napoleonien.php?msockid=258c4318a154643d05395665a0ed65f9\" target=\"_blank\" data-fig-type=\"Article\" rel=\"noopener\" data-gtm-custom-categorie=\"navigation\" data-gtm-custom-action=\"crossclick\" data-gtm-custom-label=\"Contextuel\" data-gtm-event=\"customEventSPE\" data-fig-domain=\"LEFIGARO\">Saint-H\u00e9l\u00e8ne<\/a>, en 1817, dans la derni\u00e8re demeure de l\u2019ancien empereur. Napol\u00e9on entre dans la grande pi\u00e8ce et questionne imm\u00e9diatement ses visiteurs\u00a0: \u00abSont-ils de ceux qui me jugent ou de ceux qui m\u2019admirent\u00a0?\u00bb<\/p>\n<p class=\"fig-paragraph\">Des conseils de guerre pr\u00e9c\u00e9dant Austerlitz \u00e0 la charge fulgurante des cuirassiers, les sc\u00e8nes de combat sont omnipr\u00e9sentes sur la premi\u00e8re moiti\u00e9 de l\u2019exp\u00e9rience. Puis, une s\u00e9quence donne le vertige\u00a0: l\u2019ascension triomphale de la colonne Vend\u00f4me, command\u00e9e par Napol\u00e9on en 1806 apr\u00e8s sa victoire \u00e0 Austerlitz, l\u2019un de ses triomphes les plus \u00e9clatants contre les Russes et les Autrichiens.<\/p>\n<p class=\"fig-paragraph\">Le magn\u00e9to retrace aussi les heures moins glorieuses. Celles de la retraite de Russie, notamment la bataille de la B\u00e9r\u00e9zina, jusqu\u2019au dernier exil vers l\u2019\u00eele de Sainte-H\u00e9l\u00e8ne. Grandeur et d\u00e9clin s\u2019entrelacent. Une travers\u00e9e saisissante d\u2019un empire en clair-obscur. L\u2019immersion am\u00e8ne \u00e0 la r\u00e9flexion autour de la part d\u2019ombre qui peut entourer Napol\u00e9on et son action. \u00abC\u2019est forc\u00e9ment un nom qui r\u00e9sonne, qui fascine autant qu\u2019il suscite le d\u00e9bat\u00bb, explique \u00c9meric Prache l\u2019un des cr\u00e9ateurs de l\u2019exp\u00e9rimentation. \u00abC\u2019est l\u2019un des personnages historiques les plus \u00e9tudi\u00e9s au monde, et peut-\u00eatre le plus mythifi\u00e9. On a voulu raconter comment il a boulevers\u00e9 la France et redessiner l\u2019Europe, tout en confrontant sa l\u00e9gende dor\u00e9e \u00e0 sa l\u00e9gende noire. On raconte aussi l\u2019h\u00e9ritage qu\u2019il nous a laiss\u00e9 et son empreinte profonde dans nos institutions\u00bb, ajoute-t-il.<\/p>\n<p>\u00abUn m\u00e9lange de technologie et d\u2019histoire\u00bb<\/p>\n<p class=\"fig-paragraph\">Cette exp\u00e9rience se d\u00e9roule dans un espace de 60 m\u00b2. Jusqu\u2019\u00e0 dix personnes peuvent y \u00e9voluer et y circuler librement. La technologie utilis\u00e9e, avec le casque HTC Vive Focus 3, offre une immersion visuelle et sonore surprenante. Napol\u00e9on est en face de vous. Vous pouvez le toucher, faire une partie d\u2019\u00e9checs \u00e0 Sainte-H\u00e9l\u00e8ne et m\u00eame jouer quelques notes sur un piano des ann\u00e9es 1800. Au moment de retirer le casque, retour \u00e0 la r\u00e9alit\u00e9. Les curieux sont conquis\u00a0: \u00abC\u2019est impressionnant\u00bb, \u00abun m\u00e9lange de technologie et d\u2019histoire\u00bb, \u00abOn a l\u2019impression d\u2019y \u00eatre\u00bb, l\u00e2chent-ils.<\/p>\n<p class=\"fig-paragraph\">L\u2019exposition est accessible \u00e0 Paris depuis le 27 mars et \u00e0 Brasilia depuis le 13 mai, apr\u00e8s avoir \u00e9t\u00e9 inaugur\u00e9e \u00e0 Bruxelles en f\u00e9vrier. Elle est d\u00e9sormais \u00e0 Bordeaux, depuis ce jeudi 29 mai, \u00abpour une dur\u00e9e ind\u00e9termin\u00e9e\u00bb, selon les porteurs du projet. 70 personnes ont particip\u00e9 \u00e0 l\u2019exp\u00e9rience le premier jour. Les billets sont disponibles en ligne, et co\u00fbtent 20 euros.<\/p>\n","protected":false},"excerpt":{"rendered":"\u00c0 Bordeaux, la r\u00e9alit\u00e9 virtuelle retrace le parcours de Napol\u00e9on Acc\u00e9der au diaporama (5) EN IMAGES &#8211; L\u2019exposition&hellip;\n","protected":false},"author":2,"featured_media":143611,"comment_status":"","ping_status":"","sticky":false,"template":"","format":"standard","meta":{"footnotes":""},"categories":[2817],"tags":[1111,11,1997,2916,2911,2910,2915,2909,2904,2913,2912,2914,2906,2907,1777,674,1011,27,2905,2908,12,2219,25],"class_list":{"0":"post-143610","1":"post","2":"type-post","3":"status-publish","4":"format-standard","5":"has-post-thumbnail","7":"category-bordeaux","8":"tag-actu","9":"tag-actualites","10":"tag-bordeaux","11":"tag-bordeaux-cauderan","12":"tag-bordeaux-centre-ville","13":"tag-bordeaux-chartrons-grand-parc-jardin-public","14":"tag-bordeaux-la-bastide","15":"tag-bordeaux-maritime","16":"tag-bordeaux-metropole","17":"tag-bordeaux-nansouty-st-genes","18":"tag-bordeaux-st-augustin-tauzin-alphonse-dupeux","19":"tag-bordeaux-sud","20":"tag-capitale-de-gaule","21":"tag-cathedrale-gothique-de-saint-andre","22":"tag-eu","23":"tag-europe","24":"tag-fr","25":"tag-france","26":"tag-gironde","27":"tag-girondins-de-bordeaux","28":"tag-news","29":"tag-nouvelle-aquitaine","30":"tag-republique-francaise"},"share_on_mastodon":{"url":"","error":"Validation failed: Text character limit of 500 exceeded"},"_links":{"self":[{"href":"https:\/\/www.europesays.com\/fr\/wp-json\/wp\/v2\/posts\/143610","targetHints":{"allow":["GET"]}}],"collection":[{"href":"https:\/\/www.europesays.com\/fr\/wp-json\/wp\/v2\/posts"}],"about":[{"href":"https:\/\/www.europesays.com\/fr\/wp-json\/wp\/v2\/types\/post"}],"author":[{"embeddable":true,"href":"https:\/\/www.europesays.com\/fr\/wp-json\/wp\/v2\/users\/2"}],"replies":[{"embeddable":true,"href":"https:\/\/www.europesays.com\/fr\/wp-json\/wp\/v2\/comments?post=143610"}],"version-history":[{"count":0,"href":"https:\/\/www.europesays.com\/fr\/wp-json\/wp\/v2\/posts\/143610\/revisions"}],"wp:featuredmedia":[{"embeddable":true,"href":"https:\/\/www.europesays.com\/fr\/wp-json\/wp\/v2\/media\/143611"}],"wp:attachment":[{"href":"https:\/\/www.europesays.com\/fr\/wp-json\/wp\/v2\/media?parent=143610"}],"wp:term":[{"taxonomy":"category","embeddable":true,"href":"https:\/\/www.europesays.com\/fr\/wp-json\/wp\/v2\/categories?post=143610"},{"taxonomy":"post_tag","embeddable":true,"href":"https:\/\/www.europesays.com\/fr\/wp-json\/wp\/v2\/tags?post=143610"}],"curies":[{"name":"wp","href":"https:\/\/api.w.org\/{rel}","templated":true}]}}