{"id":143619,"date":"2025-06-01T08:34:07","date_gmt":"2025-06-01T08:34:07","guid":{"rendered":"https:\/\/www.europesays.com\/fr\/143619\/"},"modified":"2025-06-01T08:34:07","modified_gmt":"2025-06-01T08:34:07","slug":"les-diners-insolites-reviennent-a-marseille-et-dans-les-bouches-du-rhone-voici-ou-et-quand","status":"publish","type":"post","link":"https:\/\/www.europesays.com\/fr\/143619\/","title":{"rendered":"Les d\u00eeners insolites reviennent \u00e0 Marseille et dans les Bouches-du-Rh\u00f4ne : voici o\u00f9 et quand"},"content":{"rendered":"<p>            Par<br \/>\n        <strong><br \/>\n            <a href=\"https:\/\/actu.fr\/auteur\/thibault-nadal-actu-fr\" title=\"Consulter tous les articles de Thibault Nadal\" rel=\"nofollow noopener\" target=\"_blank\">Thibault Nadal<\/a><br \/>\n        <\/strong><\/p>\n<p>        Publi\u00e9 le<\/p>\n<p>            1 juin 2025 \u00e0 9h47        <\/p>\n<p>La possibilit\u00e9 de partager un repas dans des endroits d\u2019exception. Les d\u00eeners insolites en Provence reviennent pour une sixi\u00e8me \u00e9dition \u00e0 <a href=\"https:\/\/actu.fr\/marseille\/\" rel=\"nofollow noopener\" target=\"_blank\">Marseille<\/a> et dans <a href=\"https:\/\/actu.fr\/provence-alpes-cote-d-azur\/bouches-du-rhone_13\" rel=\"nofollow noopener\" target=\"_blank\">les Bouches-du-Rh\u00f4ne<\/a>. Organis\u00e9 par Provence Tourisme, cet \u00e9v\u00e9nement est l\u2019occasion de profiter de d\u00eeners dans un cadre hors du commun et concoct\u00e9 par des grands chefs.<\/p>\n<p class=\" wall-content\">Cette ann\u00e9e, <strong>14 lieux ont \u00e9t\u00e9 retenus pour 17 soir\u00e9es du 1er au 31\u00a0juillet<\/strong>.<\/p>\n<p>Les r\u00e9servations ouvrent le 3\u00a0juin<\/p>\n<p class=\" wall-content\">\u00ab\u2009Une table \u00e9ph\u00e9m\u00e8re, dress\u00e9e \u00e0 ciel ouvert, un chef inspir\u00e9 \u2013 \u00e9toil\u00e9, bistrotier ou aventurier \u2013 et un menu imagin\u00e9 pour sublimer le territoire. \u00c0 chaque \u00e9tape, une rencontre singuli\u00e8re entre nature, gastronomie et \u00e9motion\u2009\u00bb, promet Provence Tourisme.<\/p>\n<p class=\" wall-content\">Les r\u00e9servations pour cet \u00e9v\u00e9nement exceptionnel ouvrent d\u00e8s ce mardi 3\u00a0juin 2025 sur <a href=\"https:\/\/mpgastronomie.fr\/evenements\/les-diners-insolites-2025\/\" rel=\"nofollow noopener\" target=\"_blank\">le site de Provence Tourisme<\/a>.<\/p>\n<p>Voici les lieux retenus pour cette \u00e9dition 2025\u2009:<\/p>\n<ul class=\" wall-content\">\n<li>Centrale hydro\u00e9lectrique EDF \u00e0 Saint-Chamas le 1er\u00a0juillet. Cheffe\u2009: C\u00e9line Pham. Tarif\u2009: 90\u00a0euros.<\/li>\n<li>R\u00e9servoir du Vallon d\u2019Ol \u00e0 Marseille le 2\u00a0juillet. Chef\u2009: Neil Mahatstry. Tarif\u2009: 90\u00a0euros.<\/li>\n<li>Domaine du capitaine d\u2019Anjou \u00e0 Puyloubier le 3\u00a0juillet. Chef\u2009: C\u00e9dric Aubert. Tarif\u2009: 90\u00a0euros.<\/li>\n<li>Domaine du Paternal \u00e0 Cassis le 6\u00a0juillet. Cheffe\u2009: Mah\u00e9va Angelmann. Tarif\u2009: 90\u00a0euros.<\/li>\n<li>Carri\u00e8re Bronzo \u00e0 Aubagne les 7 et 8\u00a0juillet. Premier soir, cheffe\u2009: Sacha Lobell et Johan Combes et Gabriel Mietz le deuxi\u00e8me soir. Tarifs\u2009: 95\u00a0euros.<\/li>\n<li>Ch\u00e2teau des Baux \u00e0 Baux de Provence le 10\u00a0juillet. Chef\u2009: Erik Machesan.<\/li>\n<li>Domaine de la B\u00e9theline \u00e0 Marseille les 12 et 13\u00a0juillet. Premier soir, cheffe\u2009: Julia Toche. Deuxi\u00e8me soir, chef\u2009: J\u00e9r\u00e9my Bigou. Tarifs\u2009: 90\u00a0euros.<\/li>\n<li>Montvallon \u00e0 Vitrolles le 15\u00a0juillet. Chef\u2009: Preston Miller. Tarif\u2009: 90\u00a0euros.<\/li>\n<li>Domaine du Ja\u00ef \u00e0 Ch\u00e2teauneuf-les-Martigues le 20\u00a0juillet. Chef\u2009: Ilane Tinchant. Tarif\u2009: 90\u00a0euros.<\/li>\n<li>Domaine de Beaujeu \u00e0 Arles le 21\u00a0juillet. Cheffe\u2009: Danielle Barbosa. Tarif\u2009: 90\u00a0euros.<\/li>\n<li>Le parc ornithologique du pont de Gau \u00e0 Saintes-Maries-de-la-Mer le 22\u00a0juillet. Chef\u2009: Emmanuel de Oliveira. Tarif\u2009: 90\u00a0euros.<\/li>\n<li>Carri\u00e8re de Saint-Tronc \u00e0 Marseille les 25 et 26\u00a0juillet. Premier soir, chef\u2009: Aur\u00e9lien Baron. Deuxi\u00e8me soir, chef\u2009: Mathieu Bourdoiseau. Tarifs\u2009: 95\u00a0euros.<\/li>\n<li>La Serre P\u00e9rez et Fils \u00e0 Saint-R\u00e9my-de-Provence le 29\u00a0juillet. Chef\u2009: J\u00e9r\u00e9my Scalia. Tarif\u2009: 90\u00a0euros.<\/li>\n<li>La Durance \u00e0 Charleval le 31\u00a0juillet. Cheffe\u2009: Charlotte Baldaquin. Tarif\u2009: 90\u00a0euros.<\/li>\n<\/ul>\n<p>Vid\u00e9os : en ce moment sur Actu<\/p>\n<p class=\" wall-content\">Tous les d\u00eeners se d\u00e9rouleront le soir de 19h \u00e0 23h. <a href=\"https:\/\/madeinmarseille.net\/actualite\/181000-les-diners-insolites-de-retour-dans-des-lieux-exceptionnels-en-provence\/\" rel=\"nofollow noopener\" target=\"_blank\">Made in Marseille<\/a> annonce que deux autres dates devraient \u00eatre prochainement annonc\u00e9es.<\/p>\n<p class=\" wall-content\">Suivez toute l\u2019actualit\u00e9 de vos villes et m\u00e9dias favoris en vous inscrivant \u00e0 <a href=\"https:\/\/moncompte.actu.fr\" title=\"D\u00e9couvez Mon Actu\" rel=\"nofollow noopener\" data-trk=\"{&quot;cta&quot;:{&quot;action&quot;:&quot;https:\\\/\\\/moncompte.actu.fr&quot;,&quot;category&quot;:&quot;mon compte&quot;,&quot;from&quot;:&quot;article footer&quot;,&quot;name&quot;:&quot;Mon actu&quot;,&quot;type&quot;:&quot;cta&quot;}}\" target=\"_blank\">Mon Actu<\/a>.<\/p>\n","protected":false},"excerpt":{"rendered":"Par Thibault Nadal Publi\u00e9 le 1 juin 2025 \u00e0 9h47 La possibilit\u00e9 de partager un repas dans des&hellip;\n","protected":false},"author":2,"featured_media":143620,"comment_status":"","ping_status":"","sticky":false,"template":"","format":"standard","meta":{"footnotes":""},"categories":[2814],"tags":[1111,11,1777,674,1011,27,1661,1652,884,12,882,25],"class_list":{"0":"post-143619","1":"post","2":"type-post","3":"status-publish","4":"format-standard","5":"has-post-thumbnail","7":"category-marseille","8":"tag-actu","9":"tag-actualites","10":"tag-eu","11":"tag-europe","12":"tag-fr","13":"tag-france","14":"tag-gastronomie","15":"tag-loisirs-culture","16":"tag-marseille","17":"tag-news","18":"tag-provence-alpes-cote-dazur","19":"tag-republique-francaise"},"share_on_mastodon":{"url":"https:\/\/pubeurope.com\/@fr\/114607191916103762","error":""},"_links":{"self":[{"href":"https:\/\/www.europesays.com\/fr\/wp-json\/wp\/v2\/posts\/143619","targetHints":{"allow":["GET"]}}],"collection":[{"href":"https:\/\/www.europesays.com\/fr\/wp-json\/wp\/v2\/posts"}],"about":[{"href":"https:\/\/www.europesays.com\/fr\/wp-json\/wp\/v2\/types\/post"}],"author":[{"embeddable":true,"href":"https:\/\/www.europesays.com\/fr\/wp-json\/wp\/v2\/users\/2"}],"replies":[{"embeddable":true,"href":"https:\/\/www.europesays.com\/fr\/wp-json\/wp\/v2\/comments?post=143619"}],"version-history":[{"count":0,"href":"https:\/\/www.europesays.com\/fr\/wp-json\/wp\/v2\/posts\/143619\/revisions"}],"wp:featuredmedia":[{"embeddable":true,"href":"https:\/\/www.europesays.com\/fr\/wp-json\/wp\/v2\/media\/143620"}],"wp:attachment":[{"href":"https:\/\/www.europesays.com\/fr\/wp-json\/wp\/v2\/media?parent=143619"}],"wp:term":[{"taxonomy":"category","embeddable":true,"href":"https:\/\/www.europesays.com\/fr\/wp-json\/wp\/v2\/categories?post=143619"},{"taxonomy":"post_tag","embeddable":true,"href":"https:\/\/www.europesays.com\/fr\/wp-json\/wp\/v2\/tags?post=143619"}],"curies":[{"name":"wp","href":"https:\/\/api.w.org\/{rel}","templated":true}]}}