{"id":14362,"date":"2025-04-10T06:58:09","date_gmt":"2025-04-10T06:58:09","guid":{"rendered":"https:\/\/www.europesays.com\/fr\/14362\/"},"modified":"2025-04-10T06:58:09","modified_gmt":"2025-04-10T06:58:09","slug":"apres-21-ans-de-brouille-madonna-et-elton-john-enterrent-la-hache-de-guerre","status":"publish","type":"post","link":"https:\/\/www.europesays.com\/fr\/14362\/","title":{"rendered":"Apr\u00e8s 21 ans de brouille, Madonna et Elton John enterrent la hache de guerre"},"content":{"rendered":"<p>\u00c0 l\u2019occasion de l&rsquo;enregistrement de Saturday Night Live, diffus\u00e9e le 5 avril, <a href=\"https:\/\/www.vanityfair.fr\/dossier\/elton-john\" isautogenerated=\"true\" rel=\"nofollow noopener\" target=\"_blank\">Elton John<\/a> et <a href=\"https:\/\/www.vanityfair.fr\/dossier\/madonna\" isautogenerated=\"true\" rel=\"nofollow noopener\" target=\"_blank\">Madonna<\/a> se sont retrouv\u00e9s dans les coulisses afin de mettre fin \u00e0 des ann\u00e9es de tension. La chanteuse de 66 ans pr\u00e9sente sur le plateau de l\u2019\u00e9mission pour regarder le britannique chanter a partag\u00e9 son euphorie sur son compte Instagram. \u00ab Nous avons enfin enterr\u00e9 la hache de guerre !!! \u00bb s&rsquo;est-elle r\u00e9jouie. Elle continue en exprimant son admiration pour l\u2019artiste: \u00ab J\u2019ai \u00e9t\u00e9 voir Elton John chanter au SNL ce weekend!! Wow. Je me souviens de quand j&rsquo;\u00e9tais au lyc\u00e9e et que je sortais en cachette le soir pour le voir jouer en direct \u00e0 D\u00e9troit. C\u2019\u00e9tait un moment inoubliable qui m\u2019a aid\u00e9 \u00e0 comprendre le pouvoir transformateur de la musique. Le voir chanter quand j&rsquo;\u00e9tais lyc\u00e9enne a chang\u00e9 le cours de ma vie. Je me suis toujours sentie \u00e0 l\u2019\u00e9cart en grandissant et le voir sur sc\u00e8ne m\u2019a permis de comprendre que c\u2019\u00e9tait ok d\u2019\u00eatre diff\u00e9rent, de se d\u00e9marquer, de prendre le chemin le moins emprunt\u00e9. \u00c0 vrai dire, c\u2019\u00e9tait essentiel. \u00bb<\/p>\n<p>Instagram content<\/p>\n<p>This content can also be viewed on the site it <a href=\"https:\/\/www.instagram.com\/p\/DIJ5fWExX68\" target=\"_blank\" rel=\"nofollow noreferrer noopener\" aria-label=\"Opens in a new window\" class=\"BaseWrap-sc-gjQpdd BaseText-ewhhUZ BaseLink-eNWuiM ConsentBannerLink-dJZMSz iUEiRd hfDfPc joAuXZ\">originates<\/a> from.<\/p>\n<p>Victime pendant plusieurs ann\u00e9es de critiques de la part du chanteur, l&rsquo;artiste explique avoir \u00e9t\u00e9 pein\u00e9e d\u2019\u00eatre bl\u00e2m\u00e9e de la sorte par une de ses inspirations. \u00ab Pendant toutes ces ann\u00e9es, j\u2019ai \u00e9t\u00e9 bless\u00e9e de savoir qu\u2019une personne que j\u2019admirais tant partageait publiquement son aversion pour moi en tant qu\u2019artiste. Je ne comprenais pas. \u00bb Bien d\u00e9cid\u00e9 \u00e0 enterrer la hache de guerre, c\u2019est la chanteuse qui a approch\u00e9 l&rsquo;interpr\u00e8te de Your Song. \u00ab On m\u2019a dit qu\u2019Elton John \u00e9tait l\u2019invit\u00e9 musical du SNL et j\u2019ai donc d\u00e9cid\u00e9 d\u2019y aller. J\u2019avais besoin d\u2019aller en coulisses et de le confronter. Quand je l\u2019ai rencontr\u00e9, la premi\u00e8re chose qui est sortie de sa bouche a \u00e9t\u00e9: \u201cPardonne-moi\u201d , et le mur qui nous s\u00e9parait s\u2019est effondr\u00e9. Le pardon est un outil puissant. En quelques minutes, nous nous sommes serr\u00e9s dans les bras. \u00bb<\/p>\n<p>L&rsquo;origine des tensions<\/p>\n<p>La querelle entre les deux artistes a commenc\u00e9 en 2004, quand le chanteur britannique a critiqu\u00e9 Madonna alors nomm\u00e9e pour un Q Awards dans la cat\u00e9gorie meilleure performance en direct. \u00ab Madonna meilleure performance en direct? Allez vous faire foutre! Depuis quand faire du play-back, c\u2019est du direct? D\u00e9sol\u00e9, mais je pense que tous ceux qui font \u00e7a sur sc\u00e8ne, en public, alors que vous payez 75 livres pour les voir, devraient \u00eatre abattus. \u00bb Huit ans plus tard, suite \u00e0 l\u2019annonce de Madonna pour chanter \u00e0 la mi-temps du <a href=\"https:\/\/www.vanityfair.fr\/dossier\/super-bowl\" isautogenerated=\"true\" rel=\"nofollow noopener\" target=\"_blank\">Super Bowl<\/a>, le chanteur avait rench\u00e9ri. Non sollicit\u00e9, il lui avait conseill\u00e9 de \u00ab bien faire le play-back \u00bb. Puis la m\u00eame ann\u00e9e, il avait compar\u00e9 sa tourn\u00e9e MDNA \u00e0 un \u00ab d\u00e9sastre \u00bb allant jusqu\u2019\u00e0 la comparer \u00e0 une \u00ab strip-teaseuse de foire \u00bb.<\/p>\n<p>Et maintenant ? \u00ab Une possible collaboration n\u2019est \u00e9galement pas \u00e0 exclure. \u00ab [Elton] m\u2019a dit qu\u2019il avait \u00e9crit une chanson pour moi et qu\u2019il voulait collaborer \u00bb a ajout\u00e9 Madonna.<\/p>\n<p><script async src=\"\/\/www.instagram.com\/embed.js\"><\/script><\/p>\n","protected":false},"excerpt":{"rendered":"\u00c0 l\u2019occasion de l&rsquo;enregistrement de Saturday Night Live, diffus\u00e9e le 5 avril, Elton John et Madonna se sont&hellip;\n","protected":false},"author":2,"featured_media":14363,"comment_status":"","ping_status":"","sticky":false,"template":"","format":"standard","meta":{"footnotes":""},"categories":[1359],"tags":[58,3509,59,1011,27,6239,973],"class_list":{"0":"post-14362","1":"post","2":"type-post","3":"status-publish","4":"format-standard","5":"has-post-thumbnail","7":"category-people","8":"tag-divertissement","9":"tag-elton-john","10":"tag-entertainment","11":"tag-fr","12":"tag-france","13":"tag-madonna","14":"tag-people"},"share_on_mastodon":{"url":"https:\/\/pubeurope.com\/@fr\/114312374050184527","error":""},"_links":{"self":[{"href":"https:\/\/www.europesays.com\/fr\/wp-json\/wp\/v2\/posts\/14362","targetHints":{"allow":["GET"]}}],"collection":[{"href":"https:\/\/www.europesays.com\/fr\/wp-json\/wp\/v2\/posts"}],"about":[{"href":"https:\/\/www.europesays.com\/fr\/wp-json\/wp\/v2\/types\/post"}],"author":[{"embeddable":true,"href":"https:\/\/www.europesays.com\/fr\/wp-json\/wp\/v2\/users\/2"}],"replies":[{"embeddable":true,"href":"https:\/\/www.europesays.com\/fr\/wp-json\/wp\/v2\/comments?post=14362"}],"version-history":[{"count":0,"href":"https:\/\/www.europesays.com\/fr\/wp-json\/wp\/v2\/posts\/14362\/revisions"}],"wp:featuredmedia":[{"embeddable":true,"href":"https:\/\/www.europesays.com\/fr\/wp-json\/wp\/v2\/media\/14363"}],"wp:attachment":[{"href":"https:\/\/www.europesays.com\/fr\/wp-json\/wp\/v2\/media?parent=14362"}],"wp:term":[{"taxonomy":"category","embeddable":true,"href":"https:\/\/www.europesays.com\/fr\/wp-json\/wp\/v2\/categories?post=14362"},{"taxonomy":"post_tag","embeddable":true,"href":"https:\/\/www.europesays.com\/fr\/wp-json\/wp\/v2\/tags?post=14362"}],"curies":[{"name":"wp","href":"https:\/\/api.w.org\/{rel}","templated":true}]}}