{"id":143625,"date":"2025-06-01T08:40:08","date_gmt":"2025-06-01T08:40:08","guid":{"rendered":"https:\/\/www.europesays.com\/fr\/143625\/"},"modified":"2025-06-01T08:40:08","modified_gmt":"2025-06-01T08:40:08","slug":"apres-la-victoire-du-psg-les-orages-ont-epargne-paris-mais-la-grele-est-tombee-tres-pres","status":"publish","type":"post","link":"https:\/\/www.europesays.com\/fr\/143625\/","title":{"rendered":"apr\u00e8s la victoire du PSG, les orages ont \u00e9pargn\u00e9 Paris mais la gr\u00eale est tomb\u00e9e tr\u00e8s pr\u00e8s"},"content":{"rendered":"<p>            Par<br \/>\n        <strong><br \/>\n            <a href=\"https:\/\/actu.fr\/auteur\/thomas-martin\" title=\"Consulter tous les articles de Thomas Martin\" target=\"_blank\" rel=\"noopener\">Thomas Martin<\/a><br \/>\n        <\/strong><\/p>\n<p>        Publi\u00e9 le<\/p>\n<p>            1 juin 2025 \u00e0 10h23        <\/p>\n<p>Toutes les plan\u00e8tes \u00e9taient align\u00e9es samedi soir pour les supporters du <a href=\"https:\/\/actu.fr\/tag\/paris-saint-germain-psg\" target=\"_blank\" rel=\"noopener\">PSG<\/a>. La <a href=\"https:\/\/actu.fr\/ile-de-france\/paris_75056\/irresistible-le-psg-remporte-la-premiere-ligue-des-champions-de-son-histoire-au-terme-d-une-finale-de-reve_62712076.html\" target=\"_blank\" rel=\"noopener\">victoire<\/a> d\u2019abord mais aussi la <a href=\"https:\/\/actu.fr\/paris\/meteo\" target=\"_blank\" rel=\"noopener\">m\u00e9t\u00e9o<\/a>. Alors que des orages \u00e9taient craints par <a href=\"https:\/\/actu.fr\/tag\/meteo-france\" target=\"_blank\" rel=\"noopener\">M\u00e9t\u00e9o-France<\/a> qui avait plac\u00e9 Paris et l\u2019\u00cele-de-France en <a href=\"https:\/\/actu.fr\/meteo\/meteo-vigilance-aux-orages-activee-apres-le-pic-de-chaleur-a-paris-et-en-ile-de-france-de-ce-vendredi_62705779.html\" target=\"_blank\" rel=\"noopener\">vigilance jaune<\/a>, la capitale a \u00e9t\u00e9 \u00e9pargn\u00e9e. Mais, cela n\u2019a pas \u00e9t\u00e9 le cas de tous les d\u00e9partements.\u00a0<\/p>\n<p>Des gr\u00ealons de 2 \u00e0 4 centim\u00e8tres<\/p>\n<p class=\" wall-content\">C\u2019est l\u2019Est de l\u2019\u00cele-de-France qui a \u00e9t\u00e9 touch\u00e9 puisque des orages ont \u00e9clat\u00e9 dans le nord de la Seine-et-Marne avec m\u00eame de la <a href=\"https:\/\/actu.fr\/meteo\/les-orages-arrivent-a-paris-et-en-ile-de-france-voici-ou-ils-pourraient-frapper-avec-peut-etre-de-la-grele_62711892.html\" target=\"_blank\" rel=\"noopener\">gr\u00eale<\/a> comme cela avait \u00e9t\u00e9 annonc\u00e9. L\u2019Oise a \u00e9galement \u00e9t\u00e9 touch\u00e9.\u00a0<\/p>\n<p class=\" wall-content\">Selon le compte M\u00e9t\u00e9o Nord Paris sur X, les gr\u00ealons ont atteint 2 \u00e0 4 cm de diam\u00e8tre provoquant de nombreux d\u00e9g\u00e2ts.<\/p>\n<p class=\" wall-content\">\n<p class=\" wall-content\">\n<p class=\" wall-content\">Ce dimanche, jour de parade des vainqueurs de la Ligue des Champions, le temps devrait \u00eatre id\u00e9al dans la capitale avec des temp\u00e9ratures beaucoup moins \u00e9lev\u00e9es puisque l\u2019on attend 21\u00b0C en d\u00e9but d\u2019apr\u00e8s-midi, soit quelque 10 degr\u00e9s de moins que la veille.\u00a0<\/p>\n<p class=\" wall-content\">Suivez toute l\u2019actualit\u00e9 de vos villes et m\u00e9dias favoris en vous inscrivant \u00e0 <a href=\"https:\/\/moncompte.actu.fr\" title=\"D\u00e9couvez Mon Actu\" rel=\"nofollow noopener\" data-trk=\"{&quot;cta&quot;:{&quot;action&quot;:&quot;https:\\\/\\\/moncompte.actu.fr&quot;,&quot;category&quot;:&quot;mon compte&quot;,&quot;from&quot;:&quot;article footer&quot;,&quot;name&quot;:&quot;Mon actu&quot;,&quot;type&quot;:&quot;cta&quot;}}\" target=\"_blank\">Mon Actu<\/a>.<\/p>\n","protected":false},"excerpt":{"rendered":"Par Thomas Martin Publi\u00e9 le 1 juin 2025 \u00e0 10h23 Toutes les plan\u00e8tes \u00e9taient align\u00e9es samedi soir pour&hellip;\n","protected":false},"author":2,"featured_media":143626,"comment_status":"","ping_status":"","sticky":false,"template":"","format":"standard","meta":{"footnotes":""},"categories":[1888],"tags":[1111,1928,11,1927,1777,674,1011,27,2487,2357,12,1926,4594,626,1925,25],"class_list":{"0":"post-143625","1":"post","2":"type-post","3":"status-publish","4":"format-standard","5":"has-post-thumbnail","7":"category-paris","8":"tag-actu","9":"tag-actu-paris","10":"tag-actualites","11":"tag-actualites-paris","12":"tag-eu","13":"tag-europe","14":"tag-fr","15":"tag-france","16":"tag-meteo","17":"tag-meteo-france","18":"tag-news","19":"tag-news-paris","20":"tag-orages","21":"tag-paris","22":"tag-paris-news","23":"tag-republique-francaise"},"share_on_mastodon":{"url":"https:\/\/pubeurope.com\/@fr\/114607215342667216","error":""},"_links":{"self":[{"href":"https:\/\/www.europesays.com\/fr\/wp-json\/wp\/v2\/posts\/143625","targetHints":{"allow":["GET"]}}],"collection":[{"href":"https:\/\/www.europesays.com\/fr\/wp-json\/wp\/v2\/posts"}],"about":[{"href":"https:\/\/www.europesays.com\/fr\/wp-json\/wp\/v2\/types\/post"}],"author":[{"embeddable":true,"href":"https:\/\/www.europesays.com\/fr\/wp-json\/wp\/v2\/users\/2"}],"replies":[{"embeddable":true,"href":"https:\/\/www.europesays.com\/fr\/wp-json\/wp\/v2\/comments?post=143625"}],"version-history":[{"count":0,"href":"https:\/\/www.europesays.com\/fr\/wp-json\/wp\/v2\/posts\/143625\/revisions"}],"wp:featuredmedia":[{"embeddable":true,"href":"https:\/\/www.europesays.com\/fr\/wp-json\/wp\/v2\/media\/143626"}],"wp:attachment":[{"href":"https:\/\/www.europesays.com\/fr\/wp-json\/wp\/v2\/media?parent=143625"}],"wp:term":[{"taxonomy":"category","embeddable":true,"href":"https:\/\/www.europesays.com\/fr\/wp-json\/wp\/v2\/categories?post=143625"},{"taxonomy":"post_tag","embeddable":true,"href":"https:\/\/www.europesays.com\/fr\/wp-json\/wp\/v2\/tags?post=143625"}],"curies":[{"name":"wp","href":"https:\/\/api.w.org\/{rel}","templated":true}]}}