{"id":143627,"date":"2025-06-01T08:41:10","date_gmt":"2025-06-01T08:41:10","guid":{"rendered":"https:\/\/www.europesays.com\/fr\/143627\/"},"modified":"2025-06-01T08:41:10","modified_gmt":"2025-06-01T08:41:10","slug":"une-femme-en-scooter-percutee-par-un-vehicule-meurt-en-marge-des-festivites-apres-la-victoire-du-psg","status":"publish","type":"post","link":"https:\/\/www.europesays.com\/fr\/143627\/","title":{"rendered":"une femme en scooter percut\u00e9e par un v\u00e9hicule meurt en marge des festivit\u00e9s apr\u00e8s la victoire du PSG"},"content":{"rendered":"<p><img decoding=\"async\" class=\"caas-img caas-lazy has-preview\" src=\"https:\/\/www.europesays.com\/fr\/wp-content\/uploads\/2025\/06\/96980ba1866c32395796bd5b1da82471.jpeg\"\/><\/p>\n<p>Une femme de 20 ans est morte dans un accident de la circulation \u00e0 Paris, ce samedi 31 mai, en marge des festivit\u00e9s apr\u00e8s la victoire du PSG en Ligue des champions, a appris BFMTV de source polici\u00e8re, confirmant une information de <a href=\"https:\/\/www.tf1info.fr\/justice-faits-divers\/direct-ligue-des-champions-football-match-psg-inter-des-tensions-eclatent-a-paris-en-marge-du-match-2374229.html\" rel=\"nofollow noopener\" target=\"_blank\" data-ylk=\"slk:TF1\/LCI;elm:context_link;itc:0;sec:content-canvas\" class=\"link \">TF1\/LCI<\/a>.<\/p>\n<p>La jeune femme circulait \u00e0 scooter dans le 15e arrondissement de la capitale, quand elle a \u00e9t\u00e9 percut\u00e9e. Une autre personne est morte en marge des festivit\u00e9s: <a href=\"https:\/\/rmcsport.bfmtv.com\/football\/clubs\/paris-saint-germain\/dax-un-jeune-de-17-ans-tue-a-coup-de-couteau-en-marge-d-une-fanzone-pour-le-match-du-psg_AN-202506010189.html\" rel=\"nofollow noopener\" target=\"_blank\" data-ylk=\"slk:un jeune homme de 17 ans a \u00e9t\u00e9 tu\u00e9 \u00e0 coup de couteau \u00e0 Dax;elm:context_link;itc:0;sec:content-canvas\" class=\"link \">un jeune homme de 17 ans a \u00e9t\u00e9 tu\u00e9 \u00e0 coup de couteau \u00e0 Dax<\/a>, dans les Landes, lors d&rsquo;un rassemblement pour c\u00e9l\u00e9brer le sacre du club parisien contre l&rsquo;Inter Milan.<\/p>\n<p>D&rsquo;apr\u00e8s un nouveau bilan provisoire de la soir\u00e9e, 559 interpellations ont \u00e9t\u00e9 recens\u00e9es das toute la France, conduisant \u00e0 254 gardes \u00e0 vue. 22 forces de l&rsquo;ordre ont \u00e9t\u00e9 bless\u00e9es, dont sept sapeurs-pompiers, ainsi que 192 personnes civiles, a appris BFMTV de source polici\u00e8re. 692 incendies ont \u00e9t\u00e9 recens\u00e9s, dont 264 v\u00e9hicules.<\/p>\n<p><b>&gt;&gt; Plus d&rsquo;informations \u00e0 venir sur BFMTV.com&#8230;<\/b><\/p>\n<p><a href=\"https:\/\/rmcsport.bfmtv.com\/football\/clubs\/paris-saint-germain\/paris-une-femme-en-scooter-percutee-par-un-vehicule-meurt-en-marge-des-festivites-apres-la-victoire-du-psg_AN-202506010245.html#xtor=AL-68\" rel=\"nofollow noopener\" target=\"_blank\" data-ylk=\"slk:Article original publi\u00e9 sur RMC Sport;elm:context_link;itc:0;sec:content-canvas\" class=\"link \">Article original publi\u00e9 sur RMC Sport<\/a><\/p>\n","protected":false},"excerpt":{"rendered":"Une femme de 20 ans est morte dans un accident de la circulation \u00e0 Paris, ce samedi 31&hellip;\n","protected":false},"author":2,"featured_media":143628,"comment_status":"","ping_status":"","sticky":false,"template":"","format":"standard","meta":{"footnotes":""},"categories":[1888],"tags":[6873,7416,1111,1928,11,1927,1777,674,3160,1011,27,447,16090,8628,12,1926,626,1925,93,25],"class_list":{"0":"post-143627","1":"post","2":"type-post","3":"status-publish","4":"format-standard","5":"has-post-thumbnail","7":"category-paris","8":"tag-20-ans","9":"tag-accident-de-la-circulation","10":"tag-actu","11":"tag-actu-paris","12":"tag-actualites","13":"tag-actualites-paris","14":"tag-eu","15":"tag-europe","16":"tag-forces-de-lordre","17":"tag-fr","18":"tag-france","19":"tag-ligue-des-champions","20":"tag-marge","21":"tag-milan","22":"tag-news","23":"tag-news-paris","24":"tag-paris","25":"tag-paris-news","26":"tag-psg","27":"tag-republique-francaise"},"share_on_mastodon":{"url":"https:\/\/pubeurope.com\/@fr\/114607219225652152","error":""},"_links":{"self":[{"href":"https:\/\/www.europesays.com\/fr\/wp-json\/wp\/v2\/posts\/143627","targetHints":{"allow":["GET"]}}],"collection":[{"href":"https:\/\/www.europesays.com\/fr\/wp-json\/wp\/v2\/posts"}],"about":[{"href":"https:\/\/www.europesays.com\/fr\/wp-json\/wp\/v2\/types\/post"}],"author":[{"embeddable":true,"href":"https:\/\/www.europesays.com\/fr\/wp-json\/wp\/v2\/users\/2"}],"replies":[{"embeddable":true,"href":"https:\/\/www.europesays.com\/fr\/wp-json\/wp\/v2\/comments?post=143627"}],"version-history":[{"count":0,"href":"https:\/\/www.europesays.com\/fr\/wp-json\/wp\/v2\/posts\/143627\/revisions"}],"wp:featuredmedia":[{"embeddable":true,"href":"https:\/\/www.europesays.com\/fr\/wp-json\/wp\/v2\/media\/143628"}],"wp:attachment":[{"href":"https:\/\/www.europesays.com\/fr\/wp-json\/wp\/v2\/media?parent=143627"}],"wp:term":[{"taxonomy":"category","embeddable":true,"href":"https:\/\/www.europesays.com\/fr\/wp-json\/wp\/v2\/categories?post=143627"},{"taxonomy":"post_tag","embeddable":true,"href":"https:\/\/www.europesays.com\/fr\/wp-json\/wp\/v2\/tags?post=143627"}],"curies":[{"name":"wp","href":"https:\/\/api.w.org\/{rel}","templated":true}]}}