{"id":143637,"date":"2025-06-01T08:46:11","date_gmt":"2025-06-01T08:46:11","guid":{"rendered":"https:\/\/www.europesays.com\/fr\/143637\/"},"modified":"2025-06-01T08:46:11","modified_gmt":"2025-06-01T08:46:11","slug":"la-chine-accuse-les-etats-unis-de-destabiliser-la-region-de-lasie-pacifique","status":"publish","type":"post","link":"https:\/\/www.europesays.com\/fr\/143637\/","title":{"rendered":"La Chine accuse les \u00c9tats-Unis de \u00ab\u00a0d\u00e9stabiliser\u00a0\u00bb la r\u00e9gion de l&rsquo;Asie-Pacifique"},"content":{"rendered":"<p style=\"text-align:justify;\">AA \/ \u0130stanbul \/ Saadet Gokce<\/p>\n<p style=\"text-align:justify;\">Un g\u00e9n\u00e9ral de l\u2019arm\u00e9e chinoise a accus\u00e9 samedi les \u00c9tats-Unis de \u00ab d\u00e9stabiliser \u00bb la r\u00e9gion de l&rsquo;Asie-Pacifique, rejetant les accusations du chef du Pentagone, Pete Hegseth, \u00e0 l&rsquo;encontre de P\u00e9kin.<\/p>\n<p style=\"text-align:justify;\">L\u2019amiral Hu Gangfeng, vice-pr\u00e9sident de l\u2019Universit\u00e9 de la D\u00e9fense nationale de l\u2019Arm\u00e9e populaire de lib\u00e9ration (APL) et chef de la d\u00e9l\u00e9gation universitaire \u00e0 la conf\u00e9rence, s\u2019est exprim\u00e9 lors d\u2019une table ronde au Dialogue de Shangri-La, un sommet r\u00e9gional majeur sur la d\u00e9fense qui se tient \u00e0 Singapour, selon le quotidien chinois \u00ab\u00a0South China Morning Post\u00a0\u00bb.<\/p>\n<p style=\"text-align:justify;\">Le ministre chinois de la D\u00e9fense, Dong Jun, n\u2019a pas particip\u00e9 \u00e0 l\u2019\u00e9dition de cette ann\u00e9e, alors qu\u2019il \u00e9tait un habitu\u00e9 de ce forum entre 2019 et 2024.<\/p>\n<p style=\"text-align:justify;\">Hu a consid\u00e9r\u00e9 que les d\u00e9clarations de Hegseth \u00e9taient \u00ab sans fondement \u00bb, affirmant qu\u2019elles visaient \u00e0 \u00ab provoquer des troubles, cr\u00e9er des divisions, inciter \u00e0 la confrontation et d\u00e9stabiliser la r\u00e9gion de l&rsquo;Asie-Pacifique \u00bb.<\/p>\n<p style=\"text-align:justify;\">Plus t\u00f4t dans la journ\u00e9e, le secr\u00e9taire am\u00e9ricain \u00e0 la D\u00e9fense Pete Hegseth avait appel\u00e9 les alli\u00e9s des \u00c9tats-Unis dans la r\u00e9gion \u00e0 augmenter leurs d\u00e9penses militaires, estimant que la Chine repr\u00e9sentait une menace r\u00e9elle et potentiellement imminente.<\/p>\n<p style=\"text-align:justify;\">Hegseth a accus\u00e9 P\u00e9kin de harceler ses voisins en mer de Chine m\u00e9ridionale, ajoutant que Washington sait que \u00ab le pr\u00e9sident chinois Xi Jinping a ordonn\u00e9 \u00e0 son arm\u00e9e d\u2019\u00eatre pr\u00eate \u00e0 envahir Ta\u00efwan d\u2019ici 2027 \u00bb.<\/p>\n<p style=\"text-align:justify;\">Hu a r\u00e9pliqu\u00e9 : \u00ab Certains pays promeuvent des cercles exclusifs et conflictuels et ont consid\u00e9rablement renforc\u00e9 leur pr\u00e9sence militaire \u00bb dans la r\u00e9gion, ajoutant que P\u00e9kin s\u2019oppose \u00e0 \u00ab l\u2019utilisation des eaux de l\u2019Asie-Pacifique comme un th\u00e9\u00e2tre de recherche d\u2019h\u00e9g\u00e9monie \u00bb.<\/p>\n<p style=\"text-align:justify;\">\u00ab La violation fr\u00e9quente de la souverainet\u00e9 d\u2019autrui et des droits maritimes au nom de la libert\u00e9 de navigation et du soutien aux forces s\u00e9paratistes ta\u00efwanaises a d\u00e9stabilis\u00e9\u2026 le d\u00e9troit de Ta\u00efwan et perturb\u00e9 la coop\u00e9ration en mati\u00e8re de s\u00e9curit\u00e9 maritime dans l\u2019Indo-Pacifique \u00bb, a-t-il ajout\u00e9.<\/p>\n<p style=\"text-align:justify;\">Vendredi, le pr\u00e9sident fran\u00e7ais Emmanuel Macron a compar\u00e9 la situation en Ukraine \u00e0 celle de Ta\u00efwan dans son discours d\u2019ouverture du dialogue, une analogie que l\u2019ambassade de Chine \u00e0 Singapour a rejet\u00e9e, samedi, la qualifiant \u00ab d\u2019inacceptable \u00bb.<\/p>\n<p style=\"text-align:justify;\">\u00ab Ta\u00efwan et l\u2019Ukraine sont de nature diff\u00e9rente et ne sont en aucun cas comparables \u00bb, a affirm\u00e9 l\u2019ambassade sur Facebook, en r\u00e9action aux propos de Macron qui avait d\u00e9clar\u00e9 : \u00ab Si Moscou peut s\u2019emparer d\u2019une partie du territoire ukrainien sans contrainte, sans r\u00e9action de l\u2019ordre mondial, comment d\u00e9finir ce qui pourrait arriver \u00e0 Ta\u00efwan ? \u00bb<\/p>\n<p style=\"text-align:justify;\">* Traduit de l&rsquo;anglais par Sanaa Amir<\/p>\n<p>                            &#13;<br \/>\n                                <a href=\"https:\/\/www.aa.com.tr\/fr\/p\/abonnement\/1001\" target=\"_blank\" style=\"font-size:12px; color:#444; text-decoration:none;\" rel=\"nofollow noopener\">&#13;<br \/>\n                                    Seulement une partie des d\u00e9p\u00eaches, que l&rsquo;Agence Anadolu diffuse \u00e0 ses abonn\u00e9s via le Syst\u00e8me de Diffusion interne (HAS), est diffus\u00e9e sur le site de l&rsquo;AA, de mani\u00e8re r\u00e9sum\u00e9e. <b style=\"color:#1897F7\">Contactez-nous s&rsquo;il vous pla\u00eet pour vous abonner.<\/b>&#13;<br \/>\n                                <\/a>&#13;<\/p>\n","protected":false},"excerpt":{"rendered":"AA \/ \u0130stanbul \/ Saadet Gokce Un g\u00e9n\u00e9ral de l\u2019arm\u00e9e chinoise a accus\u00e9 samedi les \u00c9tats-Unis de \u00ab&hellip;\n","protected":false},"author":2,"featured_media":143638,"comment_status":"","ping_status":"","sticky":false,"template":"","format":"standard","meta":{"footnotes":""},"categories":[1589],"tags":[4295,11,1785,309,73,1866,27168,12,1864,1865,1863,308],"class_list":{"0":"post-143637","1":"post","2":"type-post","3":"status-publish","4":"format-standard","5":"has-post-thumbnail","7":"category-etats-unis","8":"tag-tats-unis","9":"tag-actualites","10":"tag-anadolu-ajansi","11":"tag-chine","12":"tag-etats-unis","13":"tag-etats-unis-damerique","14":"tag-le-secrtaire-amricain-la-dfense-pete-hegseth","15":"tag-news","16":"tag-united-states","17":"tag-united-states-of-america","18":"tag-us","19":"tag-usa"},"share_on_mastodon":{"url":"https:\/\/pubeurope.com\/@fr\/114607238894912540","error":""},"_links":{"self":[{"href":"https:\/\/www.europesays.com\/fr\/wp-json\/wp\/v2\/posts\/143637","targetHints":{"allow":["GET"]}}],"collection":[{"href":"https:\/\/www.europesays.com\/fr\/wp-json\/wp\/v2\/posts"}],"about":[{"href":"https:\/\/www.europesays.com\/fr\/wp-json\/wp\/v2\/types\/post"}],"author":[{"embeddable":true,"href":"https:\/\/www.europesays.com\/fr\/wp-json\/wp\/v2\/users\/2"}],"replies":[{"embeddable":true,"href":"https:\/\/www.europesays.com\/fr\/wp-json\/wp\/v2\/comments?post=143637"}],"version-history":[{"count":0,"href":"https:\/\/www.europesays.com\/fr\/wp-json\/wp\/v2\/posts\/143637\/revisions"}],"wp:featuredmedia":[{"embeddable":true,"href":"https:\/\/www.europesays.com\/fr\/wp-json\/wp\/v2\/media\/143638"}],"wp:attachment":[{"href":"https:\/\/www.europesays.com\/fr\/wp-json\/wp\/v2\/media?parent=143637"}],"wp:term":[{"taxonomy":"category","embeddable":true,"href":"https:\/\/www.europesays.com\/fr\/wp-json\/wp\/v2\/categories?post=143637"},{"taxonomy":"post_tag","embeddable":true,"href":"https:\/\/www.europesays.com\/fr\/wp-json\/wp\/v2\/tags?post=143637"}],"curies":[{"name":"wp","href":"https:\/\/api.w.org\/{rel}","templated":true}]}}