{"id":143643,"date":"2025-06-01T08:49:13","date_gmt":"2025-06-01T08:49:13","guid":{"rendered":"https:\/\/www.europesays.com\/fr\/143643\/"},"modified":"2025-06-01T08:49:13","modified_gmt":"2025-06-01T08:49:13","slug":"en-direct-le-psg-champion-deurope-87-millions-de-telespectateurs-sur-m6-pour-la-finale-de-la-ligue-des-champions","status":"publish","type":"post","link":"https:\/\/www.europesays.com\/fr\/143643\/","title":{"rendered":"EN DIRECT &#8211; Le PSG champion d&rsquo;Europe : 8,7 millions de t\u00e9l\u00e9spectateurs sur M6 pour la finale de la Ligue des champions"},"content":{"rendered":"<p>                Le programme de la journ\u00e9e pour les joueurs du psg<\/p>\n<p>Au programme, la d\u00e9l\u00e9gation parisienne va quitter Munich en milieu de journ\u00e9e, direction l&rsquo;a\u00e9roport de Roissy, aux alentours de 16 heures. La remont\u00e9e des Champs-\u00c9lys\u00e9es, la plus belle avenue du monde est pr\u00e9vue, selon nos informations, aux alentours de 17 heures, de mani\u00e8re tr\u00e8s encadr\u00e9e par les forces de l&rsquo;ordre. <\/p>\n<p>\u00ab\u00a0La parade va se d\u00e9rouler du rond-point des Champs-\u00c9lys\u00e9es \u00e0 l\u2019\u00c9toile\u00a0\u00bb, a indiqu\u00e9 le pr\u00e9fet de police de Paris Laurent Nu\u00f1ez au Parisien.<\/p>\n<p>    Partager<\/p>\n","protected":false},"excerpt":{"rendered":"Le programme de la journ\u00e9e pour les joueurs du psg Au programme, la d\u00e9l\u00e9gation parisienne va quitter Munich&hellip;\n","protected":false},"author":2,"featured_media":143644,"comment_status":"","ping_status":"","sticky":false,"template":"","format":"standard","meta":{"footnotes":""},"categories":[1586],"tags":[11,1777,674,107,2619,63,1011,27,447,12,91,25],"class_list":{"0":"post-143643","1":"post","2":"type-post","3":"status-publish","4":"format-standard","5":"has-post-thumbnail","7":"category-europe","8":"tag-actualites","9":"tag-eu","10":"tag-europe","11":"tag-fil-info","12":"tag-fil-sport","13":"tag-football","14":"tag-fr","15":"tag-france","16":"tag-ligue-des-champions","17":"tag-news","18":"tag-paris-saint-germain","19":"tag-republique-francaise"},"share_on_mastodon":{"url":"https:\/\/pubeurope.com\/@fr\/114607250676658458","error":""},"_links":{"self":[{"href":"https:\/\/www.europesays.com\/fr\/wp-json\/wp\/v2\/posts\/143643","targetHints":{"allow":["GET"]}}],"collection":[{"href":"https:\/\/www.europesays.com\/fr\/wp-json\/wp\/v2\/posts"}],"about":[{"href":"https:\/\/www.europesays.com\/fr\/wp-json\/wp\/v2\/types\/post"}],"author":[{"embeddable":true,"href":"https:\/\/www.europesays.com\/fr\/wp-json\/wp\/v2\/users\/2"}],"replies":[{"embeddable":true,"href":"https:\/\/www.europesays.com\/fr\/wp-json\/wp\/v2\/comments?post=143643"}],"version-history":[{"count":0,"href":"https:\/\/www.europesays.com\/fr\/wp-json\/wp\/v2\/posts\/143643\/revisions"}],"wp:featuredmedia":[{"embeddable":true,"href":"https:\/\/www.europesays.com\/fr\/wp-json\/wp\/v2\/media\/143644"}],"wp:attachment":[{"href":"https:\/\/www.europesays.com\/fr\/wp-json\/wp\/v2\/media?parent=143643"}],"wp:term":[{"taxonomy":"category","embeddable":true,"href":"https:\/\/www.europesays.com\/fr\/wp-json\/wp\/v2\/categories?post=143643"},{"taxonomy":"post_tag","embeddable":true,"href":"https:\/\/www.europesays.com\/fr\/wp-json\/wp\/v2\/tags?post=143643"}],"curies":[{"name":"wp","href":"https:\/\/api.w.org\/{rel}","templated":true}]}}