{"id":143645,"date":"2025-06-01T08:50:09","date_gmt":"2025-06-01T08:50:09","guid":{"rendered":"https:\/\/www.europesays.com\/fr\/143645\/"},"modified":"2025-06-01T08:50:09","modified_gmt":"2025-06-01T08:50:09","slug":"la-pologne-tient-une-presidentielle-cruciale-pour-son-role-dans-lue","status":"publish","type":"post","link":"https:\/\/www.europesays.com\/fr\/143645\/","title":{"rendered":"La Pologne tient une pr\u00e9sidentielle cruciale pour son r\u00f4le dans l&rsquo;UE"},"content":{"rendered":"<p>Les Polonais tranchent dimanche le sort d&rsquo;une \u00e9lection pr\u00e9sidentielle extr\u00eamement serr\u00e9e, dont le r\u00e9sultat aura des implications majeures pour la place de leur pays en Europe, mais aussi pour le droit \u00e0 l&rsquo;avortement et les personnes LGBT+.<\/p>\n<p>Rafal Trzaskowski, 53 ans, maire pro-UE de Varsovie et alli\u00e9 du gouvernement centriste, affronte au second tour l&rsquo;historien nationaliste Karol Nawrocki, 42 ans, soutenu par le parti Droit et Justice (PiS) du pr\u00e9sident conservateur sortant Andrzej Duda.<\/p>\n<p>Les sondages pr\u00e9disent un scrutin particuli\u00e8rement serr\u00e9. M. Nawrocki b\u00e9n\u00e9ficie de 50,1% et M. Trzaskowski de 49,9% des intentions de vote, une diff\u00e9rence infime qui se situe dans la marge d&rsquo;erreur.<\/p>\n<p>Les bureaux de vote, ouverts depuis 05H00 GMT, fermeront \u00e0 19h00 GMT dans ce pays membre de l&rsquo;UE et de l&rsquo;Otan, qui borde l&rsquo;Ukraine et reste un fervent soutien de son voisin qui se d\u00e9fend contre la Russie.<\/p>\n<p>Un sondage \u00e0 la sortie des urnes est attendu d\u00e8s la cl\u00f4ture du scrutin, mais le r\u00e9sultat final ne devrait \u00eatre connu que lundi.<\/p>\n<p>\u00ab\u00a0Je vote pour Trzaskowski. Il est instruit, parle plusieurs langues, est intelligent, tout simplement g\u00e9nial\u00a0\u00bb, a d\u00e9clar\u00e9 Agnieszka Lewinska, une femme de m\u00e9nage de 56 ans dans la ville de Halinow pr\u00e8s de Varsovie.<\/p>\n<p>Lila Chojecka, une retrait\u00e9e de Varsovie \u00e2g\u00e9e de 60 ans, a d\u00e9clar\u00e9 qu&rsquo;elle avait vot\u00e9 pour Nawrocki. \u00ab\u00a0Les valeurs catholiques sont importantes pour moi. Je sais qu&rsquo;il les partage\u00a0\u00bb, a-t-elle d\u00e9clar\u00e9 \u00e0 l&rsquo;AFP, qualifiant le candidat d'\u00a0\u00bbespoir pour la Pologne\u00a0\u00bb.<\/p>\n<p>Une victoire de M. Trzaskowski donnerait un grand coup de pouce pour l&rsquo;agenda progressiste du gouvernement dirig\u00e9 par le Premier ministre Donald Tusk, ancien pr\u00e9sident du Conseil europ\u00e9en.<\/p>\n<p>Cela pourrait entra\u00eener des changements soci\u00e9taux significatifs, comme l&rsquo;introduction de partenariats civils pour les couples de m\u00eame sexe et un assouplissement de la l\u00e9gislation sur l&rsquo;avortement, aujourd&rsquo;hui quasiment interdit.<\/p>\n<p>Le pr\u00e9sident en Pologne, pays de 38 millions d&rsquo;habitants, a le droit de veto sur les lois, et est \u00e9galement le chef des forces arm\u00e9es.<\/p>\n<p>Une victoire de Karol Nawrocki renforcerait le parti populiste Droit et Justice qui a gouvern\u00e9 la Pologne entre 2015 et 2023, et pourrait entra\u00eener de nouvelles \u00e9lections parlementaires.<\/p>\n<p>De nombreux partisans de Karol Nawrocki veulent des restrictions plus strictes sur l&rsquo;immigration et une plus large souverainet\u00e9 de leur pays au sein de l&rsquo;Union europ\u00e9enne.<\/p>\n<p>\u00ab\u00a0Nous ne devrions pas c\u00e9der aux pressions europ\u00e9ennes\u00a0\u00bb, a dit Agnieszka Prokopiuk, 40 ans, femme au foyer, avant le vote.<\/p>\n<p>\u00ab\u00a0Nous devons suivre notre propre voie&#8230; et ne pas succomber aux tendances venant de l&rsquo;Ouest\u00a0\u00bb, a-t-elle ajout\u00e9, dans la ville de Biala Podlaska, pr\u00e8s de la fronti\u00e8re avec le B\u00e9larus.<\/p>\n<p>&#8211; Ukraine &#8211;<\/p>\n<p>Anna Materska-Sosnowska, experte politique, a qualifi\u00e9 l&rsquo;\u00e9lection de \u00ab\u00a0v\u00e9ritable choc de civilisations\u00a0\u00bb en raison des importantes divergences de politiques entre les candidats.<\/p>\n<p>De nombreux \u00e9lecteurs de Rafal Trzaskowski soutiennent une plus grande int\u00e9gration au sein de l&rsquo;UE et une acc\u00e9l\u00e9ration des r\u00e9formes sociales dans ce pays dont l&rsquo;\u00e9conomie est en forte croissance.<\/p>\n<p>Pour Malgorzata Wojciechowska, quinquag\u00e9naire, guide touristique et enseignante, \u00ab\u00a0malheureusement, les femmes polonaises n&rsquo;ont pas les m\u00eames droits que leurs amies europ\u00e9ennes\u00a0\u00bb.<\/p>\n<p>\u00ab\u00a0J&rsquo;esp\u00e8re que Rafal Trzaskowski relancera le d\u00e9bat sur l&rsquo;avortement afin que nous puissions enfin vivre dans un pays libre o\u00f9 nous pouvons avoir notre propre opinion\u00a0\u00bb, confie-t-elle \u00e0 l&rsquo;AFP.<\/p>\n<p>L&rsquo;\u00e9lection est \u00e9galement suivie de pr\u00e8s en Ukraine, pays voisin qui cherche \u00e0 renforcer le soutien diplomatique international pour ses n\u00e9gociations difficiles avec la Russie.<\/p>\n<p>Karol Nawrocki, admirateur du pr\u00e9sident am\u00e9ricain Donald Trump, s&rsquo;oppose \u00e0 l&rsquo;adh\u00e9sion de Kiev \u00e0 l&rsquo;Otan et a appel\u00e9 \u00e0 des restrictions sur les avantages dont b\u00e9n\u00e9ficient environ un million de r\u00e9fugi\u00e9s ukrainiens en Pologne.<\/p>\n<p>Aux derni\u00e8res heures de sa campagne, vendredi, il est all\u00e9 fleurir un monument d\u00e9di\u00e9 aux Polonais tu\u00e9s par des nationalistes ukrainiens pendant la Seconde Guerre mondiale.<\/p>\n<p>\u00ab\u00a0C&rsquo;\u00e9tait un g\u00e9nocide contre le peuple polonais\u00a0\u00bb, a-t-il d\u00e9clar\u00e9.<\/p>\n<p>Le r\u00e9sultat final de l&rsquo;\u00e9lection devrait d\u00e9pendre de la capacit\u00e9 de Rafal Trzaskowski \u00e0 mobiliser suffisamment de partisans et de la volont\u00e9 des \u00e9lecteurs d&rsquo;extr\u00eame droite de reporter leur vote sur M. Nawrocki.<\/p>\n<p>Les candidats d&rsquo;extr\u00eame droite ont obtenu au total plus de 21% des voix au premier tour, que M. Trzaskowski a remport\u00e9 de justesse avec 31% des voix, contre 30% pour M. Nawrocki.<\/p>\n<p>bur-dt\/bo\/bpi<\/p>\n","protected":false},"excerpt":{"rendered":"Les Polonais tranchent dimanche le sort d&rsquo;une \u00e9lection pr\u00e9sidentielle extr\u00eamement serr\u00e9e, dont le r\u00e9sultat aura des implications majeures&hellip;\n","protected":false},"author":2,"featured_media":143646,"comment_status":"","ping_status":"","sticky":false,"template":"","format":"standard","meta":{"footnotes":""},"categories":[1586],"tags":[11,1777,674,1779,1011,27,21596,27169,12,27171,27170,25,1778,364],"class_list":{"0":"post-143645","1":"post","2":"type-post","3":"status-publish","4":"format-standard","5":"has-post-thumbnail","7":"category-europe","8":"tag-actualites","9":"tag-eu","10":"tag-europe","11":"tag-european-union","12":"tag-fr","13":"tag-france","14":"tag-karol-nawrocki","15":"tag-m-trzaskowski","16":"tag-news","17":"tag-pays-membre-de-lue","18":"tag-rafal-trzaskowski","19":"tag-republique-francaise","20":"tag-ue","21":"tag-union-europeenne"},"share_on_mastodon":{"url":"https:\/\/pubeurope.com\/@fr\/114607254628914591","error":""},"_links":{"self":[{"href":"https:\/\/www.europesays.com\/fr\/wp-json\/wp\/v2\/posts\/143645","targetHints":{"allow":["GET"]}}],"collection":[{"href":"https:\/\/www.europesays.com\/fr\/wp-json\/wp\/v2\/posts"}],"about":[{"href":"https:\/\/www.europesays.com\/fr\/wp-json\/wp\/v2\/types\/post"}],"author":[{"embeddable":true,"href":"https:\/\/www.europesays.com\/fr\/wp-json\/wp\/v2\/users\/2"}],"replies":[{"embeddable":true,"href":"https:\/\/www.europesays.com\/fr\/wp-json\/wp\/v2\/comments?post=143645"}],"version-history":[{"count":0,"href":"https:\/\/www.europesays.com\/fr\/wp-json\/wp\/v2\/posts\/143645\/revisions"}],"wp:featuredmedia":[{"embeddable":true,"href":"https:\/\/www.europesays.com\/fr\/wp-json\/wp\/v2\/media\/143646"}],"wp:attachment":[{"href":"https:\/\/www.europesays.com\/fr\/wp-json\/wp\/v2\/media?parent=143645"}],"wp:term":[{"taxonomy":"category","embeddable":true,"href":"https:\/\/www.europesays.com\/fr\/wp-json\/wp\/v2\/categories?post=143645"},{"taxonomy":"post_tag","embeddable":true,"href":"https:\/\/www.europesays.com\/fr\/wp-json\/wp\/v2\/tags?post=143645"}],"curies":[{"name":"wp","href":"https:\/\/api.w.org\/{rel}","templated":true}]}}