{"id":143649,"date":"2025-06-01T08:52:08","date_gmt":"2025-06-01T08:52:08","guid":{"rendered":"https:\/\/www.europesays.com\/fr\/143649\/"},"modified":"2025-06-01T08:52:08","modified_gmt":"2025-06-01T08:52:08","slug":"deux-morts-des-pietons-fauches-560-interpellations-apres-la-victoire-du-psg-une-nuit-de-tension-en-france","status":"publish","type":"post","link":"https:\/\/www.europesays.com\/fr\/143649\/","title":{"rendered":"Deux morts, des pi\u00e9tons fauch\u00e9s, 560 interpellations\u2026 apr\u00e8s la victoire du PSG, une nuit de tension en France"},"content":{"rendered":"<p>            Par<br \/>\n        <strong><br \/>\n            <a href=\"https:\/\/actu.fr\/auteur\/timotheelangevin\" title=\"Consulter tous les articles de Timoth\u00e9e L&#039;Angevin\" rel=\"nofollow noopener\" target=\"_blank\">Timoth\u00e9e L&rsquo;Angevin<\/a><br \/>\n        <\/strong><\/p>\n<p>        Publi\u00e9 le<\/p>\n<p>            1 juin 2025 \u00e0 8h46<br \/>\n        ; mis \u00e0 jour le 1 juin 2025 \u00e0 10h04    <\/p>\n<p>Une victoire historique, une nuit de f\u00eate et des incidents qui ont tourn\u00e9 au drame un peu partout en France. Dans la nuit de samedi 31 mai au dimanche 1er juin 2025, \u00e0 l\u2019issue de la <a href=\"https:\/\/actu.fr\/ile-de-france\/paris_75056\/irresistible-le-psg-remporte-la-premiere-ligue-des-champions-de-son-histoire-au-terme-d-une-finale-de-reve_62712076.html\" rel=\"nofollow noopener\" target=\"_blank\">finale de la Ligue des champions<\/a> remport\u00e9e <a href=\"https:\/\/actu.fr\/ile-de-france\/paris_75056\/video-tour-eiffel-scintillee-feux-d-artifice-paris-fete-la-victoire-du-psg-en-ligue-des-champions_62712684.html\" rel=\"nofollow noopener\" target=\"_blank\">haut la main par le PSG face \u00e0 l\u2019Inter de Milan (5-0)<\/a>, des centaines de personnes ont \u00e9t\u00e9 interpell\u00e9es, des pi\u00e9tons ont \u00e9t\u00e9 fauch\u00e9s par une voiture, et deux morts sont \u00e0 d\u00e9plorer.\u00a0<\/p>\n<p>Un mort dans les Landes<\/p>\n<p class=\" wall-content\">L\u2019\u00e9v\u00e9nement le plus dramatique s\u2019est produit \u00e0 Dax, dans les Landes. En marge de la c\u00e9l\u00e9bration de la victoire du club parisien, un jeune homme de 17 ans est mort dans la soir\u00e9e, selon <a href=\"https:\/\/actu.fr\/nouvelle-aquitaine\/dax_40088\/dax-jeune-tue-a-coup-de-couteau-ce-que-l-on-sait-ce-dimanche-matin_62712943.html\" rel=\"nofollow noopener\" target=\"_blank\">actu Landes<\/a>. Il a re\u00e7u un coup de couteau \u00e0 la poitrine. Malgr\u00e9 sa prise en charge et son hospitalisation, il a succomb\u00e9 \u00e0 ses blessures.<\/p>\n<p class=\" wall-content\">D\u2019apr\u00e8s notre locale, l\u2019auteur pr\u00e9sum\u00e9 des faits est en fuite. Une enqu\u00eate a \u00e9t\u00e9 ouverte et confi\u00e9e \u00e0 la police judiciaire de Bayonne.<\/p>\n<p>Une femme tu\u00e9e \u00e0 scooter \u00e0 Paris<\/p>\n<p class=\" wall-content\">\u00c0 Paris, une femme est morte \u00e0 scooter. Elle a \u00e9t\u00e9 percut\u00e9e par une voiture, selon une source proche du dossier \u00e0 l\u2019AFP.\u00a0<\/p>\n<p>Une voiture fonce dans la foule \u00e0 Grenoble<\/p>\n<p class=\" wall-content\">\u00c0 Grenoble (Is\u00e8re), quatre personnes d\u2019une m\u00eame famille ont \u00e9t\u00e9 bless\u00e9es, dont deux gri\u00e8vement : elles ont \u00e9t\u00e9 fauch\u00e9es par un automobiliste qui roulait \u00e0 vive allure et qui a tent\u00e9 un d\u00e9rapage, selon la pr\u00e9fecture.<\/p>\n<p class=\" wall-content\">\u00ab Ce v\u00e9hicule aurait perdu le contr\u00f4le, heurtant quatre personnes dont deux bless\u00e9es gri\u00e8vement \u00bb, a indiqu\u00e9 la pr\u00e9fecture \u00e0 l\u2019AFP, pr\u00e9cisant que le conducteur s\u2019est rendu de lui-m\u00eame \u00e0 la police et est en garde \u00e0 vue.<\/p>\n<p class=\" wall-content\">Deux hommes de 17 ans et deux femmes de 23 et 46 ans, membres de la m\u00eame famille, ont \u00e9t\u00e9 bless\u00e9s. Tous ont \u00e9t\u00e9 m\u00e9dicalis\u00e9s et transport\u00e9s au CHU Grenoble Alpes, dont deux dans un \u00e9tat grave, selon la pr\u00e9fecture, qui n\u2019\u00e9tait pas en mesure de pr\u00e9ciser si leur pronostic vital \u00e9tait engag\u00e9.<\/p>\n<p>Nombreuses interpellations \u00e0 Paris<\/p>\n<p class=\" wall-content\">C\u2019est logiquement \u00e0 Paris que se sont produits la plupart des faits. Selon <a href=\"https:\/\/actu.fr\/ile-de-france\/paris_75056\/des-barbares-venus-dans-les-rues-de-paris-pres-de-300-interpellations-apres-la-victoire-du-psg_62712863.html\" rel=\"nofollow noopener\" target=\"_blank\">actu Paris<\/a>, on compte pr\u00e8s de 300 interpellations dans la capitale au cours de la nuit. D\u2019apr\u00e8s la pr\u00e9fecture de Paris, 294 personnes avaient \u00e9t\u00e9 interpell\u00e9es \u00e0 2h du matin.<\/p>\n<p class=\" wall-content\">Le bilan a \u00e9t\u00e9 revu \u00e0 la hausse ce dimanche : pr\u00e8s de 560 interpellations ont \u00e9t\u00e9 r\u00e9alis\u00e9es, selon le minist\u00e8re de l\u2019Int\u00e9rieur.\u00a0<\/p>\n<p class=\" wall-content\">Les incidents ont d\u00e9but\u00e9 lors de la seconde p\u00e9riode du match alors que le PSG menait 2 \u00e0 0, porte de Saint-Cloud et en haut de l\u2019avenue des Champs-\u00c9lys\u00e9es. La PP a mis en cause un \u00ab public mal intentionn\u00e9 \u00bb.<\/p>\n<p class=\" wall-content\">Du mobilier urbain a \u00e9t\u00e9 cass\u00e9, une terrasse \u00e9ph\u00e9m\u00e8re incendi\u00e9e et des vitrines d\u00e9grad\u00e9es dans les rues adjacentes aux Champs-\u00c9lys\u00e9es. Un magasin de chaussures de l\u2019avenue a \u00e9t\u00e9 pill\u00e9 et plusieurs v\u00e9hicules ont \u00e9t\u00e9 incendi\u00e9s, notamment du c\u00f4t\u00e9 de la porte Saint-Cloud.\u00a0<\/p>\n<p class=\" wall-content\">Dans un message post\u00e9 sur X, le ministre de l\u2019Int\u00e9rieur Bruno Retailleau s\u2019est insurg\u00e9 \u00ab\u00a0contre des barbares venus dans les rues de Paris pour commettre des d\u00e9lits et provoquer les forces de l\u2019ordre\u00a0\u00bb, tandis que les \u00ab\u00a0vrais supporters du PSG sont en train de s\u2019enthousiasmer devant le magnifique match de leur \u00e9quipe\u00a0\u00bb.<\/p>\n<p class=\" wall-content\">Des \u00e9chauffour\u00e9es ont eu lieu dans la nuit entre la police et les fauteurs de trouble. Les pompiers ont \u00e9galement \u00e9t\u00e9 pris pour cible, <a href=\"https:\/\/actu.fr\/ile-de-france\/paris_75056\/video-des-pompiers-de-paris-en-pleine-intervention-vises-par-des-tirs-de-mortier-apres-la-victoire-du-psg_62712923.html\" rel=\"nofollow noopener\" target=\"_blank\">selon notre r\u00e9daction locale parisienne<\/a>.<\/p>\n<p class=\" wall-content\"><strong>Avec AFP<\/strong><\/p>\n<p class=\" wall-content\">Suivez toute l\u2019actualit\u00e9 de vos villes et m\u00e9dias favoris en vous inscrivant \u00e0 <a href=\"https:\/\/moncompte.actu.fr\" title=\"D\u00e9couvez Mon Actu\" rel=\"nofollow noopener\" data-trk=\"{&quot;cta&quot;:{&quot;action&quot;:&quot;https:\\\/\\\/moncompte.actu.fr&quot;,&quot;category&quot;:&quot;mon compte&quot;,&quot;from&quot;:&quot;article footer&quot;,&quot;name&quot;:&quot;Mon actu&quot;,&quot;type&quot;:&quot;cta&quot;}}\" target=\"_blank\">Mon Actu<\/a>.<\/p>\n<ul class=\"ac-article-tag wall-content\">\n<li><a href=\"https:\/\/actu.fr\/tag\/ligue-des-champions\" data-trk=\"{&quot;cta&quot;:{&quot;action&quot;:&quot;Ligue des Champions&quot;,&quot;category&quot;:&quot;tag&quot;,&quot;from&quot;:&quot;article footer&quot;,&quot;name&quot;:&quot;Ligue des Champions&quot;,&quot;type&quot;:&quot;cta&quot;}}\" rel=\"nofollow noopener\" target=\"_blank\">#Ligue des Champions<\/a><\/li>\n<li><a href=\"https:\/\/actu.fr\/tag\/paris-saint-germain-psg\" data-trk=\"{&quot;cta&quot;:{&quot;action&quot;:&quot;Paris Saint Germain (PSG)&quot;,&quot;category&quot;:&quot;tag&quot;,&quot;from&quot;:&quot;article footer&quot;,&quot;name&quot;:&quot;Paris Saint Germain (PSG)&quot;,&quot;type&quot;:&quot;cta&quot;}}\" rel=\"nofollow noopener\" target=\"_blank\">#Paris Saint Germain (PSG)<\/a><\/li>\n<\/ul>\n","protected":false},"excerpt":{"rendered":"Par Timoth\u00e9e L&rsquo;Angevin Publi\u00e9 le 1 juin 2025 \u00e0 8h46 ; mis \u00e0 jour le 1 juin 2025&hellip;\n","protected":false},"author":2,"featured_media":143650,"comment_status":"","ping_status":"","sticky":false,"template":"","format":"standard","meta":{"footnotes":""},"categories":[2],"tags":[11,118,1011,27,447,12,2332,25],"class_list":{"0":"post-143649","1":"post","2":"type-post","3":"status-publish","4":"format-standard","5":"has-post-thumbnail","7":"category-actualites","8":"tag-actualites","9":"tag-faits-divers","10":"tag-fr","11":"tag-france","12":"tag-ligue-des-champions","13":"tag-news","14":"tag-paris-saint-germain-psg","15":"tag-republique-francaise"},"share_on_mastodon":{"url":"https:\/\/pubeurope.com\/@fr\/114607262538937279","error":""},"_links":{"self":[{"href":"https:\/\/www.europesays.com\/fr\/wp-json\/wp\/v2\/posts\/143649","targetHints":{"allow":["GET"]}}],"collection":[{"href":"https:\/\/www.europesays.com\/fr\/wp-json\/wp\/v2\/posts"}],"about":[{"href":"https:\/\/www.europesays.com\/fr\/wp-json\/wp\/v2\/types\/post"}],"author":[{"embeddable":true,"href":"https:\/\/www.europesays.com\/fr\/wp-json\/wp\/v2\/users\/2"}],"replies":[{"embeddable":true,"href":"https:\/\/www.europesays.com\/fr\/wp-json\/wp\/v2\/comments?post=143649"}],"version-history":[{"count":0,"href":"https:\/\/www.europesays.com\/fr\/wp-json\/wp\/v2\/posts\/143649\/revisions"}],"wp:featuredmedia":[{"embeddable":true,"href":"https:\/\/www.europesays.com\/fr\/wp-json\/wp\/v2\/media\/143650"}],"wp:attachment":[{"href":"https:\/\/www.europesays.com\/fr\/wp-json\/wp\/v2\/media?parent=143649"}],"wp:term":[{"taxonomy":"category","embeddable":true,"href":"https:\/\/www.europesays.com\/fr\/wp-json\/wp\/v2\/categories?post=143649"},{"taxonomy":"post_tag","embeddable":true,"href":"https:\/\/www.europesays.com\/fr\/wp-json\/wp\/v2\/tags?post=143649"}],"curies":[{"name":"wp","href":"https:\/\/api.w.org\/{rel}","templated":true}]}}