{"id":143653,"date":"2025-06-01T08:54:09","date_gmt":"2025-06-01T08:54:09","guid":{"rendered":"https:\/\/www.europesays.com\/fr\/143653\/"},"modified":"2025-06-01T08:54:09","modified_gmt":"2025-06-01T08:54:09","slug":"vivre-pres-dun-golf-un-risque-supplementaire-davoir-la-maladie-de-parkinson","status":"publish","type":"post","link":"https:\/\/www.europesays.com\/fr\/143653\/","title":{"rendered":"Vivre pr\u00e8s d\u2019un golf, un risque suppl\u00e9mentaire d&rsquo;avoir la maladie de Parkinson ?"},"content":{"rendered":"<p>Les pelouses parfaitement taill\u00e9es des terrains de golf cachent peut-\u00eatre une menace silencieuse pour la sant\u00e9 de leurs voisins. <a href=\"http:\/\/jamanetwork.com\/journals\/jamanetworkopen\/fullarticle\/10.1001\/jamanetworkopen.2025.9198?utm_source=For_The_Media&amp;utm_medium=referral&amp;utm_campaign=ftm_links&amp;utm_term=050825\" target=\"_blank\" rel=\"noopener\">C\u2019est ce que sugg\u00e8re une \u00e9tude am\u00e9ricaine publi\u00e9e r\u00e9cemment dans la revue\u00a0JAMA Network Open<\/a>, qui \u00e9tablit un lien entre la proximit\u00e9 d\u2019un golf et un risque accru de d\u00e9velopper la maladie de Parkinson.<\/p>\n<p><strong>Un risque doubl\u00e9 \u00e0 moins d\u2019un mile d\u2019un golf<\/strong><\/p>\n<p>Les chercheurs ont \u00e9tudi\u00e9 les dossiers de plus de 400 patients atteints de Parkinson et 5 000 personnes t\u00e9moins, dans le sud du Minnesota et l\u2019ouest du Wisconsin, entre 1991 et 2015. R\u00e9sultat : vivre \u00e0 moins de 1,6 km (un mile) d\u2019un parcours de golf multiplierait par deux le risque de contracter cette maladie neurod\u00e9g\u00e9n\u00e9rative.<\/p>\n<p>Le lien serait encore plus net pour les personnes dont l\u2019eau potable provient de nappes souterraines situ\u00e9es dans des zones o\u00f9 la pollution des sols par les pesticides est connue. L\u00e0 encore, le risque de Parkinson serait significativement augment\u00e9.<\/p>\n<p>Les scientifiques n\u2019ont pas mesur\u00e9 directement les taux de pesticides dans le sang ou dans l\u2019eau potable des participants. Toutefois, ils soulignent que plusieurs \u00e9tudes ant\u00e9rieures ont d\u00e9j\u00e0 mis en cause des substances couramment utilis\u00e9es pour l\u2019entretien des terrains de golf, comme le chlorpyrifos, le 2,4-D et le mancoz\u00e8be.<\/p>\n<p>Ces produits, utilis\u00e9s en grandes quantit\u00e9s pour maintenir une herbe impeccable, sont soup\u00e7onn\u00e9s d\u2019endommager les cellules nerveuses impliqu\u00e9es dans la maladie de Parkinson. Selon une autre \u00e9tude men\u00e9e en 2020, les golfs utiliseraient m\u00eame\u00a0<strong>plus de pesticides \u00e0 l\u2019hectare que l\u2019agriculture<\/strong>\u00a0traditionnelle, en raison de leur exigence esth\u00e9tique.<\/p>\n<p><strong>Une \u00e9tude \u00e0 prendre avec prudence<\/strong><\/p>\n<p>Des experts ind\u00e9pendants appellent toutefois \u00e0 la prudence. Le Dr Michael Genovese, m\u00e9decin \u00e0 New York, rappelle que l\u2019\u00e9tude ne d\u00e9montre pas de lien de causalit\u00e9 formel, car\u00a0<strong>aucune mesure directe d\u2019exposition n\u2019a \u00e9t\u00e9 r\u00e9alis\u00e9e<\/strong>. Il parle n\u00e9anmoins de r\u00e9sultats \u00ab\u00a0troublants\u00a0\u00bb, en phase avec d\u2019autres recherches.<\/p>\n<p>David Dexter, directeur de la recherche de Parkinson\u2019s UK, note aussi que la maladie se d\u00e9veloppe souvent\u00a0<strong>dix \u00e0 quinze ans avant l\u2019apparition des premiers sympt\u00f4mes<\/strong>, ce qui rend l\u2019\u00e9valuation de l\u2019exposition environnementale complexe. Par ailleurs, la r\u00e9partition g\u00e9ographique des groupes \u00e9tudi\u00e9s \u00e9tait in\u00e9gale, avec une majorit\u00e9 de patients urbains dans le groupe Parkinson, contre un tiers seulement chez les t\u00e9moins.<\/p>\n<p>Malgr\u00e9 ses limites, l\u2019\u00e9tude sonne comme un avertissement. Dans un contexte o\u00f9 les pr\u00e9occupations environnementales et sanitaires se rejoignent, elle met en lumi\u00e8re\u00a0<strong>les effets potentiels de la pollution diffuse, souvent invisible mais persistante<\/strong>, sur la sant\u00e9 des populations.<\/p>\n<p>Les amateurs de golf n\u2019ont peut-\u00eatre pas \u00e0 s\u2019alarmer dans l\u2019imm\u00e9diat, mais les habitants des lotissements bordant les greens pourraient \u00eatre l\u00e9gitimement inquiets, d\u2019autant plus que\u00a0<strong>la maladie de Parkinson ne conna\u00eet aujourd\u2019hui aucun rem\u00e8de curatif<\/strong>.<\/p>\n<p>Cr\u00e9dit photo : DR<br \/>[cc] Breizh-info.com, 2025, d\u00e9p\u00eaches libres de copie et de diffusion sous r\u00e9serve de mention et de lien vers la source d\u2019origine<\/p>\n","protected":false},"excerpt":{"rendered":"Les pelouses parfaitement taill\u00e9es des terrains de golf cachent peut-\u00eatre une menace silencieuse pour la sant\u00e9 de leurs&hellip;\n","protected":false},"author":2,"featured_media":143654,"comment_status":"","ping_status":"","sticky":false,"template":"","format":"standard","meta":{"footnotes":""},"categories":[1418],"tags":[1011,27,1472,27172,60],"class_list":{"0":"post-143653","1":"post","2":"type-post","3":"status-publish","4":"format-standard","5":"has-post-thumbnail","7":"category-golf","8":"tag-fr","9":"tag-france","10":"tag-golf","11":"tag-maladie-de-parkinson","12":"tag-sports"},"share_on_mastodon":{"url":"https:\/\/pubeurope.com\/@fr\/114607270272066953","error":""},"_links":{"self":[{"href":"https:\/\/www.europesays.com\/fr\/wp-json\/wp\/v2\/posts\/143653","targetHints":{"allow":["GET"]}}],"collection":[{"href":"https:\/\/www.europesays.com\/fr\/wp-json\/wp\/v2\/posts"}],"about":[{"href":"https:\/\/www.europesays.com\/fr\/wp-json\/wp\/v2\/types\/post"}],"author":[{"embeddable":true,"href":"https:\/\/www.europesays.com\/fr\/wp-json\/wp\/v2\/users\/2"}],"replies":[{"embeddable":true,"href":"https:\/\/www.europesays.com\/fr\/wp-json\/wp\/v2\/comments?post=143653"}],"version-history":[{"count":0,"href":"https:\/\/www.europesays.com\/fr\/wp-json\/wp\/v2\/posts\/143653\/revisions"}],"wp:featuredmedia":[{"embeddable":true,"href":"https:\/\/www.europesays.com\/fr\/wp-json\/wp\/v2\/media\/143654"}],"wp:attachment":[{"href":"https:\/\/www.europesays.com\/fr\/wp-json\/wp\/v2\/media?parent=143653"}],"wp:term":[{"taxonomy":"category","embeddable":true,"href":"https:\/\/www.europesays.com\/fr\/wp-json\/wp\/v2\/categories?post=143653"},{"taxonomy":"post_tag","embeddable":true,"href":"https:\/\/www.europesays.com\/fr\/wp-json\/wp\/v2\/tags?post=143653"}],"curies":[{"name":"wp","href":"https:\/\/api.w.org\/{rel}","templated":true}]}}