{"id":143657,"date":"2025-06-01T08:57:09","date_gmt":"2025-06-01T08:57:09","guid":{"rendered":"https:\/\/www.europesays.com\/fr\/143657\/"},"modified":"2025-06-01T08:57:09","modified_gmt":"2025-06-01T08:57:09","slug":"roland-garros-novak-djokovic-apres-sa-victoire-au-3e-tour-jai-passe-trois-ou-quatre-heures-avec-lui-vendredi-soir-pour-voir-comment-il-allait-cela-maffecte-mais-je-suis-un-peu-soulage","status":"publish","type":"post","link":"https:\/\/www.europesays.com\/fr\/143657\/","title":{"rendered":"Roland Garros > Novak Djokovic, apr\u00e8s sa victoire au 3e tour : \u00ab\u00a0J&rsquo;ai pass\u00e9 trois ou quatre heures avec lui vendredi soir, pour voir comment il allait. Cela m&rsquo;affecte mais je suis un peu soulag\u00e9&#8230;\u00a0\u00bb"},"content":{"rendered":"<p>Dans des propos relay\u00e9s par le m\u00e9dia serbe <a href=\"https:\/\/sportklub.n1info.rs\/tenis\/roland-garros\/novak-o-miljanu-pricali-smo-3-4-sata-rastereceniji-sam-sada\/\" data-wpel-link=\"external\" target=\"_blank\" rel=\"nofollow external noopener\">Sportklub<\/a> apr\u00e8s sa victoire contre le qualifi\u00e9 autri\u00adchien Filip Misolic au troi\u00adsi\u00e8me tour de Roland\u2010Garros samedi soir, Novak Djokovic a donn\u00e9 des nouvelles <a href=\"https:\/\/www.welovetennis.fr\/roland-garros\/djokovic-tres-inquiet-apres-sa-victoire-au-2e-tour-malheureusement-il-est-a-lhopital-il-a-eu-un-grave-probleme-et-a-ete-opere\" data-wpel-link=\"internal\" target=\"_blank\" rel=\"noopener\">de son physio\u00adth\u00e9\u00adra\u00adpeute et ami de longue date, Miljan Amanovic, admis \u00e0 l\u2019h\u00f4\u00adpital il y a quelques jours<\/a>.<\/p>\n<p><strong>\u00ab\u202fL\u2019\u00e9pouse de Miljan est ici, et deux de ses trois filles sont venues de Belgrade pour \u00eatre avec lui. Elles reste\u00adront l\u00e0\u2010bas quelques jours, le temps qu\u2019il r\u00e9cu\u00adp\u00e8re un peu. Pour le moment, il ne peut pas prendre l\u2019avion, il doit donc rester au lit pour \u00eatre sous surveillance. C\u2019est bien que ses proches soient venus le soutenir. Nous sommes l\u00e0 pour lui. Hier (vendredi), nous sommes rest\u00e9s ensemble jusqu\u2019\u00e0 tard dans la soir\u00e9e, \u00e0 discuter et \u00e0 passer du temps ensemble. Nous essayons d\u2019\u00eatre \u00e0 ses c\u00f4t\u00e9s, il va mieux et les choses \u00e9voluent dans la bonne direc\u00adtion. Si cela m\u2019af\u00adfecte\u202f? Oui\u2026 C\u2019est pour \u00e7a que j\u2019ai pass\u00e9 trois ou quatre heures vendredi soir avec lui, pour voir comment il allait, et main\u00adte\u00adnant je suis un peu soulag\u00e9.\u202f\u00bb<\/strong><\/p>\n<p>\u00c0 noter que Djokovic a trouv\u00e9 un rempla\u00ad\u00e7ant en la personne de Claudio Cimalja, ancien membre de l\u2019\u00e9quipe de Jannik Sinner, avec qui il a \u00e9gale\u00adment d\u00e9j\u00e0 collabor\u00e9.\u00a0<\/p>\n<p class=\"post-published-date\" style=\"color: silver; font-size: 75%; text-align: left;\">Publi\u00e9 le dimanche 1 juin 2025 \u00e0 08:11<\/p>\n","protected":false},"excerpt":{"rendered":"Dans des propos relay\u00e9s par le m\u00e9dia serbe Sportklub apr\u00e8s sa victoire contre le qualifi\u00e9 autri\u00adchien Filip Misolic&hellip;\n","protected":false},"author":2,"featured_media":143658,"comment_status":"","ping_status":"","sticky":false,"template":"","format":"standard","meta":{"footnotes":""},"categories":[1415],"tags":[105,1011,27,2127,60,1467],"class_list":{"0":"post-143657","1":"post","2":"type-post","3":"status-publish","4":"format-standard","5":"has-post-thumbnail","7":"category-tennis","8":"tag-djokovic","9":"tag-fr","10":"tag-france","11":"tag-sinner","12":"tag-sports","13":"tag-tennis"},"share_on_mastodon":{"url":"https:\/\/pubeurope.com\/@fr\/114607282033983464","error":""},"_links":{"self":[{"href":"https:\/\/www.europesays.com\/fr\/wp-json\/wp\/v2\/posts\/143657","targetHints":{"allow":["GET"]}}],"collection":[{"href":"https:\/\/www.europesays.com\/fr\/wp-json\/wp\/v2\/posts"}],"about":[{"href":"https:\/\/www.europesays.com\/fr\/wp-json\/wp\/v2\/types\/post"}],"author":[{"embeddable":true,"href":"https:\/\/www.europesays.com\/fr\/wp-json\/wp\/v2\/users\/2"}],"replies":[{"embeddable":true,"href":"https:\/\/www.europesays.com\/fr\/wp-json\/wp\/v2\/comments?post=143657"}],"version-history":[{"count":0,"href":"https:\/\/www.europesays.com\/fr\/wp-json\/wp\/v2\/posts\/143657\/revisions"}],"wp:featuredmedia":[{"embeddable":true,"href":"https:\/\/www.europesays.com\/fr\/wp-json\/wp\/v2\/media\/143658"}],"wp:attachment":[{"href":"https:\/\/www.europesays.com\/fr\/wp-json\/wp\/v2\/media?parent=143657"}],"wp:term":[{"taxonomy":"category","embeddable":true,"href":"https:\/\/www.europesays.com\/fr\/wp-json\/wp\/v2\/categories?post=143657"},{"taxonomy":"post_tag","embeddable":true,"href":"https:\/\/www.europesays.com\/fr\/wp-json\/wp\/v2\/tags?post=143657"}],"curies":[{"name":"wp","href":"https:\/\/api.w.org\/{rel}","templated":true}]}}