{"id":143659,"date":"2025-06-01T08:59:11","date_gmt":"2025-06-01T08:59:11","guid":{"rendered":"https:\/\/www.europesays.com\/fr\/143659\/"},"modified":"2025-06-01T08:59:11","modified_gmt":"2025-06-01T08:59:11","slug":"le-holeshot-device-fait-de-nouveau-debat-apres-plusieurs-incidents","status":"publish","type":"post","link":"https:\/\/www.europesays.com\/fr\/143659\/","title":{"rendered":"Le holeshot device fait de nouveau d\u00e9bat apr\u00e8s plusieurs incidents"},"content":{"rendered":"<p>Tr\u00e8s controvers\u00e9s lors de leur apparition sur les machines, au tournant des ann\u00e9es 2020, les variateurs de hauteur font d\u00e9sormais partie des habitudes des pilotes, mais ils sont de retour au c\u0153ur des d\u00e9bats apr\u00e8s plusieurs incidents. Faut-il les interdire d\u00e8s maintenant, alors que leur suppression est d\u00e9j\u00e0 pr\u00e9vue par le <a href=\"https:\/\/fr.motorsport.com\/motogp\/news\/motogp-officialise-reglement-technique-2027\/10607624\/\" target=\"_blank\" rel=\"noopener\">r\u00e8glement 2027<\/a> ? Les pilotes peinent \u00e0 afficher une opinion tranch\u00e9e.<\/p>\n<p>Ces dispositifs qui permettent d&rsquo;abaisser les motos sont utilis\u00e9s pour la r\u00e9acc\u00e9l\u00e9ration en sortie de virage, \u00e0 l&rsquo;arri\u00e8re des motos, mais aussi dans les phases de d\u00e9part\u00a0\u2013 d&rsquo;o\u00f9 le nom de \u00ab\u00a0holeshot device\u00a0\u00bb en anglais\u00a0\u2013 \u00e0 l&rsquo;arri\u00e8re mais aussi \u00e0 l&rsquo;avant. Ils se d\u00e9senclenchent automatiquement lors d&rsquo;un gros freinage, mais les deux derniers d\u00e9parts ont pos\u00e9 probl\u00e8me.<\/p>\n<p>Au Mans, le premier virage est une courbe rapide, ce qui peut rendre difficile de d\u00e9senclencher le syst\u00e8me et obliger \u00e0 garder la moto dans une position basse, potentiellement dangereuse. Ce n&rsquo;est qu&rsquo;\u00e0 la chicane Dunlop que les pilotes freinent franchement. Dans un d\u00e9part dans des conditions mitig\u00e9es, tous les pilotes ne l&rsquo;ont pas tous utilis\u00e9 et cela a men\u00e9 \u00e0 des rythmes diff\u00e9rents&#8230; et des chutes au premier virage.<\/p>\n<p>\u00c0 Silverstone, la premi\u00e8re courbe est moins rapide mais il peut \u00e9galement \u00eatre difficile de d\u00e9sactiver le syst\u00e8me puisqu&rsquo;il ne s&rsquo;agit pas d&rsquo;un gros freinage. C&rsquo;est ce qui a contribu\u00e9 \u00e0 la grosse chute d&rsquo;<a href=\"https:\/\/fr.motorsport.com\/driver\/alex-marquez\/96324\/\" target=\"_blank\" rel=\"noopener\">\u00c1lex M\u00e1rquez<\/a> lors du premier d\u00e9part. Le pilote Gresini a illustr\u00e9 le d\u00e9bat qui anime les pilotes sur le besoin de l&rsquo;interdire, avec actuellement des discussions sur la possibilit\u00e9 d&rsquo;y renoncer au d\u00e9part sur certaines pistes, Le Mans en t\u00eate, mais le sentiment que le syst\u00e8me en lui-m\u00eame n&rsquo;est pas dangereux.<\/p>\n<p>\u00ab\u00a0Il faut v\u00e9rifier et \u00eatre r\u00e9aliste, surtout les pilotes, sur les endroits o\u00f9 l&rsquo;interdire\u00a0\u00bb, a confi\u00e9 \u00c1lex M\u00e1rquez. \u00ab\u00a0Je ne pense pas qu&rsquo;il soit n\u00e9cessaire de l&rsquo;interdire sur toutes les pistes. Normalement, [Silverstone] n&rsquo;est pas dangereux, ce n&rsquo;est pas comme au Mans. Au Mans, il faut l&rsquo;interdire, je suis d&rsquo;accord \u00e0 100% pour \u00e7a, mais pas ici. [\u00c0 Silverstone], le probl\u00e8me ce sont les temp\u00e9ratures, etc. L&rsquo;an prochain, on reviendra en ao\u00fbt donc je me dis, ou j&rsquo;esp\u00e8re, que ce sera bien mieux\u00a0!\u00a0\u00bb<\/p>\n<p>Lire aussi :<\/p>\n<p><a href=\"https:\/\/fr.motorsport.com\/driver\/johann-zarco\/96107\/\" target=\"_blank\" rel=\"noopener\">Johann Zarco<\/a> est sur une position similaire. \u00ab\u00a0Comme on en a discut\u00e9 apr\u00e8s Le Mans, il faut qu&rsquo;on vote pour d\u00e9cider, les pilotes tous ensemble, sur quelles pistes on en a besoin ou pas au d\u00e9part\u00a0\u00bb, a expliqu\u00e9 le Fran\u00e7ais. \u00ab\u00a0Au Mans, par exemple, je pense que ce serait une bonne solution de ne pas l&rsquo;utiliser. [\u00c0 Silverstone], le premier virage est assez rapide mais on peut freiner suffisamment fort pour le d\u00e9senclencher, et si on ne le fait pas \u00e0 100%, on peut le faire un peu plus tard au virage 3.\u00a0\u00bb<\/p>\n<p><a href=\"https:\/\/fr.motorsport.com\/driver\/marc-marquez\/92646\/\" target=\"_blank\" rel=\"noopener\">Marc M\u00e1rquez<\/a>, partisan de l&rsquo;interdiction de certaines \u00e9volutions apparues ces derni\u00e8res ann\u00e9es, estime que le holeshot device facilite la t\u00e2che des pilotes mais peut g\u00e9n\u00e9rer des situations dangereuses. \u00ab\u00a0Pour moi, les variateurs de hauteur rendent les MotoGP plus faciles \u00e0 piloter\u00a0\u00bb, a assur\u00e9 le leader du championnat. \u00ab\u00a0Sans eux, c&rsquo;est beaucoup plus difficile.\u00a0\u00bb<\/p>\n<p>   <img decoding=\"async\" draggable=\"false\" src=\"https:\/\/www.europesays.com\/fr\/wp-content\/uploads\/2025\/06\/marc-marquez-ducati-team.jpg\" alt=\"Marc Marquez, Ducati Team&#10;\" width=\"1200\" height=\"800\" loading=\"lazy\"\/> <\/p>\n<p class=\"title\">Marc M\u00e1rquez<\/p>\n<p class=\"photographer\">Photo de: Ducati Corse<\/p>\n<p>\u00ab\u00a0Est-ce que c&rsquo;est s\u00fbr ou pas ? Sur certains d\u00e9parts, par exemple, comme au Mans ou peut-\u00eatre [\u00e0 Silverstone], \u00e7a manque un peu de s\u00e9curit\u00e9 au premier virage. C&rsquo;est aussi d\u00fb au fait que les pilotes freinent d&rsquo;une mani\u00e8re \u00e9trange. On a vu [\u00e0 Silverstone] l&rsquo;ann\u00e9e derni\u00e8re un pilote en percuter un autre, et c&rsquo;est parce qu&rsquo;on freine d&rsquo;une mani\u00e8re \u00e9trange. Mais d&rsquo;un autre c\u00f4t\u00e9, alors qu&rsquo;il y avait beaucoup de vent, la moto \u00e9tait plus stable avec le variateur de hauteur arri\u00e8re, donc bon\u2026 Mais ce qui est vrai, c&rsquo;est que \u00e7a rend le MotoGP plus facile et moins technique.\u00a0\u00bb<\/p>\n<p>Des situations potentiellement dangereuses<\/p>\n<p><a href=\"https:\/\/fr.motorsport.com\/driver\/aleix-espargaro\/90382\/\" target=\"_blank\" rel=\"noopener\">Aleix Espargar\u00f3<\/a>, pr\u00e9sent en wild-card \u00e0 Silverstone, pr\u00e9f\u00e8rerait une suppression du syst\u00e8me, selon lui dangereux et inutile pour le d\u00e9veloppement des motos de route. \u00ab\u00a0Je le disais il y a trois ans\u00a0\u00bb, a rappel\u00e9 le pilote d&rsquo;essais de Honda. \u00ab\u00a0Je ne comprends pas. Le variateur de hauteur \u00e0 l&rsquo;avant et \u00e0 l&rsquo;arri\u00e8re, on ne verra jamais \u00e7a sur une moto de s\u00e9rie. Je ne comprends pas pourquoi on a ces dispositifs.\u00a0\u00bb<\/p>\n<p>\u00ab\u00a0Je le dis depuis le d\u00e9but mais il faut \u00eatre juste, parce qu&rsquo;il n&rsquo;y avait rien dans les r\u00e8glements donc quelqu&rsquo;un de tr\u00e8s intelligent, de malin [chez Ducati], a d\u00e9cid\u00e9 de l&rsquo;ajouter sur la moto. Ce n&rsquo;est pas de sa faute. \u00c7a porte vraiment \u00e0 controverse, c&rsquo;est dangereux \u00e0 certains endroits et ce n&rsquo;est pas fun pour le show. Mais il a \u00e9t\u00e9 malin donc maintenant il faut respecter \u00e7a. C&rsquo;est vraiment difficile.\u00a0\u00bb<\/p>\n<p>Les probl\u00e8mes ont en effet \u00e9t\u00e9 nombreux \u00e0 Silverstone. Apr\u00e8s la chute d&rsquo;\u00c1lex M\u00e1rquez, <a href=\"https:\/\/fr.motorsport.com\/driver\/enea-bastianini\/109398\/\" target=\"_blank\" rel=\"noopener\">Enea Bastianini<\/a> a fait l&rsquo;int\u00e9gralit\u00e9 du premier tour avec le syst\u00e8me bloqu\u00e9 \u00e0 l&rsquo;avant, et Yamaha a rencontr\u00e9 des soucis \u00e0 l&rsquo;arri\u00e8re, qui ont <a href=\"https:\/\/fr.motorsport.com\/motogp\/news\/rins-meme-souci-holeshot-device-quartararo-grande-bretagne\/10727890\/\" target=\"_blank\" rel=\"noopener\">fait perdre des places<\/a> \u00e0 <a href=\"https:\/\/fr.motorsport.com\/driver\/alex-rins\/109402\/\" target=\"_blank\" rel=\"noopener\">\u00c1lex Rins<\/a> dans le dernier tour et ont surtout provoqu\u00e9 l&rsquo;abandon de <a href=\"https:\/\/fr.motorsport.com\/driver\/fabio-quartararo\/109400\/\" target=\"_blank\" rel=\"noopener\">Fabio Quartararo<\/a>. Ce dernier penche \u00e9galement pour un retrait des holeshot devices mais cela devra passer par une interdiction, aucun constructeur ne pouvant se permettre d&rsquo;y renoncer.<\/p>\n<p>\u00ab\u00a0C&rsquo;est vrai que \u00e7a apporte un gros, gros avantage mais si on l&rsquo;enl\u00e8ve tous, je pense que \u00e7a serait bien\u00a0\u00bb, a comment\u00e9 le Fran\u00e7ais. \u00ab\u00a0M\u00eame [\u00e0 Silverstone], ce n&rsquo;est pas vraiment dangereux mais on sait qu&rsquo;il faut freiner super, super fort pour d\u00e9senclencher l&rsquo;avant ou l&rsquo;arri\u00e8re.\u00a0\u00bb<\/p>\n<p>   <img decoding=\"async\" draggable=\"false\" src=\"https:\/\/www.europesays.com\/fr\/wp-content\/uploads\/2025\/06\/fabio-quartararo-yamaha-factor.jpg\" alt=\"Fabio Quartararo, Yamaha Factory Racing\" width=\"1200\" height=\"800\" loading=\"lazy\"\/> <\/p>\n<p class=\"title\">Fabio Quartararo apr\u00e8s son probl\u00e8me \u00e0 Silverstone.<\/p>\n<p class=\"photographer\">Photo de: Gold and Goose Photography \/ LAT Images \/ via Getty Images<\/p>\n<p>\u00ab\u00a0Je pense que la chute d&rsquo;\u00c1lex est un peu venue de l&rsquo;avant, parce qu&rsquo;il voulait freiner super fort avec l&rsquo;avant, mais l&rsquo;avant est assez critique sur le c\u00f4t\u00e9 droit dans ce virage. C&rsquo;est dangereux mais ce n&rsquo;est pas moi qui fais le r\u00e8glement, et \u00e7a nous rend plus rapides, donc on ne l&rsquo;enl\u00e8vera pas si les autres l&rsquo;utilisent. C&rsquo;est vraiment important.\u00a0\u00bb<\/p>\n<p>Johann Zarco regretterait une interdiction totale, puisqu&rsquo;il appr\u00e9cie le d\u00e9fi technologique pos\u00e9 par le holeshot device\u00a0: \u00ab\u00a0J&rsquo;aime les variateurs de hauteur. [&#8230;] Les variateurs de hauteur ont \u00e9t\u00e9 tr\u00e8s int\u00e9ressants pour le d\u00e9veloppement et je pense que c&rsquo;est bien de les garder parce qu&rsquo;on apprend \u00e9norm\u00e9ment de choses quant \u00e0 ce qu&rsquo;on peut extraire de la moto.\u00a0\u00bb<\/p>\n<p style=\"text-align: right;\">Avec L\u00e9na Buffa<\/p>\n<p>Lire aussi :<\/p>\n<p>Dans cet article<\/p>\n<p>    Vincent Lalanne-Sicaud\n<\/p>\n<p>    MotoGP\n<\/p>\n<p>    Aleix Espargar\u00f3\n<\/p>\n<p>    Marc M\u00e1rquez\n<\/p>\n<p>    Johann Zarco\n<\/p>\n<p>    \u00c1lex M\u00e1rquez\n<\/p>\n<p>    Fabio Quartararo\n<\/p>\n<p>Soyez le premier inform\u00e9 et souscrivez aux alertes mails pour recevoir les infos en temps r\u00e9el<\/p>\n<p>    S&rsquo;abonner aux alertes de news<\/p>\n","protected":false},"excerpt":{"rendered":"Tr\u00e8s controvers\u00e9s lors de leur apparition sur les machines, au tournant des ann\u00e9es 2020, les variateurs de hauteur&hellip;\n","protected":false},"author":2,"featured_media":143660,"comment_status":"","ping_status":"","sticky":false,"template":"","format":"standard","meta":{"footnotes":""},"categories":[1413],"tags":[16819,1680,1011,27,1741,5038,1457,1456,1458,60,7896],"class_list":{"0":"post-143659","1":"post","2":"type-post","3":"status-publish","4":"format-standard","5":"has-post-thumbnail","7":"category-moto","8":"tag-aleix-espargaru00f3","9":"tag-fabio-quartararo","10":"tag-fr","11":"tag-france","12":"tag-johann-zarco","13":"tag-marc-mu00e1rquez","14":"tag-moto","15":"tag-motocycle","16":"tag-motogp","17":"tag-sports","18":"tag-u00c1lex-mu00e1rquez"},"share_on_mastodon":{"url":"https:\/\/pubeurope.com\/@fr\/114607290125391750","error":""},"_links":{"self":[{"href":"https:\/\/www.europesays.com\/fr\/wp-json\/wp\/v2\/posts\/143659","targetHints":{"allow":["GET"]}}],"collection":[{"href":"https:\/\/www.europesays.com\/fr\/wp-json\/wp\/v2\/posts"}],"about":[{"href":"https:\/\/www.europesays.com\/fr\/wp-json\/wp\/v2\/types\/post"}],"author":[{"embeddable":true,"href":"https:\/\/www.europesays.com\/fr\/wp-json\/wp\/v2\/users\/2"}],"replies":[{"embeddable":true,"href":"https:\/\/www.europesays.com\/fr\/wp-json\/wp\/v2\/comments?post=143659"}],"version-history":[{"count":0,"href":"https:\/\/www.europesays.com\/fr\/wp-json\/wp\/v2\/posts\/143659\/revisions"}],"wp:featuredmedia":[{"embeddable":true,"href":"https:\/\/www.europesays.com\/fr\/wp-json\/wp\/v2\/media\/143660"}],"wp:attachment":[{"href":"https:\/\/www.europesays.com\/fr\/wp-json\/wp\/v2\/media?parent=143659"}],"wp:term":[{"taxonomy":"category","embeddable":true,"href":"https:\/\/www.europesays.com\/fr\/wp-json\/wp\/v2\/categories?post=143659"},{"taxonomy":"post_tag","embeddable":true,"href":"https:\/\/www.europesays.com\/fr\/wp-json\/wp\/v2\/tags?post=143659"}],"curies":[{"name":"wp","href":"https:\/\/api.w.org\/{rel}","templated":true}]}}