{"id":143661,"date":"2025-06-01T09:00:11","date_gmt":"2025-06-01T09:00:11","guid":{"rendered":"https:\/\/www.europesays.com\/fr\/143661\/"},"modified":"2025-06-01T09:00:11","modified_gmt":"2025-06-01T09:00:11","slug":"je-ne-peux-pas-vraiment-trouver-de-reponse","status":"publish","type":"post","link":"https:\/\/www.europesays.com\/fr\/143661\/","title":{"rendered":"Je ne peux pas vraiment trouver de r\u00e9ponse"},"content":{"rendered":"<p>D\u00e8s vendredi, <a href=\"https:\/\/fr.motorsport.com\/driver\/yuki-tsunoda\/828578\/\" target=\"_blank\" rel=\"noopener\">Yuki Tsunoda<\/a> semblait perdu chez <a href=\"https:\/\/fr.motorsport.com\/team\/red-bull\/553\/\" target=\"_blank\" rel=\"noopener\">Red Bull<\/a>. Auteur du 13e temps en EL2, \u00e0 plus de six dixi\u00e8mes de <a href=\"https:\/\/fr.motorsport.com\/driver\/max-verstappen\/93029\/\" target=\"_blank\" rel=\"noopener\">Max Verstappen<\/a>, il ne cachait pas son d\u00e9sarroi. \u00ab\u00a0Je n&rsquo;ai tout simplement aucune id\u00e9e de pourquoi je suis lent\u00a0\u00bb, l\u00e2chait-il. Le constat n&rsquo;\u00e9tait pas plus r\u00e9jouissant apr\u00e8s des qualifications encore plus difficiles. Son retard sur Verstappen a \u00e9t\u00e9 similaire mais cette fois, il a \u00e9t\u00e9 synonyme d&rsquo;\u00e9limination en Q1 et surtout d&rsquo;une 20e place au terme de la s\u00e9ance. Loin, tr\u00e8s loin de la troisi\u00e8me place de Verstappen.<\/p>\n<p>Tsunoda est en proie \u00e0 de gros probl\u00e8mes d&rsquo;adh\u00e9rence, qui acc\u00e9l\u00e8rent la d\u00e9gradation de pneus et l&#8217;emp\u00eachent d&rsquo;exploiter la Red Bull. \u00ab\u00a0Imm\u00e9diatement, d\u00e8s le premier tour d&rsquo;attaque en EL1, j&rsquo;ai dit par radio que quelque chose n&rsquo;allait pas\u00a0\u00bb, a expliqu\u00e9 Tsunoda. \u00ab\u00a0Le niveau ne correspond pas \u00e0 mes attentes, au niveau de l&rsquo;adh\u00e9rence que je ressens dans la voiture.\u00a0\u00bb<\/p>\n<p>\u00ab\u00a0Nous avons essay\u00e9 de r\u00e9soudre ce probl\u00e8me pendant le week-end, mais quand on se sent limit\u00e9 en termes de grip, on a juste un peu la sensation de mettre un pansement. On n&rsquo;est pas arriv\u00e9s \u00e0 rem\u00e9dier au c\u0153ur de la limitation que j&rsquo;avais, donc c&rsquo;est vraiment d\u00e9cevant.\u00a0\u00bb<\/p>\n<p>Sans \u00e9voquer un probl\u00e8me technique, Tsunoda pense qu&rsquo;un souci fondamental est \u00e0 l&rsquo;origine de ses difficult\u00e9s puisque tous les changements tent\u00e9s depuis vendredi se sont sold\u00e9s sur des \u00e9checs\u00a0: \u00ab\u00a0Je ne pense sinc\u00e8rement pas que \u00e7a vient des r\u00e9glages parce que vraiment, nous avons test\u00e9 presque tous les r\u00e9glages. Il y a \u00e9videmment des pr\u00e9f\u00e9rences ici et l\u00e0 mais je reste convaincu que nous pouvons au moins assembler les choses pour l&rsquo;\u00e9quilibre de la voiture.\u00a0\u00bb<\/p>\n<p>   <img decoding=\"async\" draggable=\"false\" src=\"https:\/\/www.europesays.com\/fr\/wp-content\/uploads\/2025\/06\/yuki-tsunoda-red-bull-racing.jpg\" alt=\"Yuki Tsunoda, Red Bull Racing\" width=\"1200\" height=\"800\" loading=\"lazy\"\/> <\/p>\n<p class=\"title\">Yuki Tsunoda, Red Bull Racing<\/p>\n<p class=\"photographer\">Photo de: Red Bull Content Pool<\/p>\n<p>\u00ab\u00a0L&rsquo;\u00e9quilibre de la voiture en tant que tel n&rsquo;est pas mauvais, et au moins j&rsquo;\u00e9tais en confiance. Le tour en qualifications, surtout le dernier, \u00e9tait assez bon, donc \u00e7a ne colle pas vraiment avec mes r\u00e9sultats et mon rythme.\u00a0\u00bb<\/p>\n<p>La fin d&rsquo;une bonne dynamique<\/p>\n<p>Tsunoda dispute son sixi\u00e8me Grand Prix dans la Red Bull et jusqu&rsquo;\u00e0 Monaco, il a senti une progression int\u00e9ressante. Sans rivaliser franchement avec Verstappen, il a pu mener sa monoplace aux points \u00e0 Sakhir, Miami et Imola, mais il est d\u00e9sormais incapable de faire un seul tour dans le rythme n\u00e9cessaire.<\/p>\n<p>\u00ab\u00a0Jusqu&rsquo;\u00e0 [&#8230;] Monaco, j&rsquo;avais une bonne \u00e9volution. Dans les deux derniers Grands Prix, dans certaines s\u00e9ances j&rsquo;\u00e9tais au niveau de Max ou un peu plus rapide, et soudainement il y a eu une \u00e9norme d\u00e9gradation. Quoi que je fasse, \u00e0 chaque tour, m\u00eame les relais longs, rien ne se passe et on dirait que la voiture mange les pneus d&rsquo;une fa\u00e7on infernale, avec une \u00e9norme d\u00e9gradation. \u00c7a ne tient pas la route et je pense que la vraie limite est encore l\u00e0. Je ne sais pas ce que c&rsquo;est et je ne peux pas vraiment trouver de r\u00e9ponse pour \u00e7a.\u00a0\u00bb<\/p>\n<p>\u00ab\u00a0J&rsquo;ai entendu plusieurs fois de la part de l&rsquo;\u00e9quipe que cela faisait un moment qu&rsquo;ils n&rsquo;avaient pas pu avoir un deuxi\u00e8me pilote capable d&rsquo;\u00eatre au niveau de Max ou plus rapide\u00a0\u00bb, a ajout\u00e9 Tsunoda. \u00ab\u00a0Vous savez, ils \u00e9taient satisfaits. Mais dans ce Grand Prix, \u00e7a s&rsquo;est d\u00e9grad\u00e9 \u00e9norm\u00e9ment pour une raison inconnue, et je n&rsquo;arrive pas \u00e0 montrer mes performances, ce qui est dommage. C&rsquo;est une chose que, pour ce Grand Prix, je trouve tr\u00e8s \u00e9trange.\u00a0\u00bb<\/p>\n<p>   <img decoding=\"async\" draggable=\"false\" src=\"https:\/\/www.europesays.com\/fr\/wp-content\/uploads\/2025\/06\/yuki-tsunoda-red-bull-racing-t.jpg\" alt=\"Yuki Tsunoda, Red Bull Racing Team\" width=\"1200\" height=\"800\" loading=\"lazy\"\/> <\/p>\n<p class=\"title\">Yuki Tsunoda, Red Bull Racing Team<\/p>\n<p class=\"photographer\">Photo de: Andy Hone \/ Motorsport Images<\/p>\n<p>La course s&rsquo;annonce donc tr\u00e8s difficile pour Yuki Tsunoda. Malgr\u00e9 l&rsquo;absence d&rsquo;id\u00e9e pour rem\u00e9dier \u00e0 ses probl\u00e8mes, il garde l&rsquo;espoir de remonter dans le classement, tout en sachant que la t\u00e2che sera plus que compliqu\u00e9e.<\/p>\n<p>\u00ab\u00a0Je vais faire de mon mieux\u00a0\u00bb, a promis Tsunoda. \u00ab\u00a0Je ferai tout ce que je peux pour \u00eatre dans le top 10. Le truc, c&rsquo;est que je n&rsquo;arrive pas \u00e0 rem\u00e9dier aux limites de la voiture depuis les EL2, \u00e0 savoir des pneus qui ne font que se d\u00e9grader tour apr\u00e8s tour. \u00c0 cet \u00e9gard, en \u00e9tant r\u00e9aliste, ce sera dur. J&rsquo;esp\u00e8re qu&rsquo;avec quelques changements, nous allons rendre [la voiture] l\u00e9g\u00e8rement meilleure. Mais sinon, on verra comment \u00e7a se passera.\u00a0\u00bb<\/p>\n<p>\u00ab\u00a0Tant que nous trouverons une limitation claire ou ce qui provoque un probl\u00e8me clair sur la voiture, je pense que nous le prendrons\u00a0\u00bb, a pr\u00e9cis\u00e9 le Japonais, sans voir de solution du c\u00f4t\u00e9 des r\u00e9glages\u00a0: \u00ab\u00a0Mais m\u00eame moi, je ne pense pas que ce soit tr\u00e8s utile de modifier les r\u00e9glages. [&#8230;] Nous avons presque tout fait [et \u00e7a reste] exactement la m\u00eame chose, juste quatre roues qui glissent. Il faut en discuter mais je ne peux pas voir quel genre de r\u00e9glage changera la donne.\u00a0\u00bb<\/p>\n<p style=\"text-align: right;\">Avec Cihangir Perperik et Oleg Karpov<\/p>\n<p>Lire aussi :<\/p>\n<p>Dans cet article<\/p>\n<p>    Vincent Lalanne-Sicaud\n<\/p>\n<p>    Formule 1\n<\/p>\n<p>    Yuki Tsunoda\n<\/p>\n<p>    Red Bull\n<\/p>\n<p>Soyez le premier inform\u00e9 et souscrivez aux alertes mails pour recevoir les infos en temps r\u00e9el<\/p>\n<p>    S&rsquo;abonner aux alertes de news<\/p>\n","protected":false},"excerpt":{"rendered":"D\u00e8s vendredi, Yuki Tsunoda semblait perdu chez Red Bull. Auteur du 13e temps en EL2, \u00e0 plus de&hellip;\n","protected":false},"author":2,"featured_media":143662,"comment_status":"","ping_status":"","sticky":false,"template":"","format":"standard","meta":{"footnotes":""},"categories":[1412],"tags":[25466,1451,1452,1453,1454,1455,1011,27,12529,2255,60,2247],"class_list":{"0":"post-143661","1":"post","2":"type-post","3":"status-publish","4":"format-standard","5":"has-post-thumbnail","7":"category-f1","8":"tag-circuit-de-barcelona-catalunya","9":"tag-f1","10":"tag-formula-1","11":"tag-formula1","12":"tag-formule-1","13":"tag-formule1","14":"tag-fr","15":"tag-france","16":"tag-gp-despagne","17":"tag-red-bull","18":"tag-sports","19":"tag-yuki-tsunoda"},"share_on_mastodon":{"url":"https:\/\/pubeurope.com\/@fr\/114607293982681794","error":""},"_links":{"self":[{"href":"https:\/\/www.europesays.com\/fr\/wp-json\/wp\/v2\/posts\/143661","targetHints":{"allow":["GET"]}}],"collection":[{"href":"https:\/\/www.europesays.com\/fr\/wp-json\/wp\/v2\/posts"}],"about":[{"href":"https:\/\/www.europesays.com\/fr\/wp-json\/wp\/v2\/types\/post"}],"author":[{"embeddable":true,"href":"https:\/\/www.europesays.com\/fr\/wp-json\/wp\/v2\/users\/2"}],"replies":[{"embeddable":true,"href":"https:\/\/www.europesays.com\/fr\/wp-json\/wp\/v2\/comments?post=143661"}],"version-history":[{"count":0,"href":"https:\/\/www.europesays.com\/fr\/wp-json\/wp\/v2\/posts\/143661\/revisions"}],"wp:featuredmedia":[{"embeddable":true,"href":"https:\/\/www.europesays.com\/fr\/wp-json\/wp\/v2\/media\/143662"}],"wp:attachment":[{"href":"https:\/\/www.europesays.com\/fr\/wp-json\/wp\/v2\/media?parent=143661"}],"wp:term":[{"taxonomy":"category","embeddable":true,"href":"https:\/\/www.europesays.com\/fr\/wp-json\/wp\/v2\/categories?post=143661"},{"taxonomy":"post_tag","embeddable":true,"href":"https:\/\/www.europesays.com\/fr\/wp-json\/wp\/v2\/tags?post=143661"}],"curies":[{"name":"wp","href":"https:\/\/api.w.org\/{rel}","templated":true}]}}