{"id":143663,"date":"2025-06-01T09:01:09","date_gmt":"2025-06-01T09:01:09","guid":{"rendered":"https:\/\/www.europesays.com\/fr\/143663\/"},"modified":"2025-06-01T09:01:09","modified_gmt":"2025-06-01T09:01:09","slug":"alpes-isere-tour-le-parquetout-cest-quoi-ce-truc-de-fou-actualite","status":"publish","type":"post","link":"https:\/\/www.europesays.com\/fr\/143663\/","title":{"rendered":"Alpes Is\u00e8re Tour : Le Parquetout, \u00ab c&rsquo;est quoi ce truc de fou ? \u00bb &#8211; Actualit\u00e9"},"content":{"rendered":"<p style=\"text-align: justify;\">Le 18 avril dernier, Michel Baup a sorti de l\u2019anonymat le Parquetout en annon\u00e7ant sa pr\u00e9sence sur le parcours de la derni\u00e8re \u00e9tape de l\u2019Alpes Is\u00e8re Tour 2025.\u00a0\u201cJe suis content de faire d\u00e9couvrir ce col-l\u00e0 au milieu cycliste, parce que c&rsquo;est un col qui n&rsquo;est jamais pratiqu\u00e9 par les courses cyclistes, et l\u00e0 je pense que \u00e7a a le m\u00e9rite d&rsquo;\u00eatre fait. \u00c7a va peut-\u00eatre donner des id\u00e9es. C&rsquo;est vraiment un col qui est int\u00e9ressant\u201d, promet l\u2019organisateur de l\u2019\u00e9preuve de Classe 2 au micro de DirectVelo. Les chiffres sont en effet all\u00e9chants : 7,1 kilom\u00e8tres \u00e0 10% de moyenne, depuis Valbonnais. En obtenant un partenariat avec la communaut\u00e9 de communes de la Matheysine, Michel Baup a pens\u00e9 \u00e0 ce col situ\u00e9 \u00e0 un endroit o\u00f9 il passait ses vacances pendant sa jeunesse. \u201cOn avait \u00e0 c\u0153ur d&rsquo;aller jusqu&rsquo;au bout du d\u00e9partement de l\u2019Is\u00e8re, de se rapprocher du sud. C&rsquo;\u00e9tait Corps le village le plus au sud, donc le Parquetout avait tout son sens, d&rsquo;autant plus qu&rsquo;il fallait le monter du bon c\u00f4t\u00e9, le plus difficile. Il y a un vrai morceau de bravoure l\u00e0\u201d.<\/p>\n<p>Bien qu\u2019il soit originaire\u00a0du d\u00e9partement de l&rsquo;Is\u00e8re, Colin Savioz vient de d\u00e9couvrir ce col gr\u00e2ce \u00e0 l\u2019Alpes Is\u00e8re Tour. \u201cC&rsquo;\u00e9tait une belle d\u00e9couverte de pouvoir le faire \u00e0 la reconnaissance. Franchement, c&rsquo;est quelque chose \u00e0 faire. Le pied n&rsquo;est pas tr\u00e8s tr\u00e8s dur, on passe dans un petit village, et une fois \u00e0 la sortie, c&rsquo;est une route avec pas mal d&rsquo;\u00e9pingles, et c&rsquo;est raide, m\u00eame tr\u00e8s raide jusqu&rsquo;en haut\u201d, annonce le grimpeur de Charvieu-Chavagneux Is\u00e8re Cyclisme. Pour Arthur Meyer, qui connaissait l\u2019endroit, le Parquetout lui rappelle les cols italiens emprunt\u00e9s par le Tour du Val d\u2019Aoste. \u201cIl y a z\u00e9ro r\u00e9pit. C&rsquo;est vraiment un truc de grimpeur. Je m&rsquo;\u00e9tais retrouv\u00e9 l\u00e0-dedans un peu par hasard, et je m&rsquo;\u00e9tais dit \u00ab mais c&rsquo;est quoi ce truc de fou ? \u00bb. C\u2019est vraiment une des bosses les plus dures autour de Grenoble. Pas au niveau de la longueur, mais de la difficult\u00e9\u201d.<\/p>\n<p>Le coureur de Bourg-en-Bresse Ain Cyclisme sourit en se rappelant quelques anecdotes. \u201cJe pense que c&rsquo;est une des premi\u00e8res fois o\u00f9 j&rsquo;ai fait p\u00e9ter mon p\u00e8re \u00e0 l&rsquo;entra\u00eenement\u201d. Il y a deux ans, c\u2019est le Belge Maxim Van Gils qu\u2019il a vu au Parquetout lors d\u2019une sortie partag\u00e9e avec Thomas Husni et Anthony Baudis. \u201cOn \u00e9tait tomb\u00e9s sur Maxim Van Gils qui avait crev\u00e9 des deux pneus dans la descente.\u00a0Sa\u00a0mousse ne collait pas. Il est rentr\u00e9 du Parquetout jusqu&rsquo;\u00e0 Grenoble sur les deux jantes\u201d, se marre Anthony Baudis. Soit pr\u00e8s de 50 kilom\u00e8tres. C\u2019est la distance qu\u2019il restera ce dimanche au sommet du Parquetout, pour rejoindre l\u2019arriv\u00e9e situ\u00e9e \u00e0 La Mure. \u201cJe pense que \u00e7a va faire un gros tri\u201d, dit Arthur Meyer. \u201cTout va se jouer dans le Parquetout\u201d, conclut Colin Savioz.<\/p>\n","protected":false},"excerpt":{"rendered":"Le 18 avril dernier, Michel Baup a sorti de l\u2019anonymat le Parquetout en annon\u00e7ant sa pr\u00e9sence sur le&hellip;\n","protected":false},"author":2,"featured_media":143664,"comment_status":"","ping_status":"","sticky":false,"template":"","format":"standard","meta":{"footnotes":""},"categories":[1411],"tags":[834,828,836,829,837,827,83,826,824,823,1154,207,814,817,815,816,822,821,832,211,839,1011,27,820,818,819,835,831,830,833,838,60,212,208,825],"class_list":{"0":"post-143663","1":"post","2":"type-post","3":"status-publish","4":"format-standard","5":"has-post-thumbnail","7":"category-cyclisme","8":"tag-attaque","9":"tag-belgique","10":"tag-braquet","11":"tag-bretagne","12":"tag-chute","13":"tag-competition","14":"tag-coupe-de-france","15":"tag-coureur","16":"tag-course-cyclisme","17":"tag-course-cycliste","18":"tag-cycling","19":"tag-cyclisme","20":"tag-direct","21":"tag-direct-velo","22":"tag-directvelo","23":"tag-directvelo-com","24":"tag-epreuve","25":"tag-epreuve-cycliste","26":"tag-federation-francaise-de-cyclisme","27":"tag-ffc","28":"tag-flandres","29":"tag-fr","30":"tag-france","31":"tag-live","32":"tag-live-course","33":"tag-live-epreuve","34":"tag-peloton","35":"tag-radio-peloton","36":"tag-radio-tour","37":"tag-ravitaillement","38":"tag-relance","39":"tag-sports","40":"tag-uci","41":"tag-velo","42":"tag-velos"},"share_on_mastodon":{"url":"https:\/\/pubeurope.com\/@fr\/114607297899778161","error":""},"_links":{"self":[{"href":"https:\/\/www.europesays.com\/fr\/wp-json\/wp\/v2\/posts\/143663","targetHints":{"allow":["GET"]}}],"collection":[{"href":"https:\/\/www.europesays.com\/fr\/wp-json\/wp\/v2\/posts"}],"about":[{"href":"https:\/\/www.europesays.com\/fr\/wp-json\/wp\/v2\/types\/post"}],"author":[{"embeddable":true,"href":"https:\/\/www.europesays.com\/fr\/wp-json\/wp\/v2\/users\/2"}],"replies":[{"embeddable":true,"href":"https:\/\/www.europesays.com\/fr\/wp-json\/wp\/v2\/comments?post=143663"}],"version-history":[{"count":0,"href":"https:\/\/www.europesays.com\/fr\/wp-json\/wp\/v2\/posts\/143663\/revisions"}],"wp:featuredmedia":[{"embeddable":true,"href":"https:\/\/www.europesays.com\/fr\/wp-json\/wp\/v2\/media\/143664"}],"wp:attachment":[{"href":"https:\/\/www.europesays.com\/fr\/wp-json\/wp\/v2\/media?parent=143663"}],"wp:term":[{"taxonomy":"category","embeddable":true,"href":"https:\/\/www.europesays.com\/fr\/wp-json\/wp\/v2\/categories?post=143663"},{"taxonomy":"post_tag","embeddable":true,"href":"https:\/\/www.europesays.com\/fr\/wp-json\/wp\/v2\/tags?post=143663"}],"curies":[{"name":"wp","href":"https:\/\/api.w.org\/{rel}","templated":true}]}}