{"id":143667,"date":"2025-06-01T09:03:15","date_gmt":"2025-06-01T09:03:15","guid":{"rendered":"https:\/\/www.europesays.com\/fr\/143667\/"},"modified":"2025-06-01T09:03:15","modified_gmt":"2025-06-01T09:03:15","slug":"emilien-12-coups-de-midi-evoque-sa-drole-dhabitude-alimentaire-en-un-an-et-demi-de-tournage","status":"publish","type":"post","link":"https:\/\/www.europesays.com\/fr\/143667\/","title":{"rendered":"\u00c9milien (12 coups de midi) \u00e9voque sa dr\u00f4le d\u2019habitude alimentaire en un an et demi de tournage"},"content":{"rendered":"<p class=\"articleContent-meta\">\n        Aujourd&rsquo;hui \u00e0 08:00 &#8211; par             Sophie Bongart<\/p>\n<p>                    Tweeter<\/p>\n<p>                    Partager sur Facebook<\/p>\n<p>                        <img decoding=\"async\" src=\"https:\/\/www.europesays.com\/fr\/wp-content\/uploads\/2025\/06\/il-est-timide-jean-luc-reichmann-a-defendu-la-candidature-d-emilien-pour-qu-il-integre-les-12-coups-.jpeg\" alt=\"Player Video\" class=\"player-applyRatio poster exclude-seedtag\"\/><\/p>\n<p>Ambiance estivale sur le plateau des 12 coups de midi ce mercredi 26 mai, entre esprit camping et clins d\u2019\u0153il gourmands. L\u2019occasion pour \u00c9milien de partager un rituel bien r\u00f4d\u00e9 entre deux \u00e9missions.<\/p>\n<p>Depuis septembre 2023, \u00c9milien, 22 ans, brille dans Les 12 coups de midi, cumulant 608 participations et 2 403 968 euros en gains et cadeaux. Devenu le plus grand champion de l\u2019histoire des jeux t\u00e9l\u00e9vis\u00e9s en France, ce passionn\u00e9 d\u2019histoire garde les pieds sur terre malgr\u00e9 sa notori\u00e9t\u00e9. Issu d\u2019un milieu modeste, il se dit lucide sur son parcours \u00ab\u00a0hors du commun\u00a0\u00bb, mais n\u2019abandonne pas ses projets initiaux : <a href=\"https:\/\/www.programme.tv\/news\/actu\/262656-je-l-envisage-toujours-emilien-les-12-coups-de-midi-anticipe-son-elimination-du-jeu-et-evoque-son-avenir-professionnel\/\" rel=\"nofollow noopener\" target=\"_blank\">reprendre ses \u00e9tudes pour devenir professeur d\u2019histoire-g\u00e9o<\/a>. Derri\u00e8re l\u2019incroyable palmar\u00e8s du Ma\u00eetre de midi se cache un jeune homme qui avance avec prudence, <a href=\"https:\/\/www.programme.tv\/news\/actu\/262662-il-faut-se-proteger-un-peu-emilien-12-coups-de-midi-explique-pourquoi-sa-famille-et-jessica-sont-moins-presents-dans-le-jeu\/\" rel=\"nofollow noopener\" target=\"_blank\">conscient que l\u2019exposition m\u00e9diatique a ses limites<\/a>. \u00ab\u00a0C\u2019est vrai que mes proches apparaissent un peu moins en visio et qu\u2019ils viennent moins sur le plateau, mais ils sont toujours l\u00e0\u00a0\u00bb, a-t-il confi\u00e9 sur le plateau, ce 26 mai. \u00ab\u00a0Vous avez raison ! Il faut aussi se prot\u00e9ger un peu, faire attention \u00e0 sa famille, \u00e0 ses amours, \u00e0 ses parents et ses grands-parents\u00a0\u00bb, a ajout\u00e9 Jean-Luc Reichmann.<\/p>\n<p>\u00c9milien avoue son petit plaisir quotidien pendant les tournages<\/p>\n<p>L&rsquo;\u00e9t\u00e9 arrive \u00e0 grands pas ! Mercredi 26 mai, l\u2019ambiance est l\u00e9g\u00e8re sur le plateau des 12 coups de midi, entre esprit camping et c\u00e9l\u00e9bration de la journ\u00e9e nationale du hamburger. L\u2019occasion pour Jean-Luc Reichmann de taquiner \u00c9milien sur ses habitudes alimentaires. \u00ab\u00a0<b>C\u2019est \u00e0 peu pr\u00e8s tout ce que je mange tous les jours quand je suis ici. C&rsquo;est mon repas, tout seul quand je suis \u00e0 l&rsquo;h\u00f4tel. Tous les jours, j&rsquo;ai mon hamburger ! <\/b>Enfin, &lsquo;mon&rsquo;&#8230; &lsquo;mes&rsquo; plut\u00f4t !\u00a0\u00bb, confie le champion, avant d\u2019avouer commander directement dans sa chambre. \u00ab\u00a0C\u2019est d\u2019un chic !\u00a0\u00bb, plaisante l\u2019animateur, curieux de conna\u00eetre son pr\u00e9f\u00e9r\u00e9. \u00ab\u00a0Je varie les plaisirs\u00a0\u00bb, lance \u00c9milien en souriant. Une fois le d\u00e9cor plant\u00e9, place au jeu. Le Ma\u00eetre de midi poursuivra-t-il son impressionnante s\u00e9rie ?<\/p>\n<p>                                    Les 12 Coups de midi : bient\u00f4t une 22e \u00c9toile myst\u00e9rieuse pour \u00c9milien ?<\/p>\n<p>Avec 21 \u00c9toiles myst\u00e9rieuses \u00e0 son actif, \u00c9milien a accumul\u00e9 un v\u00e9ritable tr\u00e9sor : 21 voitures et une avalanche de cadeaux. Pourtant, le jeune champion l\u2019assure, il ne compte rien garder\u2026 ou presque. \u00ab\u00a0Je vais garder un seul objet, pour moi et Jessica\u00a0\u00bb, a-t-il confi\u00e9. Pour g\u00e9rer cette accumulation, sa famille et sa compagne ont d\u00fb improviser une r\u00e9serve dans son appartement \u00e0 Toulouse. Et ce n\u2019est peut-\u00eatre pas fini : <a href=\"https:\/\/www.programme.tv\/news\/actu\/262709-les-12-coups-de-midi-qui-est-la-22e-etoile-mysterieuse-d-emilien-les-internautes-pensent-avoir-trouve\/\" rel=\"nofollow noopener\" target=\"_blank\">la nouvelle \u00c9toile myst\u00e9rieuse fait d\u00e9j\u00e0 l\u2019objet de toutes les sp\u00e9culations<\/a>. <b>Selon les internautes, les indices convergent vers une seule personnalit\u00e9 : Andy Warhol. <\/b>Une bouche rouge pour la pochette du Velvet Underground, un escarpin rose rappelant ses s\u00e9rigraphies \u00ab\u00a0Golden Shoes\u00a0\u00bb, une bo\u00eete de soupe en r\u00e9f\u00e9rence \u00e0 la c\u00e9l\u00e8bre Campbell\u2019s Soup Cans, et m\u00eame un pont \u00e9voquant le Andy Warhol Bridge \u00e0 Pittsburgh. Le verdict ne saurait tarder\u2026<\/p>\n<p>Article \u00e9crit avec la collaboration de 6Medias<\/p>\n<p>Rejoignez-nous sur Google News !<\/p>\n<p class=\"articleContent-pushTagline\">Abonnez-vous \u00e0 <a href=\"https:\/\/news.google.com\/publications\/CAAiEJwr-IZFXDFoZD1ePbkC_VcqFAgKIhCcK_iGRVwxaGQ9Xj25Av1X\" rel=\"nofollow noopener\" target=\"_blank\">T\u00e9l\u00e9 2 semaines sur Google News<\/a> pour ne manquer aucune info !<\/p>\n","protected":false},"excerpt":{"rendered":"Aujourd&rsquo;hui \u00e0 08:00 &#8211; par Sophie Bongart Tweeter Partager sur Facebook Ambiance estivale sur le plateau des 12&hellip;\n","protected":false},"author":2,"featured_media":143668,"comment_status":"","ping_status":"","sticky":false,"template":"","format":"standard","meta":{"footnotes":""},"categories":[1359],"tags":[58,8049,59,1011,27,466,27173,973,1630],"class_list":{"0":"post-143667","1":"post","2":"type-post","3":"status-publish","4":"format-standard","5":"has-post-thumbnail","7":"category-people","8":"tag-divertissement","9":"tag-emilien-les-12-coups-de-midi","10":"tag-entertainment","11":"tag-fr","12":"tag-france","13":"tag-les-12-coups-de-midi","14":"tag-maitre-de-midi","15":"tag-people","16":"tag-zapping"},"share_on_mastodon":{"url":"https:\/\/pubeurope.com\/@fr\/114607305788511869","error":""},"_links":{"self":[{"href":"https:\/\/www.europesays.com\/fr\/wp-json\/wp\/v2\/posts\/143667","targetHints":{"allow":["GET"]}}],"collection":[{"href":"https:\/\/www.europesays.com\/fr\/wp-json\/wp\/v2\/posts"}],"about":[{"href":"https:\/\/www.europesays.com\/fr\/wp-json\/wp\/v2\/types\/post"}],"author":[{"embeddable":true,"href":"https:\/\/www.europesays.com\/fr\/wp-json\/wp\/v2\/users\/2"}],"replies":[{"embeddable":true,"href":"https:\/\/www.europesays.com\/fr\/wp-json\/wp\/v2\/comments?post=143667"}],"version-history":[{"count":0,"href":"https:\/\/www.europesays.com\/fr\/wp-json\/wp\/v2\/posts\/143667\/revisions"}],"wp:featuredmedia":[{"embeddable":true,"href":"https:\/\/www.europesays.com\/fr\/wp-json\/wp\/v2\/media\/143668"}],"wp:attachment":[{"href":"https:\/\/www.europesays.com\/fr\/wp-json\/wp\/v2\/media?parent=143667"}],"wp:term":[{"taxonomy":"category","embeddable":true,"href":"https:\/\/www.europesays.com\/fr\/wp-json\/wp\/v2\/categories?post=143667"},{"taxonomy":"post_tag","embeddable":true,"href":"https:\/\/www.europesays.com\/fr\/wp-json\/wp\/v2\/tags?post=143667"}],"curies":[{"name":"wp","href":"https:\/\/api.w.org\/{rel}","templated":true}]}}