{"id":143669,"date":"2025-06-01T09:04:09","date_gmt":"2025-06-01T09:04:09","guid":{"rendered":"https:\/\/www.europesays.com\/fr\/143669\/"},"modified":"2025-06-01T09:04:09","modified_gmt":"2025-06-01T09:04:09","slug":"rudy-ricciotti-architecte-insoumis-sans-la-suisse-je-serais-reste-un-voyou","status":"publish","type":"post","link":"https:\/\/www.europesays.com\/fr\/143669\/","title":{"rendered":"Rudy Ricciotti, architecte insoumis: \u00abSans la Suisse, je serais rest\u00e9 un voyou\u00bb"},"content":{"rendered":"<p>    Publi\u00e9 le 01 juin 2025 \u00e0 08:07. \/ Modifi\u00e9 le 01 juin 2025 \u00e0 10:59.<\/p>\n<p> 8 min. de lecture<\/p>\n<p>Rencontrer Rudy Ricciotti tient de la p\u00e9r\u00e9grination ferroviaire. Pour aller le voir, il faut tout d\u2019abord monter dans un TGV pour Marseille. Comme pour nous pr\u00e9parer \u00e0 l\u2019interview, \u00e0 chaque arr\u00eat annonc\u00e9 par le contr\u00f4leur, se trouve un b\u00e2timent de l\u2019architecte. Avignon et l\u2019h\u00f4tel de Caumont, une demeure du XVIIIe\u00a0si\u00e8cle subtilement r\u00e9am\u00e9nag\u00e9e. Aix-en-Provence, ville du Pavillon noir, construit pour la compagnie de danse d\u2019Angelin Preljocaj, une alliance brute de b\u00e9ton et de verre. Et, Marseille: le Mucem (Mus\u00e9e des civilisations de l\u2019Europe et de la M\u00e9diterran\u00e9e), dont le motif en forme de r\u00e9silles est devenu un geste iconique de l\u2019architecture contemporaine. Le voyage n\u2019est cependant pas encore termin\u00e9, il faut encore serpenter \u00e0 bord d\u2019un train r\u00e9gional le long de la M\u00e9diterran\u00e9e pour rejoindre Cassis, porte d\u2019entr\u00e9e de la C\u00f4te d\u2019Azur.<\/p>\n<p>Sur le quai, Rudy Ricciotti attend, pr\u00eat \u00e0 nous emmener chez lui \u00e0 toute berzingue. \u00abJe suis trop dangereux pour conduire, je ne fais jamais plus de 30 kilom\u00e8tres\u00bb, glissera-t-il un peu plus tard. Une vingtaine de minutes suffisent \u00e0 nous transporter dans le parc national des Calanques et son d\u00e9cor vertigineux, o\u00f9 la\u00a0roche calcaire se jette \u00e0 pic dans la mer.<\/p>\n<p>    L\u2019histoire ne s\u2019arr\u00eate pas l\u00e0.<\/p>\n<p class=\"post-subscribe__mention\">Restez inform\u00e9(e) sans limites pendant toute l&rsquo;ann\u00e9e \u2192 votre abonnement digital mensuel d\u00e8s CHF 29.- \/ mois.<\/p>\n<p class=\"post-subscribe__mention post-subscribe__mention--temporary\">Abonnez-vous en quelques clics et payez facilement avec <b>Twint<\/b>.<\/p>\n<p>    <a class=\"button is-secondary\" data-event=\"click-&gt;clicked\" href=\"https:\/\/www.letemps.ch\/abonnements?wall_id=19\" target=\"_blank\" rel=\"noopener\">Je m&rsquo;abonne<\/a><\/p>\n<p class=\"post-subscribe__login\">\n        Vous avez d\u00e9j\u00e0 un compte ?<br \/>\n        <a class=\"link\" rel=\"nofollow noopener\" href=\"https:\/\/www.letemps.ch\/compte\/connexion?return_to=https%3A%2F%2Fwww.letemps.ch%2Fculture%2Frudy-ricciotti-architecte-insoumis-sans-la-suisse-je-serais-reste-un-voyou\" target=\"_blank\">Se connecter<\/a>\n      <\/p>\n","protected":false},"excerpt":{"rendered":"Publi\u00e9 le 01 juin 2025 \u00e0 08:07. \/ Modifi\u00e9 le 01 juin 2025 \u00e0 10:59. 8 min. de&hellip;\n","protected":false},"author":2,"featured_media":143670,"comment_status":"","ping_status":"","sticky":false,"template":"","format":"standard","meta":{"footnotes":""},"categories":[1358],"tags":[1350,1348,1384,1385,1386,58,59,3297,1011,27,301],"class_list":{"0":"post-143669","1":"post","2":"type-post","3":"status-publish","4":"format-standard","5":"has-post-thumbnail","7":"category-arts-et-design","8":"tag-architecture","9":"tag-arts","10":"tag-arts-and-design","11":"tag-arts-et-design","12":"tag-design","13":"tag-divertissement","14":"tag-entertainment","15":"tag-entre-temps","16":"tag-fr","17":"tag-france","18":"tag-premium"},"share_on_mastodon":{"url":"https:\/\/pubeurope.com\/@fr\/114607309854186606","error":""},"_links":{"self":[{"href":"https:\/\/www.europesays.com\/fr\/wp-json\/wp\/v2\/posts\/143669","targetHints":{"allow":["GET"]}}],"collection":[{"href":"https:\/\/www.europesays.com\/fr\/wp-json\/wp\/v2\/posts"}],"about":[{"href":"https:\/\/www.europesays.com\/fr\/wp-json\/wp\/v2\/types\/post"}],"author":[{"embeddable":true,"href":"https:\/\/www.europesays.com\/fr\/wp-json\/wp\/v2\/users\/2"}],"replies":[{"embeddable":true,"href":"https:\/\/www.europesays.com\/fr\/wp-json\/wp\/v2\/comments?post=143669"}],"version-history":[{"count":0,"href":"https:\/\/www.europesays.com\/fr\/wp-json\/wp\/v2\/posts\/143669\/revisions"}],"wp:featuredmedia":[{"embeddable":true,"href":"https:\/\/www.europesays.com\/fr\/wp-json\/wp\/v2\/media\/143670"}],"wp:attachment":[{"href":"https:\/\/www.europesays.com\/fr\/wp-json\/wp\/v2\/media?parent=143669"}],"wp:term":[{"taxonomy":"category","embeddable":true,"href":"https:\/\/www.europesays.com\/fr\/wp-json\/wp\/v2\/categories?post=143669"},{"taxonomy":"post_tag","embeddable":true,"href":"https:\/\/www.europesays.com\/fr\/wp-json\/wp\/v2\/tags?post=143669"}],"curies":[{"name":"wp","href":"https:\/\/api.w.org\/{rel}","templated":true}]}}