{"id":14368,"date":"2025-04-10T07:02:11","date_gmt":"2025-04-10T07:02:11","guid":{"rendered":"https:\/\/www.europesays.com\/fr\/14368\/"},"modified":"2025-04-10T07:02:11","modified_gmt":"2025-04-10T07:02:11","slug":"le-5e-beatles-prend-sa-retraite","status":"publish","type":"post","link":"https:\/\/www.europesays.com\/fr\/14368\/","title":{"rendered":"Le \u00ab\u00a05e Beatles\u00a0\u00bb prend sa retraite !"},"content":{"rendered":"<p><img decoding=\"async\" class=\"\" style=\"width:100%;max-width:100%\" src=\"https:\/\/www.europesays.com\/fr\/wp-content\/uploads\/2025\/04\/Pete_Best_at_Abbey_Road_on_the_River1744100590629-format16by9.jpg\" alt=\"Pete Best doit son surnom de 5e Beatles pour sa courte carri\u00e8re avec les Fab Four.\"\/><\/p>\n<p>Pete Best doit son surnom de 5e Beatles pour sa courte carri\u00e8re avec les Fab Four.<\/p>\n<p>Cr\u00e9dit : CC by Gary Jacob<\/p>\n<p>A 83 ans, il \u00e9tait peut-\u00eatre temps de s\u2019accorder un repos bien m\u00e9rit\u00e9\u00a0; histoire d\u2019\u00e9couter les albums des Beatles sur lesquels il ne joue pas\u2026<\/p>\n<p>Car si l\u2019expression \u00ab\u00a0La faute \u00e0 pas de chance\u00a0\u00bb prend toute sa dimension, c\u2019est bien avec l\u2019histoire de Pete Best. Le musicien avait rejoint les Fab Four entre 1960 et 1962 \u00e0 une p\u00e9riode o\u00f9 le groupe changeait souvent de batteur. Il a notamment jou\u00e9 avec eux au \u00ab\u00a0Casbah\u00a0\u00bb, le club tenu par sa propre m\u00e8re, Mona Best.<\/p>\n<p>La premi\u00e8re erreur de Pete Best aura sans doute \u00e9t\u00e9 de ne pas accompagner les Beatles pour des concerts \u00e0 Hambourg ou Liverpool o\u00f9 il f\u00fbt remplac\u00e9 par un certain Richard Starkey alias Ringo Starr.<\/p>\n<p>De plus, il apparaissait aux oreilles les plus fines que Pete Best, en d\u00e9pit d\u2019un ind\u00e9niable charme, peinait \u00e0 maintenir le bon tempo.<\/p>\n<p>C\u2019est la rencontre des Beatles avec Brian Epstein (leur agent) et avec le producteur George Martin qui scelleront le sort de Pete Best. Ce dernier n\u2019aime pas le jeu de Best qu\u2019il consid\u00e8re ne pas \u00eatre \u00e0 la hauteur.<\/p>\n<p>Et puis, selon la rumeur, il y a aussi une question de look qui p\u00eache\u00a0: Pete Best adopte celui d\u2019Elvis qu\u2019il admire alors que McCartney, Lennon et Harrison sont d\u00e9j\u00e0 dans leur trip costume \/ cravate coupe au bol. \u00c7a commence \u00e0 faire beaucoup.<\/p>\n<p>Toutefois, aucun de ses trois camarades de jeu n\u2019a le courage de lui indiquer la porte de sortie\u00a0; ce sera George Martin qui s\u2019en chargera, pile au moment o\u00f9 le groupe s\u2019appr\u00eate \u00e0 signer avec le label Parlophone.<\/p>\n<p>Apr\u00e8s avoir refus\u00e9 de jouer avec les Merseybeats comme Brian Epstein le lui propose, il fonde le Pete Best Four qui ne donne pas grand-chose.<\/p>\n<p>Best commet une tentative de suicide au milieu des ann\u00e9es 60 et s\u2019\u00e9loigne petit \u00e0 petit de la musique. Il devient boulanger puis fonctionnaire dans une agence pour l\u2019emploi de Liverpool.<\/p>\n<p>S\u2019il a enfin r\u00e9ussi \u00e0 percevoir quelques dividendes en 1995 pour la sortie de la compilation Anthology\u00a0: 1, on ne peut pas dire que le musicien ait roul\u00e9 sur l\u2019or, pas plus qu\u2019en reformant le Pete Best Band. Il restera toute sa vie celui qui est pass\u00e9 \u00e0 \u00ab\u00a0\u00e7a\u00a0\u00bb du succ\u00e8s.<\/p>\n","protected":false},"excerpt":{"rendered":"Pete Best doit son surnom de 5e Beatles pour sa courte carri\u00e8re avec les Fab Four. Cr\u00e9dit :&hellip;\n","protected":false},"author":2,"featured_media":14369,"comment_status":"","ping_status":"","sticky":false,"template":"","format":"standard","meta":{"footnotes":""},"categories":[1355],"tags":[6243,2627,6247,6241,58,59,6248,1011,27,6242,6246,6245,1361,873,6240,137,6244],"class_list":{"0":"post-14368","1":"post","2":"type-post","3":"status-publish","4":"format-standard","5":"has-post-thumbnail","7":"category-musique","8":"tag-batteur","9":"tag-beatles","10":"tag-boulanger","11":"tag-brian-epstein","12":"tag-divertissement","13":"tag-entertainment","14":"tag-fonctionnaire","15":"tag-fr","16":"tag-france","17":"tag-george-martin","18":"tag-john-lennon","19":"tag-mccartney","20":"tag-music","21":"tag-musique","22":"tag-pete-best","23":"tag-retraite","24":"tag-ringo-starr"},"share_on_mastodon":{"url":"https:\/\/pubeurope.com\/@fr\/114312389915132248","error":""},"_links":{"self":[{"href":"https:\/\/www.europesays.com\/fr\/wp-json\/wp\/v2\/posts\/14368","targetHints":{"allow":["GET"]}}],"collection":[{"href":"https:\/\/www.europesays.com\/fr\/wp-json\/wp\/v2\/posts"}],"about":[{"href":"https:\/\/www.europesays.com\/fr\/wp-json\/wp\/v2\/types\/post"}],"author":[{"embeddable":true,"href":"https:\/\/www.europesays.com\/fr\/wp-json\/wp\/v2\/users\/2"}],"replies":[{"embeddable":true,"href":"https:\/\/www.europesays.com\/fr\/wp-json\/wp\/v2\/comments?post=14368"}],"version-history":[{"count":0,"href":"https:\/\/www.europesays.com\/fr\/wp-json\/wp\/v2\/posts\/14368\/revisions"}],"wp:featuredmedia":[{"embeddable":true,"href":"https:\/\/www.europesays.com\/fr\/wp-json\/wp\/v2\/media\/14369"}],"wp:attachment":[{"href":"https:\/\/www.europesays.com\/fr\/wp-json\/wp\/v2\/media?parent=14368"}],"wp:term":[{"taxonomy":"category","embeddable":true,"href":"https:\/\/www.europesays.com\/fr\/wp-json\/wp\/v2\/categories?post=14368"},{"taxonomy":"post_tag","embeddable":true,"href":"https:\/\/www.europesays.com\/fr\/wp-json\/wp\/v2\/tags?post=14368"}],"curies":[{"name":"wp","href":"https:\/\/api.w.org\/{rel}","templated":true}]}}