{"id":143682,"date":"2025-06-01T09:11:18","date_gmt":"2025-06-01T09:11:18","guid":{"rendered":"https:\/\/www.europesays.com\/fr\/143682\/"},"modified":"2025-06-01T09:11:18","modified_gmt":"2025-06-01T09:11:18","slug":"la-saison-5-de-stranger-things-sortira-a-un-horaire-horrible-pour-la-france","status":"publish","type":"post","link":"https:\/\/www.europesays.com\/fr\/143682\/","title":{"rendered":"La saison 5 de Stranger Things sortira \u00e0 un horaire horrible pour la France"},"content":{"rendered":"<p>Bonne nouvelle : on connait enfin le calendrier de diffusion de la saison 5 de Stranger Things, qui se fera en trois temps. Mauvaise nouvelle : les horaires de sortie sont atroces, et pas forc\u00e9ment sur les jours les plus id\u00e9aux.<\/p>\n<p>C\u2019est le moment de mettre \u00e0 jour vos agendas : la cinqui\u00e8me et derni\u00e8re saison de <a href=\"https:\/\/www.numerama.com\/series-tv\/stranger-things\/\" rel=\"nofollow noopener\" target=\"_blank\">Stranger Things<\/a> (du moins, la derni\u00e8re en live action, car <a href=\"https:\/\/www.numerama.com\/pop-culture\/1959163-non-stranger-things-ne-sarretera-pas-apres-la-saison-5.html\" rel=\"nofollow noopener\" target=\"_blank\">d\u2019autres projets existent<\/a>) arrivera bel et bien en fin d\u2019ann\u00e9e. Cependant, tous les \u00e9pisodes ne seront pas disponibles simultan\u00e9ment. En effet, Netflix a annonc\u00e9 un calendrier de sortie un peu particulier \u00e0 l\u2019occasion de son \u00e9v\u00e8nement annuel Tudum.<\/p>\n<p>Cette ultime saison sera propos\u00e9e en trois temps, avec quelques semaines d\u2019\u00e9cart \u00e0 chaque fois :<\/p>\n<ul class=\"wp-block-list\">\n<li>le volume 1 (4 \u00e9pisodes) arrivera en streaming le 26 novembre ;<\/li>\n<li>le volume 2 (3 \u00e9pisodes) sortira \u00e0 No\u00ebl (le 25 d\u00e9cembre) ;<\/li>\n<li>le final cl\u00f4turera l\u2019aventure au r\u00e9veillon de la Saint-Sylvestre (le 31 d\u00e9cembre).<\/li>\n<\/ul>\n<p>Tous les \u00e9pisodes sortiront sur Netflix \u00e0 partir de 17 heures. Cependant, Netflix a d\u00e9voil\u00e9 ce calendrier en se fondant sur un horaire am\u00e9ricain (l\u2019heure du Pacifique). En raison du d\u00e9calage horaire, les dates et horaires de sortie pour la France m\u00e9tropolitaine seront diff\u00e9rentes. C\u2019est ce qu\u2019<a href=\"https:\/\/x.com\/netflix\/status\/1928988003063447649\" target=\"_blank\" rel=\"noreferrer noopener nofollow\">a pr\u00e9cis\u00e9<\/a> la plateforme sur X (ex-Twitter).<\/p>\n<p>En principe, cela donnerait pour l\u2019Hexagone :<\/p>\n<ul class=\"wp-block-list\">\n<li>Volume 1 : le 27 novembre 2025 \u00e0 02h du matin ;<\/li>\n<li>Volume 2 : le 26 d\u00e9cembre 2025 \u00e0 02h du matin ;<\/li>\n<li>Le final : le 1\u1d49 janvier 2026 \u00e0 02h du matin.<\/li>\n<\/ul>\n<p>En parall\u00e8le de ce planning, Netflix a \u00e9galement diffus\u00e9 une bande-annonce tr\u00e8s intense, qui vient \u00e9galement rappeler les dates de lancement en France. Il y n\u2019a plus qu\u2019\u00e0 patienter encore un petit peu, ce qui ne sera pas \u00e9vident pour les fans : cela fait trois ans depuis la saison 4 qu\u2019ils attendent de revoir Jane, Michael, Jim, Joyce et tous les autres.<\/p>\n<\/p>\n<p>            Ce contenu est bloqu\u00e9 car vous n\u2019avez pas accept\u00e9 les cookies et autres traceurs. Ce contenu est fourni par YouTube.<br \/>Pour pouvoir le visualiser, vous devez accepter l\u2019usage \u00e9tant op\u00e9r\u00e9 par YouTube avec vos donn\u00e9es qui pourront \u00eatre utilis\u00e9es pour les finalit\u00e9s suivantes : vous permettre de visualiser et de partager des contenus avec des m\u00e9dias sociaux, favoriser le d\u00e9veloppement et l\u2019am\u00e9lioration des produits d\u2019Humanoid et de ses partenaires, vous afficher des publicit\u00e9s personnalis\u00e9es par rapport \u00e0 votre profil et activit\u00e9, vous d\u00e9finir un profil publicitaire personnalis\u00e9, mesurer la performance des publicit\u00e9s et du contenu de ce site et mesurer l\u2019audience de ce site <a href=\"#\" class=\"js-privacy\" target=\"_blank\">(en savoir plus)<\/a>        <\/p>\n<p>            En cliquant sur \u00ab J\u2019accepte tout \u00bb, vous consentez aux finalit\u00e9s susmentionn\u00e9es pour l\u2019ensemble des cookies et autres traceurs d\u00e9pos\u00e9s par Humanoid et <a class=\"embed-consent-overlay-vendors-link\" href=\"#preferences-vendeurs\">ses partenaires<\/a>.        <\/p>\n<p>            Vous gardez la possibilit\u00e9 de retirer votre consentement \u00e0 tout moment. Pour plus d\u2019informations, nous vous invitons \u00e0 prendre connaissance de notre <a href=\"https:\/\/www.numerama.com\/politique-cookies\" rel=\"nofollow noopener\" target=\"_blank\">Politique cookies<\/a>.        <\/p>\n<p>        J\u2019accepte tout    <\/p>\n<p class=\"embed-consent-overlay-manage-choices\">        <a href=\"#preferences-publicitaires\">G\u00e9rer mes choix<\/a>    <\/p>\n<p>    Pour aller plus loin<\/p>\n<p>                <img decoding=\"async\" width=\"87\" height=\"87\" loading=\"lazy\" alt=\"Stranger Things \/\/ Source : Netflix\" title=\"Stranger Things \/\/ Source : Netflix\" class=\"placeholder-default wp-image\" src=\"https:\/\/www.europesays.com\/fr\/wp-content\/uploads\/2025\/06\/36285ffb500c88bab67f6aa75e2ec620-200x200.jpg\" \/>            <\/p>\n<p>                        <a href=\"https:\/\/www.numerama.com\/series-tv\/stranger-things\/\" class=\"is-block\" rel=\"nofollow noopener\" target=\"_blank\"><br \/>\n                            <img decoding=\"async\" width=\"350\" height=\"210\" loading=\"lazy\" alt=\"Stranger Things saison 3 \/\/ Source : Saison 3\" title=\"Stranger Things saison 3 \/\/ Source : Saison 3\" class=\"is-block is-radiused placeholder-default wp-image\" src=\"https:\/\/www.europesays.com\/fr\/wp-content\/uploads\/2025\/06\/aaaabvq3r-rd5ggw7smogic0athohcyr_on1n19ndrshumxxln9zaods8c51tbtpn_s0anr2qrn9s4qavcnyrhn2d8megphy-680.jpeg\" \/>                        <\/a><\/p>\n<p>        <img decoding=\"async\" width=\"168\" height=\"168\" loading=\"lazy\" alt=\"Source : Montage Numerama\" title=\"Source : Montage Numerama\" class=\"placeholder-default wp-image\" src=\"https:\/\/www.europesays.com\/fr\/wp-content\/uploads\/2025\/06\/comparatif-svod-200x200.jpg\" \/>    <\/p>\n<p>        Quel est le service de SVOD fait pour vous ?<br \/>\n        Quelle plateforme de streaming choisir en 2025\u00a0? Comparatif entre Netflix, Prime Video, Max, Apple TV+\u2026<br \/>\n        <a href=\"https:\/\/www.numerama.com\/pop-culture\/541742-netflix-amazon-canal-ocs-apple-tv-le-grand-comparatif-2019-des-offres-de-svod-en-france.html\" class=\"btn is-family-secondary is-text-weight-bold has-text-left mt-2\" rel=\"nofollow noopener\" target=\"_blank\">D\u00e9couvrez notre comparateur<\/a><\/p>\n<p>            <img decoding=\"async\" src=\"https:\/\/www.europesays.com\/fr\/wp-content\/uploads\/2025\/04\/iPhone-16-pro.png\" alt=\"Toute l'actu tech en un clien d'oeil\"\/><\/p>\n<p class=\"card-install-pwa__title\">Toute l&rsquo;actu tech en un clin d&rsquo;\u0153il<\/p>\n<p class=\"card-install-pwa__description\">Ajoutez Numerama \u00e0 votre \u00e9cran d&rsquo;accueil et restez connect\u00e9s au futur !<\/p>\n<p>            <img decoding=\"async\" src=\"https:\/\/www.europesays.com\/fr\/wp-content\/uploads\/2025\/04\/logo-card-pwa-coupe.svg.svg+xml\" alt=\"Logo PWA\"\/><\/p>\n<p>       Installer Numerama<\/p>\n<p class=\"title\">\n            Les derni\u00e8res actualit\u00e9s sur             <a href=\"https:\/\/www.numerama.com\/tag\/netflix\/\" rel=\"nofollow noopener\" target=\"_blank\"><br \/>\n                Netflix            <\/a>\n        <\/p>\n","protected":false},"excerpt":{"rendered":"Bonne nouvelle : on connait enfin le calendrier de diffusion de la saison 5 de Stranger Things, qui&hellip;\n","protected":false},"author":2,"featured_media":143683,"comment_status":"","ping_status":"","sticky":false,"template":"","format":"standard","meta":{"footnotes":""},"categories":[8],"tags":[58,59,1011,27,127,19536,7259],"class_list":{"0":"post-143682","1":"post","2":"type-post","3":"status-publish","4":"format-standard","5":"has-post-thumbnail","7":"category-divertissement","8":"tag-divertissement","9":"tag-entertainment","10":"tag-fr","11":"tag-france","12":"tag-netflix","13":"tag-stranger-things","14":"tag-vie-du-streaming"},"share_on_mastodon":{"url":"https:\/\/pubeurope.com\/@fr\/114607337321533264","error":""},"_links":{"self":[{"href":"https:\/\/www.europesays.com\/fr\/wp-json\/wp\/v2\/posts\/143682","targetHints":{"allow":["GET"]}}],"collection":[{"href":"https:\/\/www.europesays.com\/fr\/wp-json\/wp\/v2\/posts"}],"about":[{"href":"https:\/\/www.europesays.com\/fr\/wp-json\/wp\/v2\/types\/post"}],"author":[{"embeddable":true,"href":"https:\/\/www.europesays.com\/fr\/wp-json\/wp\/v2\/users\/2"}],"replies":[{"embeddable":true,"href":"https:\/\/www.europesays.com\/fr\/wp-json\/wp\/v2\/comments?post=143682"}],"version-history":[{"count":0,"href":"https:\/\/www.europesays.com\/fr\/wp-json\/wp\/v2\/posts\/143682\/revisions"}],"wp:featuredmedia":[{"embeddable":true,"href":"https:\/\/www.europesays.com\/fr\/wp-json\/wp\/v2\/media\/143683"}],"wp:attachment":[{"href":"https:\/\/www.europesays.com\/fr\/wp-json\/wp\/v2\/media?parent=143682"}],"wp:term":[{"taxonomy":"category","embeddable":true,"href":"https:\/\/www.europesays.com\/fr\/wp-json\/wp\/v2\/categories?post=143682"},{"taxonomy":"post_tag","embeddable":true,"href":"https:\/\/www.europesays.com\/fr\/wp-json\/wp\/v2\/tags?post=143682"}],"curies":[{"name":"wp","href":"https:\/\/api.w.org\/{rel}","templated":true}]}}