{"id":143690,"date":"2025-06-01T09:15:09","date_gmt":"2025-06-01T09:15:09","guid":{"rendered":"https:\/\/www.europesays.com\/fr\/143690\/"},"modified":"2025-06-01T09:15:09","modified_gmt":"2025-06-01T09:15:09","slug":"a-dax-un-garcon-de-17-ans-meurt-poignarde-en-marge-des-celebrations-de-la-ligue-des-champions","status":"publish","type":"post","link":"https:\/\/www.europesays.com\/fr\/143690\/","title":{"rendered":"\u00c0 Dax, un gar\u00e7on de 17\u00a0ans meurt poignard\u00e9 en marge des c\u00e9l\u00e9brations de la Ligue des champions"},"content":{"rendered":"<p class=\"paragraph text_align_left\">Un drame qui endeuille une soir\u00e9e de f\u00eate. \u00c0 Dax, dans les Landes, un gar\u00e7on de 17 ans est mort apr\u00e8s avoir re\u00e7u au moins un coup de couteau dans la poitrine samedi soir, selon la pr\u00e9fecture.<\/p>\n<p class=\"paragraph text_align_left\">L\u2019adolescent a \u00e9t\u00e9 poignard\u00e9 en marge des <a href=\"https:\/\/www.leparisien.fr\/sports\/football\/ligue-des-champions\/euphorie-debordements-et-demande-en-mariage-a-paris-recit-dune-nuit-de-folie-apres-le-sacre-du-psg-01-06-2025-UKLNW4WTNJDKRO32HKINCRGTYQ.php\" target=\"_blank\" rel=\"noreferrer nofollow noopener\">c\u00e9l\u00e9brations qui ont suivi la victoire du PSG sur l\u2019Inter Milan<\/a>, dans des circonstances que l\u2019on ignore \u00e0 ce stade. Il a \u00e9t\u00e9 transport\u00e9 au centre hospitalier de Dax dans un \u00e9tat grave, mais n\u2019a pas surv\u00e9cu \u00e0 ses blessures. Le ou les auteurs sont en fuite.<\/p>\n<p class=\"paragraph text_align_left\">\u00ab Cela s\u2019est pass\u00e9 \u00e0 l\u2019occasion des c\u00e9l\u00e9brations du PSG mais le lien, comme le fait de savoir s\u2019il s\u2019agissait de supporters, n\u2019est pas confirmable en l\u2019\u00e9tat \u00bb, a pr\u00e9cis\u00e9 la magistrate de permanence du parquet de Dax.<\/p>\n<p class=\"paragraph text_align_left\">Selon une source polici\u00e8re, les faits se sont produits vers 23h15, peu apr\u00e8s le coup de sifflet final de <a href=\"https:\/\/www.leparisien.fr\/sports\/football\/ligue-des-champions\/on-a-ecrit-lhistoire-dun-club-incroyable-limmense-emotion-des-joueurs-parisiens-apres-leur-triomphe-01-06-2025-PGJCENLXRVHX5P2ISTBSWV554I.php\" target=\"_blank\" rel=\"noreferrer nofollow noopener\">la finale de Ligue des champions<\/a> qui a entra\u00een\u00e9 de nombreuses d\u00e9monstrations de joie \u00e0 Paris et ailleurs en France. La victime a re\u00e7u plusieurs coups de couteau, selon cette m\u00eame source.<\/p>\n<p>Pr\u00e8s de 500 interpellations \u00e0 Paris<\/p>\n<p class=\"paragraph text_align_left\">Aucune autre victime n\u2019est \u00e0 d\u00e9plorer dans ce dossier. Une enqu\u00eate pour homicide a \u00e9t\u00e9 ouverte et confi\u00e9e \u00e0 la police judiciaire de Bayonne (Pyr\u00e9n\u00e9es-Atlantiques), a pr\u00e9cis\u00e9 le parquet, qui a pr\u00e9vu de diffuser un communiqu\u00e9 de presse dimanche dans l\u2019apr\u00e8s-midi.<\/p>\n<p class=\"lp-card-podcast-highlighting__title  lp-f-subtitle-05\">L\u2019enl\u00e8vement d\u2019Eric Peugeot, 4 ans, contre 1 million d\u2019euros (1\/2)<\/p>\n<p class=\"lp-card-podcast-highlighting__description lp-f-ui-05\">Crime story raconte chaque semaine les grandes affaires criminelles.<\/p>\n<p><a class=\"lp-card-podcast-highlighting__call-to-action\" data-page-type=\"HP\" data-block-name=\"podcast-highlight\">\u00c9couter<\/a><\/p>\n<p class=\"paragraph text_align_left\">Les manifestations de joie dans le pays ne sont pas all\u00e9es sans d\u00e9bordements. \u00c0 Paris, la pr\u00e9fecture de police a fait \u00e9tat dimanche de <a href=\"https:\/\/www.leparisien.fr\/faits-divers\/le-psg-champion-deurope-au-moins-294-interpellations-a-paris-lors-des-celebrations-du-titre-01-06-2025-RXHUAYEV55BGPDFVUWZV5AHABU.php\" target=\"_blank\" rel=\"noreferrer nofollow noopener\">491 interpellations<\/a>, en marge des c\u00e9l\u00e9brations. \u00c0 Grenoble, <a href=\"https:\/\/www.leparisien.fr\/faits-divers\/celebrations-de-la-victoire-du-psg-a-grenoble-une-voiture-percute-la-foule-quatre-blesses-dont-deux-graves-01-06-2025-UV3U5R7ZQVEHJOYFK7PV5NBWCY.php\" target=\"_blank\" rel=\"noreferrer nofollow noopener\">quatre personnes d\u2019une m\u00eame famille ont \u00e9t\u00e9 bless\u00e9es<\/a>, dont deux gri\u00e8vement, apr\u00e8s qu\u2019une voiture a heurt\u00e9 la foule.<\/p>\n","protected":false},"excerpt":{"rendered":"Un drame qui endeuille une soir\u00e9e de f\u00eate. \u00c0 Dax, dans les Landes, un gar\u00e7on de 17 ans&hellip;\n","protected":false},"author":2,"featured_media":73951,"comment_status":"","ping_status":"","sticky":false,"template":"","format":"standard","meta":{"footnotes":""},"categories":[4],"tags":[11,459,118,1011,27,12,25],"class_list":{"0":"post-143690","1":"post","2":"type-post","3":"status-publish","4":"format-standard","5":"has-post-thumbnail","7":"category-france","8":"tag-actualites","9":"tag-departements-horsidfo","10":"tag-faits-divers","11":"tag-fr","12":"tag-france","13":"tag-news","14":"tag-republique-francaise"},"share_on_mastodon":{"url":"https:\/\/pubeurope.com\/@fr\/114607352954911829","error":""},"_links":{"self":[{"href":"https:\/\/www.europesays.com\/fr\/wp-json\/wp\/v2\/posts\/143690","targetHints":{"allow":["GET"]}}],"collection":[{"href":"https:\/\/www.europesays.com\/fr\/wp-json\/wp\/v2\/posts"}],"about":[{"href":"https:\/\/www.europesays.com\/fr\/wp-json\/wp\/v2\/types\/post"}],"author":[{"embeddable":true,"href":"https:\/\/www.europesays.com\/fr\/wp-json\/wp\/v2\/users\/2"}],"replies":[{"embeddable":true,"href":"https:\/\/www.europesays.com\/fr\/wp-json\/wp\/v2\/comments?post=143690"}],"version-history":[{"count":0,"href":"https:\/\/www.europesays.com\/fr\/wp-json\/wp\/v2\/posts\/143690\/revisions"}],"wp:featuredmedia":[{"embeddable":true,"href":"https:\/\/www.europesays.com\/fr\/wp-json\/wp\/v2\/media\/73951"}],"wp:attachment":[{"href":"https:\/\/www.europesays.com\/fr\/wp-json\/wp\/v2\/media?parent=143690"}],"wp:term":[{"taxonomy":"category","embeddable":true,"href":"https:\/\/www.europesays.com\/fr\/wp-json\/wp\/v2\/categories?post=143690"},{"taxonomy":"post_tag","embeddable":true,"href":"https:\/\/www.europesays.com\/fr\/wp-json\/wp\/v2\/tags?post=143690"}],"curies":[{"name":"wp","href":"https:\/\/api.w.org\/{rel}","templated":true}]}}