{"id":143703,"date":"2025-06-01T09:25:08","date_gmt":"2025-06-01T09:25:08","guid":{"rendered":"https:\/\/www.europesays.com\/fr\/143703\/"},"modified":"2025-06-01T09:25:08","modified_gmt":"2025-06-01T09:25:08","slug":"le-fise-enchaine-dix-finales-et-des-shows-xxl-ce-dimanche","status":"publish","type":"post","link":"https:\/\/www.europesays.com\/fr\/143703\/","title":{"rendered":"le FISE encha\u00eene dix finales et des shows XXL ce dimanche"},"content":{"rendered":"<p>            Par<br \/>\n        <strong><br \/>\n            <a href=\"https:\/\/actu.fr\/auteur\/metropoop\" title=\"Consulter tous les articles de R\u00e9daction M\u00e9tropolitain\" target=\"_blank\" rel=\"noopener\">R\u00e9daction M\u00e9tropolitain<\/a><br \/>\n        <\/strong><\/p>\n<p>        Publi\u00e9 le<\/p>\n<p>            1 juin 2025 \u00e0 11h12        <\/p>\n<p>Le FISE n\u2019a jamais manqu\u00e9 de piment, mais <strong>ce dimanche 1er juin 2025<\/strong>, l\u2019\u00e9dition 2025 promet un condens\u00e9 d\u2019adr\u00e9naline rarement vu. \u00c0 partir de 11h15, une avalanche de finales va s\u2019encha\u00eener sur les diff\u00e9rents parks de Montpellier. Un programme charg\u00e9, marqu\u00e9 par le retour de figures mythiques de la sc\u00e8ne BMX et une comp\u00e9tition totalement in\u00e9dite.<\/p>\n<p>    <a href=\"https:\/\/www.google.com\/maps\/embed?pb=!1m18!1m12!1m3!1d2889.1400277481775!2d3.89382347645965!3d43.603625971104584!2m3!1f0!2f0!3f0!3m2!1i1024!2i768!4f13.1!3m3!1m2!1s0x12b6afdaa3d55c1d%3A0x7de1e521ab504206!2sFISE%20World%20Montpellier!5e0!3m2!1sen!2sfr!4v1748768219286!5m2!1sen!2sfr\" title=\"Ouvrie le lien\" target=\"_blank\" rel=\"noopener\">Cliquez ici pour visualiser le contenu<\/a><\/p>\n<p>L\u2019Invitational Master Contest, grande nouveaut\u00e9 2025<\/p>\n<p class=\" wall-content\">C\u2019est le grand \u00e9v\u00e9nement du jour : le tout premier FISE BMX Park Master Invitational, <strong>de 15h \u00e0 17h<\/strong>. Cette nouvelle \u00e9preuve ouvre 12 places \u00e0 des riders hors f\u00e9d\u00e9ration, tous invit\u00e9s par l\u2019organisation du FISE. L\u2019id\u00e9e ? Offrir un terrain d\u2019expression \u00e0 ceux qui vivent le BMX en marge des circuits officiels. Mark Webb sera de la partie. Star anglaise du freestyle, le multiple vainqueur international est connu pour ses tricks impossibles. \u00c0 ses c\u00f4t\u00e9s, d\u2019autres talents non affili\u00e9s viendront d\u00e9fendre cette sc\u00e8ne underground face aux champions f\u00e9d\u00e9r\u00e9s. Autre monument du BMX, Ryan Williams, Australien aux huit m\u00e9dailles d\u2019or aux X Games, participera \u00e0 plusieurs \u00e9preuves ce dimanche. Il est notamment attendu sur le BMX Best Tricks Contest, <strong>\u00e0 17h<\/strong>. Sa participation \u00e9l\u00e8ve le niveau de la journ\u00e9e, tout en apportant une dose d\u2019\u00e9nergie communicative.<\/p>\n<p class=\" wall-content\">Mais la journ\u00e9e ne se limite pas au BMX. <strong>\u00c0 11h15<\/strong>, la finale Trottinette Freestyle Pro Men ouvrira le bal en Zone 2. En parall\u00e8le, la finale Expert BMX Freestyle Park lancera le show sur le park principal. \u00c0 la m\u00eame heure, les skateurs ouvriront leur terrain en Zone 9, avec la finale Open Women. Le rythme ne ralentira pas. L\u2019apr\u00e8s-midi s\u2019encha\u00eene avec les Lez\u2019Battles Pro Men en skate, puis le Nissan Trottinette Best Tricks.\u00a0<\/p>\n<p>Parkour et flatland : les autres temps forts<\/p>\n<p class=\" wall-content\">En marge du BMX et du skate, deux disciplines offriront aussi leur lot de frissons. En Zone 7, les finales de la Coupe du Monde de Parkour Freestyle Women et de Parkour Speed Men s\u2019\u00e9taleront <strong>de 16h \u00e0 17h<\/strong>. Sauts millim\u00e9tr\u00e9s, pr\u00e9cision extr\u00eame et \u00e9nergie brute seront au programme. Enfin, le BMX Flatland, cette discipline d\u2019\u00e9quilibre et de style, conclura la journ\u00e9e avec deux finales : celle des femmes \u00e0 <strong>16h<\/strong>, puis celle des hommes \u00e0 <strong>18h<\/strong>. Avec dix finales et trois contests majeurs r\u00e9partis sur huit zones, le FISE propose ce dimanche une densit\u00e9 rare !<\/p>\n<p>Vid\u00e9os : en ce moment sur Actu<strong>&gt;<\/strong> Le d\u00e9tail des \u00e9preuves est \u00e0 consulter <a href=\"https:\/\/fisemontpellier.com\/programmation-fise-montpellier-2025\/\" target=\"_blank\" rel=\"noopener\">dans le programme complet<\/a><\/p>\n<p class=\" wall-content\">Suivez toute l\u2019actualit\u00e9 de vos villes et m\u00e9dias favoris en vous inscrivant \u00e0 <a href=\"https:\/\/moncompte.actu.fr\" title=\"D\u00e9couvez Mon Actu\" rel=\"nofollow noopener\" data-trk=\"{&quot;cta&quot;:{&quot;action&quot;:&quot;https:\\\/\\\/moncompte.actu.fr&quot;,&quot;category&quot;:&quot;mon compte&quot;,&quot;from&quot;:&quot;article footer&quot;,&quot;name&quot;:&quot;Mon actu&quot;,&quot;type&quot;:&quot;cta&quot;}}\" target=\"_blank\">Mon Actu<\/a>.<\/p>\n","protected":false},"excerpt":{"rendered":"Par R\u00e9daction M\u00e9tropolitain Publi\u00e9 le 1 juin 2025 \u00e0 11h12 Le FISE n\u2019a jamais manqu\u00e9 de piment, mais&hellip;\n","protected":false},"author":2,"featured_media":143704,"comment_status":"","ping_status":"","sticky":false,"template":"","format":"standard","meta":{"footnotes":""},"categories":[9599],"tags":[1111,11,3062,1719,1777,674,652,1011,27,2208,12,2680,25,517,60],"class_list":{"0":"post-143703","1":"post","2":"type-post","3":"status-publish","4":"format-standard","5":"has-post-thumbnail","7":"category-montpellier","8":"tag-actu","9":"tag-actualites","10":"tag-autres-sports","11":"tag-enfants","12":"tag-eu","13":"tag-europe","14":"tag-famille","15":"tag-fr","16":"tag-france","17":"tag-montpellier","18":"tag-news","19":"tag-occitanie","20":"tag-republique-francaise","21":"tag-sport","22":"tag-sports"},"share_on_mastodon":{"url":"https:\/\/pubeurope.com\/@fr\/114607392215491397","error":""},"_links":{"self":[{"href":"https:\/\/www.europesays.com\/fr\/wp-json\/wp\/v2\/posts\/143703","targetHints":{"allow":["GET"]}}],"collection":[{"href":"https:\/\/www.europesays.com\/fr\/wp-json\/wp\/v2\/posts"}],"about":[{"href":"https:\/\/www.europesays.com\/fr\/wp-json\/wp\/v2\/types\/post"}],"author":[{"embeddable":true,"href":"https:\/\/www.europesays.com\/fr\/wp-json\/wp\/v2\/users\/2"}],"replies":[{"embeddable":true,"href":"https:\/\/www.europesays.com\/fr\/wp-json\/wp\/v2\/comments?post=143703"}],"version-history":[{"count":0,"href":"https:\/\/www.europesays.com\/fr\/wp-json\/wp\/v2\/posts\/143703\/revisions"}],"wp:featuredmedia":[{"embeddable":true,"href":"https:\/\/www.europesays.com\/fr\/wp-json\/wp\/v2\/media\/143704"}],"wp:attachment":[{"href":"https:\/\/www.europesays.com\/fr\/wp-json\/wp\/v2\/media?parent=143703"}],"wp:term":[{"taxonomy":"category","embeddable":true,"href":"https:\/\/www.europesays.com\/fr\/wp-json\/wp\/v2\/categories?post=143703"},{"taxonomy":"post_tag","embeddable":true,"href":"https:\/\/www.europesays.com\/fr\/wp-json\/wp\/v2\/tags?post=143703"}],"curies":[{"name":"wp","href":"https:\/\/api.w.org\/{rel}","templated":true}]}}