{"id":143707,"date":"2025-06-01T09:29:12","date_gmt":"2025-06-01T09:29:12","guid":{"rendered":"https:\/\/www.europesays.com\/fr\/143707\/"},"modified":"2025-06-01T09:29:12","modified_gmt":"2025-06-01T09:29:12","slug":"grenoble-voiture-qui-fonce-dans-la-foule-apres-la-victoire-du-psg-on-en-sait-plus","status":"publish","type":"post","link":"https:\/\/www.europesays.com\/fr\/143707\/","title":{"rendered":"Grenoble. Voiture qui fonce dans la foule apr\u00e8s la victoire du PSG : on en sait plus"},"content":{"rendered":"<p>            Par<br \/>\n        <strong><br \/>\n            <a href=\"https:\/\/actu.fr\/auteur\/nicolas-zaugra\" title=\"Consulter tous les articles de Nicolas Zaugra\" rel=\"nofollow noopener\" target=\"_blank\">Nicolas Zaugra<\/a><br \/>\n        <\/strong><\/p>\n<p>        Publi\u00e9 le<\/p>\n<p>            1 juin 2025 \u00e0 10h40<br \/>\n        ; mis \u00e0 jour le 1 juin 2025 \u00e0 10h41    <\/p>\n<p>La f\u00eate a tourn\u00e9 au drame samedi soir \u00e0 <a href=\"https:\/\/actu.fr\/auvergne-rhone-alpes\/grenoble_38185\" rel=\"nofollow noopener\" target=\"_blank\">Grenoble<\/a> apr\u00e8s la <a href=\"https:\/\/actu.fr\/ile-de-france\/paris_75056\/irresistible-le-psg-remporte-la-premiere-ligue-des-champions-de-son-histoire-au-terme-d-une-finale-de-reve_62712076.html\" rel=\"nofollow noopener\" target=\"_blank\">victoire du PSG<\/a> en Ligue des Champions. Une <a href=\"https:\/\/actu.fr\/auvergne-rhone-alpes\/grenoble_38185\/a-grenoble-une-voiture-percute-la-foule-celebrant-la-victoire-du-psg-quatre-blesses-dont-deux-graves_62712838.html\" rel=\"nofollow noopener\" target=\"_blank\">voiture a fonc\u00e9 dans une foule<\/a> sur le cours Jean-Jaur\u00e8s dans le centre-ville, a confirm\u00e9 le procureur de la R\u00e9publique ce dimanche 1er juin. Le drame a fait au moins un bless\u00e9 tr\u00e8s grave. Ce que l\u2019on sait du d\u00e9roul\u00e9 des faits.<\/p>\n<p>Les c\u00e9l\u00e9brations d\u00e9g\u00e9n\u00e8rent sur le cours Jean-Jaur\u00e8s<\/p>\n<p class=\" wall-content\">Selon le parquet, la f\u00eate a commenc\u00e9 \u00e0 d\u00e9g\u00e9n\u00e9rer en fin de soir\u00e9e \u00e0 l\u2019issue du match vers 23h40.\u00a0<\/p>\n<p class=\" wall-content\">A la suite de la victoire du PSG, \u00ab\u00a0s\u2019est produit un rassemblement de v\u00e9hicules de supporters bloquant la circulation dans un premier temps\u00a0\u00bb. \u00ab\u00a0Il y a eu de nombreux tirs de mortiers en centre-ville ainsi que la d\u00e9ambulation de nombreux pi\u00e9tons sur le cours Jean Jaur\u00e8s et le blocage de la circulation des tramways sur l\u2019ensemble des lignes\u00a0\u00bb, poursuit le procureur Fran\u00e7ois Touret.<\/p>\n<p class=\" wall-content\">\n<p>Une voiture percute un groupe, le conducteur prend la fuite<\/p>\n<p class=\" wall-content\">Toujours sur le cours Jean-Jaur\u00e8s, une voiture vraisemblablement une BMW noire percute un groupe \u00ab\u00a0dans les conditions qui restent \u00e0 \u00e9tablir\u00a0\u00bb selon le parquet.\u00a0<\/p>\n<blockquote class=\"ac-article-quote wall-content\">\n<p>Un conducteur d\u2019un v\u00e9hicule BMW s\u00e9rie 1 (non vol\u00e9) percute un groupe de pi\u00e9tons faisant 3 ou 4 bless\u00e9s (ce chiffre reste \u00e0 v\u00e9rifier) dont un grave. Le conducteur abandonne son v\u00e9hicule et prend la fuite dans la foule.<\/p>\n<p>    <strong>procureur de Grenoble<\/strong>\n            <\/p><\/blockquote>\n<p class=\" wall-content\">L\u2019intervention des secours et de la police se passe d\u2019ailleurs tr\u00e8s mal. \u00ab\u00a0Une fois sur place les policiers, les sapeurs-pompiers et le SAMU font l\u2019objets de nombreux jets de projectiles, obligeant les policiers \u00e0 faire usage de grenades, de tirs de LBD et l\u2019usage des chiens musel\u00e9s et d\u00e9musel\u00e9s afin de s\u00e9curiser les secours\u00a0\u00bb, poursuit Fran\u00e7ois Touret.\u00a0<\/p>\n<p>    <a href=\"https:\/\/www.google.com\/maps\/embed?pb=!1m18!1m12!1m3!1d11248.162554644388!2d5.705809129179345!3d45.186273596479104!2m3!1f0!2f0!3f0!3m2!1i1024!2i768!4f13.1!3m3!1m2!1s0x478af484e2b8ad21%3A0xb8884b62441ca555!2sCr%20Jean%20Jaur%C3%A8s%2C%2038000%20Grenoble!5e0!3m2!1sfr!2sfr!4v1748767101843!5m2!1sfr!2sfr\" title=\"Ouvrie le lien\" rel=\"nofollow noopener\" target=\"_blank\">Cliquez ici pour visualiser le contenu<\/a><\/p>\n<p>Un bless\u00e9 entre la vie et la mort<\/p>\n<p class=\" wall-content\">Sur les trois bless\u00e9s, l\u2019un est en urgence relative, un second a un pronostic vital engag\u00e9.<\/p>\n<p class=\" wall-content\">Deux t\u00e9moins sont \u00e0 entendre, ainsi que le mis en cause. Les bless\u00e9s sont encore au service de r\u00e9animation du CHU et leur \u00e9tat de sant\u00e9 n\u2019est pas pr\u00e9cis\u00e9.<\/p>\n<p class=\" wall-content\">Selon <a href=\"https:\/\/c.ledauphine.com\/faits-divers-justice\/2025\/06\/01\/la-fete-degenere-plusieurs-blesses-dans-les-rues-a-grenoble\" rel=\"nofollow noopener\" target=\"_blank\">Le Dauphin\u00e9 Lib\u00e9r\u00e9<\/a>, ce sont les membres d\u2019une m\u00eame famille qui ont \u00e9t\u00e9 bless\u00e9s dans le drame.<\/p>\n<p>Le profil du conducteur connu apr\u00e8s son interpellation<\/p>\n<p class=\" wall-content\">Le parquet indique que finalement le conducteur de la BMW s\u2019est rendu de lui-m\u00eame sur les lieux de l\u2019accident. L\u2019individu a \u00e9t\u00e9 plac\u00e9 en garde \u00e0 vue.<\/p>\n<p class=\" wall-content\">Il s\u2019agit d\u2019un jeune conducteur qui a 6 points sur 6 sur son permis. Il est n\u00e9gatif au d\u00e9pistage d\u2019alcool\u00e9mie et de stup\u00e9fiants.<\/p>\n<p class=\" wall-content\">Une enqu\u00eate est ouverte pour \u00ab\u00a0blessures involontaires par conducteur ayant caus\u00e9 une incapacit\u00e9 de travail de plus de trois mois avec d\u00e9lit de fuite\u00a0\u00bb. Un d\u00e9lit passible de 5 ans d\u2019emprisonnement et de 75.000 euros d\u2019amende.<\/p>\n<p class=\" wall-content\">\u00ab\u00a0L\u2019hypoth\u00e8se d\u2019un demi-tour au frein \u00e0 main \u00e9voqu\u00e9 par la presse n\u2019est pas confirm\u00e9e pour l\u2019instant\u00a0\u00bb, conclut Fran\u00e7ois Touret.<\/p>\n<p class=\" wall-content\">Suivez toute l\u2019actualit\u00e9 de vos villes et m\u00e9dias favoris en vous inscrivant \u00e0 <a href=\"https:\/\/moncompte.actu.fr\" title=\"D\u00e9couvez Mon Actu\" rel=\"nofollow noopener\" data-trk=\"{&quot;cta&quot;:{&quot;action&quot;:&quot;https:\\\/\\\/moncompte.actu.fr&quot;,&quot;category&quot;:&quot;mon compte&quot;,&quot;from&quot;:&quot;article footer&quot;,&quot;name&quot;:&quot;Mon actu&quot;,&quot;type&quot;:&quot;cta&quot;}}\" target=\"_blank\">Mon Actu<\/a>.<\/p>\n<ul class=\"ac-article-tag wall-content\">\n<li><a href=\"https:\/\/actu.fr\/tag\/paris-saint-germain-psg\" data-trk=\"{&quot;cta&quot;:{&quot;action&quot;:&quot;Paris Saint Germain (PSG)&quot;,&quot;category&quot;:&quot;tag&quot;,&quot;from&quot;:&quot;article footer&quot;,&quot;name&quot;:&quot;Paris Saint Germain (PSG)&quot;,&quot;type&quot;:&quot;cta&quot;}}\" rel=\"nofollow noopener\" target=\"_blank\">#Paris Saint Germain (PSG)<\/a><\/li>\n<li><a href=\"https:\/\/actu.fr\/tag\/police\" data-trk=\"{&quot;cta&quot;:{&quot;action&quot;:&quot;Police&quot;,&quot;category&quot;:&quot;tag&quot;,&quot;from&quot;:&quot;article footer&quot;,&quot;name&quot;:&quot;Police&quot;,&quot;type&quot;:&quot;cta&quot;}}\" rel=\"nofollow noopener\" target=\"_blank\">#Police<\/a><\/li>\n<\/ul>\n","protected":false},"excerpt":{"rendered":"Par Nicolas Zaugra Publi\u00e9 le 1 juin 2025 \u00e0 10h40 ; mis \u00e0 jour le 1 juin 2025&hellip;\n","protected":false},"author":2,"featured_media":143708,"comment_status":"","ping_status":"","sticky":false,"template":"","format":"standard","meta":{"footnotes":""},"categories":[9566],"tags":[1111,11,2430,1777,674,1011,27,2731,12,2332,1072,25,104],"class_list":{"0":"post-143707","1":"post","2":"type-post","3":"status-publish","4":"format-standard","5":"has-post-thumbnail","7":"category-grenoble","8":"tag-actu","9":"tag-actualites","10":"tag-auvergne-rhone-alpes","11":"tag-eu","12":"tag-europe","13":"tag-fr","14":"tag-france","15":"tag-grenoble","16":"tag-news","17":"tag-paris-saint-germain-psg","18":"tag-police","19":"tag-republique-francaise","20":"tag-societe"},"share_on_mastodon":{"url":"https:\/\/pubeurope.com\/@fr\/114607408337440123","error":""},"_links":{"self":[{"href":"https:\/\/www.europesays.com\/fr\/wp-json\/wp\/v2\/posts\/143707","targetHints":{"allow":["GET"]}}],"collection":[{"href":"https:\/\/www.europesays.com\/fr\/wp-json\/wp\/v2\/posts"}],"about":[{"href":"https:\/\/www.europesays.com\/fr\/wp-json\/wp\/v2\/types\/post"}],"author":[{"embeddable":true,"href":"https:\/\/www.europesays.com\/fr\/wp-json\/wp\/v2\/users\/2"}],"replies":[{"embeddable":true,"href":"https:\/\/www.europesays.com\/fr\/wp-json\/wp\/v2\/comments?post=143707"}],"version-history":[{"count":0,"href":"https:\/\/www.europesays.com\/fr\/wp-json\/wp\/v2\/posts\/143707\/revisions"}],"wp:featuredmedia":[{"embeddable":true,"href":"https:\/\/www.europesays.com\/fr\/wp-json\/wp\/v2\/media\/143708"}],"wp:attachment":[{"href":"https:\/\/www.europesays.com\/fr\/wp-json\/wp\/v2\/media?parent=143707"}],"wp:term":[{"taxonomy":"category","embeddable":true,"href":"https:\/\/www.europesays.com\/fr\/wp-json\/wp\/v2\/categories?post=143707"},{"taxonomy":"post_tag","embeddable":true,"href":"https:\/\/www.europesays.com\/fr\/wp-json\/wp\/v2\/tags?post=143707"}],"curies":[{"name":"wp","href":"https:\/\/api.w.org\/{rel}","templated":true}]}}