{"id":143709,"date":"2025-06-01T09:30:10","date_gmt":"2025-06-01T09:30:10","guid":{"rendered":"https:\/\/www.europesays.com\/fr\/143709\/"},"modified":"2025-06-01T09:30:10","modified_gmt":"2025-06-01T09:30:10","slug":"a-la-recherche-de-photos-du-general-patton-a-rennes-en-1945","status":"publish","type":"post","link":"https:\/\/www.europesays.com\/fr\/143709\/","title":{"rendered":"\u00c0 la recherche de photos du g\u00e9n\u00e9ral Patton \u00e0 Rennes en 1945"},"content":{"rendered":"<p><strong>\u00ab\u00a0Dans le ciel serein, un point sombre appara\u00eet \u00e0 l\u2019Est, qui grossit rapidement et se rapproche, en m\u00eame temps que l\u2019on per\u00e7oit le vrombissement des moteurs. Le \u00ab\u00a0Dakota\u00a0\u00bb du g\u00e9n\u00e9ral Patton est en vue\u2026\u00a0\u00bb<\/strong> Dans son \u00e9dition du 29\u00a0octobre 1945, Ouest-France raconte dans le moindre d\u00e9tail la visite \u00e0 Rennes d\u2019un des grands chefs militaires de la Seconde Guerre mondiale\u00a0: le g\u00e9n\u00e9ral George Smith Patton. Celui-ci \u00e9tait \u00e0 la t\u00eate des troupes am\u00e9ricaines qui ont lib\u00e9r\u00e9 Rennes le 4\u00a0ao\u00fbt 1944.<\/p>\n<p>\t<img decoding=\"async\" src=\"https:\/\/www.europesays.com\/fr\/wp-content\/uploads\/2025\/06\/P35263456D6833968G_px_640_.jpg\" alt=\"photo eric beaty (\u00e0 gauche sur la photo), pr\u00e9sident du jumelage entre rennes et la ville am\u00e9ricaine de rochester, avec jo\u00ebl david, grand connaisseur de l\u2019histoire de rennes.  \u00a9  ouest-france\" width=\"640\" title=\" Eric Beaty (\u00e0 gauche sur la photo), pr\u00e9sident du jumelage entre Rennes et la ville am\u00e9ricaine de Rochester, avec Jo\u00ebl David, grand connaisseur de l\u2019histoire de Rennes.   Ouest-France \"\/><\/p>\n<p class=\"elmt-legende\"> Eric Beaty (\u00e0 gauche sur la photo), pr\u00e9sident du jumelage entre Rennes et la ville am\u00e9ricaine de Rochester, avec Jo\u00ebl David, grand connaisseur de l\u2019histoire de Rennes.   Ouest-France <\/p>\n<p><strong>Lire aussi<\/strong>\u00a0: <a href=\"https:\/\/rennes.maville.com\/actu\/actudet_-rennes-et-rochester-celebrent-65-ans-d-amitie-franco-americaine-_52674-5995078_actu.Htm\" target=\"_blank\" rel=\"noopener\">Rennes et Rochester c\u00e9l\u00e8brent 65\u00a0ans d\u2019amiti\u00e9 franco-am\u00e9ricaine<\/a><\/p>\n<p>Que reste t-il de cette visite historique dans la m\u00e9moire des Rennais et surtout dans leurs archives\u00a0? Le Comit\u00e9 de Jumelage Rennes-Rochester travaille sur le sujet et recherche des photographies prises ou des films tourn\u00e9s lors de cette journ\u00e9e du 27\u00a0octobre 1945. <strong>\u00ab\u00a0Le Comit\u00e9 de Jumelage Rennes-Rochester d\u00e9sire r\u00e9aliser une exposition sur la venue du G\u00e9n\u00e9ral Patton \u00e0 Rennes pour l\u2019automne prochain<\/strong>, <strong>en octobre\u00a02025, <\/strong>explique <a href=\"https:\/\/rennes.maville.com\/actu\/actudet_-eric-beaty-le-plus-rennais-des-americains-_52674-5967595_actu.Htm\" target=\"_blank\" rel=\"noopener\">Eric Beaty, pr\u00e9sident du comit\u00e9 de jumelage<\/a>. <strong>\u00c0 part l\u2019article publi\u00e9 dans Ouest-France en 1945 et un film\u00a0des archives de l\u2019INA (Institut national de l\u2019audiovisuel), il y a peu de choses. Nous n\u2019avons rien trouv\u00e9 dans les archives locales\u00a0!\u00a0\u00bb<\/strong> <\/p>\n<p>Le 27\u00a0octobre 1945, \u00e0 Rennes, le g\u00e9n\u00e9ral Patton re\u00e7oit \u00e0 Rennes les dipl\u00f4mes de Citoyen d\u2019Honneur des villes de Rennes, d\u2019Angers, Saint-Malo, Saint-James et Avranches. <strong>\u00ab\u00a0L\u2019Avenue G\u00e9n\u00e9ral George S. Patton sera d\u00e9nomm\u00e9e par d\u00e9lib\u00e9ration du conseil municipal de Rennes du 22\u00a0juillet 1949 et l\u2019avenue de Rochester en 1962\u00a0\u00bb<\/strong>, souligne <a href=\"https:\/\/rennes.maville.com\/actu\/actudet_-rencontre.-son-metier-decrypter-l-histoire-de-rennes-a-travers-les-noms-de-rues_52674-3799200_actu.Htm\" target=\"_blank\" rel=\"noopener\">Jo\u00ebl David, membre du comit\u00e9 de jumelage et grand sp\u00e9cialiste de l\u2019histoire des noms de rues \u00e0 Rennes<\/a>.<\/p>\n<p>Toute personne ayant des photos voire des films peut s\u2019adresser \u00e0 Jo\u00ebl David par courriel \u00e0 joel.david35@orange.fr<\/p>\n<p>\u00a0<\/p>\n","protected":false},"excerpt":{"rendered":"\u00ab\u00a0Dans le ciel serein, un point sombre appara\u00eet \u00e0 l\u2019Est, qui grossit rapidement et se rapproche, en m\u00eame&hellip;\n","protected":false},"author":2,"featured_media":143710,"comment_status":"","ping_status":"","sticky":false,"template":"","format":"standard","meta":{"footnotes":""},"categories":[2821],"tags":[17338,1111,11,829,1777,674,1011,27,6556,12,27174,2189,959,3086,584,25],"class_list":{"0":"post-143709","1":"post","2":"type-post","3":"status-publish","4":"format-standard","5":"has-post-thumbnail","7":"category-rennes","8":"tag-17338","9":"tag-actu","10":"tag-actualites","11":"tag-bretagne","12":"tag-eu","13":"tag-europe","14":"tag-fr","15":"tag-france","16":"tag-general","17":"tag-news","18":"tag-patton","19":"tag-photos","20":"tag-recherche","21":"tag-redon","22":"tag-rennes","23":"tag-republique-francaise"},"share_on_mastodon":{"url":"https:\/\/pubeurope.com\/@fr\/114607412010009596","error":""},"_links":{"self":[{"href":"https:\/\/www.europesays.com\/fr\/wp-json\/wp\/v2\/posts\/143709","targetHints":{"allow":["GET"]}}],"collection":[{"href":"https:\/\/www.europesays.com\/fr\/wp-json\/wp\/v2\/posts"}],"about":[{"href":"https:\/\/www.europesays.com\/fr\/wp-json\/wp\/v2\/types\/post"}],"author":[{"embeddable":true,"href":"https:\/\/www.europesays.com\/fr\/wp-json\/wp\/v2\/users\/2"}],"replies":[{"embeddable":true,"href":"https:\/\/www.europesays.com\/fr\/wp-json\/wp\/v2\/comments?post=143709"}],"version-history":[{"count":0,"href":"https:\/\/www.europesays.com\/fr\/wp-json\/wp\/v2\/posts\/143709\/revisions"}],"wp:featuredmedia":[{"embeddable":true,"href":"https:\/\/www.europesays.com\/fr\/wp-json\/wp\/v2\/media\/143710"}],"wp:attachment":[{"href":"https:\/\/www.europesays.com\/fr\/wp-json\/wp\/v2\/media?parent=143709"}],"wp:term":[{"taxonomy":"category","embeddable":true,"href":"https:\/\/www.europesays.com\/fr\/wp-json\/wp\/v2\/categories?post=143709"},{"taxonomy":"post_tag","embeddable":true,"href":"https:\/\/www.europesays.com\/fr\/wp-json\/wp\/v2\/tags?post=143709"}],"curies":[{"name":"wp","href":"https:\/\/api.w.org\/{rel}","templated":true}]}}