{"id":143717,"date":"2025-06-01T09:35:10","date_gmt":"2025-06-01T09:35:10","guid":{"rendered":"https:\/\/www.europesays.com\/fr\/143717\/"},"modified":"2025-06-01T09:35:10","modified_gmt":"2025-06-01T09:35:10","slug":"deux-nouvelles-vues-imprenables-sur-la-baie-des-anges-a-nice-2","status":"publish","type":"post","link":"https:\/\/www.europesays.com\/fr\/143717\/","title":{"rendered":"Deux nouvelles vues imprenables sur la baie des Anges \u00e0 Nice"},"content":{"rendered":"<p>\u00c0 deux pas de la place Mass\u00e9na, en surplomb des jardins Albert-Ier\u00a0et de la promenade des Anglais, l&rsquo;ouverture de deux paquebots h\u00f4teliers 5\u00a0\u00e9toiles a raviv\u00e9 le lustre Belle \u00c9poque du carr\u00e9 d&rsquo;or de Nissa la Bella. Les autres points communs entre l&rsquo;Anantara\u00a0Plaza (port\u00e9 par Covivio et exploit\u00e9 sous pavillon Minor) et Le Victoria\u00a0\u2013\u00a0Maison Albar (restructur\u00e9 par les groupes CityMall et Centaurus), son proche voisin\u00a0? Des m\u00e9tamorphoses patrimoniales toutes deux sign\u00e9es de l&rsquo;architecte ni\u00e7ois Jean-Paul Gomis, artisan du lifting des fa\u00e7ades, des luxueux am\u00e9nagements int\u00e9rieurs et des nouvelles toitures. D&rsquo;une jauge domestique semblable (environ 150\u00a0chambres et suites), ils offrent d\u00e9sormais d&rsquo;immenses toits-terrasses, avec bars, restaurants gastronomiques et piscines. Cerise sur le g\u00e2teau h\u00f4telier\u00a0? Ces vues panoramiques \u00e0 360\u00a0degr\u00e9s sur les montagnes du Mercantour et les vagues scintillantes de la baie des Anges. Pas mal\u00a0!\u00a0\u00a7<\/p>\n","protected":false},"excerpt":{"rendered":"\u00c0 deux pas de la place Mass\u00e9na, en surplomb des jardins Albert-Ier\u00a0et de la promenade des Anglais, l&rsquo;ouverture&hellip;\n","protected":false},"author":2,"featured_media":143718,"comment_status":"","ping_status":"","sticky":false,"template":"","format":"standard","meta":{"footnotes":""},"categories":[2819],"tags":[27175,1111,11,27176,1777,674,1011,27,18372,12,2401,27177,882,25],"class_list":{"0":"post-143717","1":"post","2":"type-post","3":"status-publish","4":"format-standard","5":"has-post-thumbnail","7":"category-nice","8":"tag-360-degres","9":"tag-actu","10":"tag-actualites","11":"tag-charles-dalmas","12":"tag-eu","13":"tag-europe","14":"tag-fr","15":"tag-france","16":"tag-la-promenade-des-anglais","17":"tag-news","18":"tag-nice","19":"tag-nissa-la-bella","20":"tag-provence-alpes-cote-dazur","21":"tag-republique-francaise"},"share_on_mastodon":{"url":"https:\/\/pubeurope.com\/@fr\/114607431577932464","error":""},"_links":{"self":[{"href":"https:\/\/www.europesays.com\/fr\/wp-json\/wp\/v2\/posts\/143717","targetHints":{"allow":["GET"]}}],"collection":[{"href":"https:\/\/www.europesays.com\/fr\/wp-json\/wp\/v2\/posts"}],"about":[{"href":"https:\/\/www.europesays.com\/fr\/wp-json\/wp\/v2\/types\/post"}],"author":[{"embeddable":true,"href":"https:\/\/www.europesays.com\/fr\/wp-json\/wp\/v2\/users\/2"}],"replies":[{"embeddable":true,"href":"https:\/\/www.europesays.com\/fr\/wp-json\/wp\/v2\/comments?post=143717"}],"version-history":[{"count":0,"href":"https:\/\/www.europesays.com\/fr\/wp-json\/wp\/v2\/posts\/143717\/revisions"}],"wp:featuredmedia":[{"embeddable":true,"href":"https:\/\/www.europesays.com\/fr\/wp-json\/wp\/v2\/media\/143718"}],"wp:attachment":[{"href":"https:\/\/www.europesays.com\/fr\/wp-json\/wp\/v2\/media?parent=143717"}],"wp:term":[{"taxonomy":"category","embeddable":true,"href":"https:\/\/www.europesays.com\/fr\/wp-json\/wp\/v2\/categories?post=143717"},{"taxonomy":"post_tag","embeddable":true,"href":"https:\/\/www.europesays.com\/fr\/wp-json\/wp\/v2\/tags?post=143717"}],"curies":[{"name":"wp","href":"https:\/\/api.w.org\/{rel}","templated":true}]}}