{"id":143723,"date":"2025-06-01T09:38:08","date_gmt":"2025-06-01T09:38:08","guid":{"rendered":"https:\/\/www.europesays.com\/fr\/143723\/"},"modified":"2025-06-01T09:38:08","modified_gmt":"2025-06-01T09:38:08","slug":"la-tres-populaire-fete-de-la-morue-a-begles-met-le-portugal-a-lhonneur-pendant-trois-jours-gratuits","status":"publish","type":"post","link":"https:\/\/www.europesays.com\/fr\/143723\/","title":{"rendered":"La tr\u00e8s populaire F\u00eate de la morue \u00e0 B\u00e8gles met le Portugal \u00e0 l&rsquo;honneur pendant trois jours gratuits"},"content":{"rendered":"<p>            Par<br \/>\n        <strong><br \/>\n            <a href=\"https:\/\/actu.fr\/auteur\/aurelien-cardot\" title=\"Consulter tous les articles de Aurelien Cardot\" target=\"_blank\" rel=\"noopener\">Aurelien Cardot<\/a><br \/>\n        <\/strong><\/p>\n<p>        Publi\u00e9 le<\/p>\n<p>            1 juin 2025 \u00e0 11h32        <\/p>\n<p><strong>La F\u00eate de la Morue<\/strong>, rendez-vous attendu des B\u00e9glais, revient cette ann\u00e9e du 6 au 8 juin autour d\u2019un th\u00e8me festif et chaleureux : <strong>le Portugal<\/strong>. Au c\u0153ur de <a href=\"https:\/\/actu.fr\/nouvelle-aquitaine\/begles_33039\" target=\"_blank\" rel=\"noopener\">B\u00e8gles<\/a>, habitants et visiteurs sont invit\u00e9s \u00e0 partager trois jours de <a href=\"https:\/\/actu.fr\/loisirs-culture\/concert\" target=\"_blank\" rel=\"noopener\">concerts,<\/a> spectacles, animations et d\u00e9gustations, entre morue traditionnelle et alternatives v\u00e9g\u00e9tariennes.<\/p>\n<p class=\" wall-content\">Devenue incontournable pour les Girondins, la F\u00eate de la morue r\u00e9unit <strong>10 000 personnes par jour<\/strong> dans les parcs et rues du centre-ville de B\u00e8gles.<\/p>\n<p>Programmation du week-end<\/p>\n<p class=\" wall-content\">Le coup d\u2019envoi sera donn\u00e9 vendredi soir avec une <strong>parade d\u2019ouverture<\/strong> avant le d\u00e9but des concerts, des spectacles de rues et des ateliers d\u00e9gustation.<\/p>\n<p class=\" wall-content\">Samedi, les march\u00e9s, des dict\u00e9es, la pr\u00e9paration d\u2019une <strong>omelette g\u00e9ante \u00e0 la morue<\/strong> et des activit\u00e9s pour enfants animeront le centre-ville.<\/p>\n<p class=\" wall-content\">Dimanche, <strong>deux nouvelles propositions<\/strong> viendront cl\u00f4turer la f\u00eate : \u00ab Dimanche aux restos \u00bb et \u00ab Dimanche des assos \u00bb qui promettent une programmation musicale locale dans dix restaurants b\u00e9glais.<\/p>\n<p>Vid\u00e9os : en ce moment sur ActuL\u2019entr\u00e9e de la f\u00eate et la programmation artistique sont gratuites. Retrouvez le programme d\u00e9taill\u00e9 <a href=\"https:\/\/www.fetedelamorue.com\/\" target=\"_blank\" rel=\"noopener\">sur\u00a0le site d\u00e9di\u00e9 \u00e0 la F\u00eate de la morue.<\/a><\/p>\n<p class=\" wall-content\">Suivez toute l\u2019actualit\u00e9 de vos villes et m\u00e9dias favoris en vous inscrivant \u00e0 <a href=\"https:\/\/moncompte.actu.fr\" title=\"D\u00e9couvez Mon Actu\" rel=\"nofollow noopener\" data-trk=\"{&quot;cta&quot;:{&quot;action&quot;:&quot;https:\\\/\\\/moncompte.actu.fr&quot;,&quot;category&quot;:&quot;mon compte&quot;,&quot;from&quot;:&quot;article footer&quot;,&quot;name&quot;:&quot;Mon actu&quot;,&quot;type&quot;:&quot;cta&quot;}}\" target=\"_blank\">Mon Actu<\/a>.<\/p>\n","protected":false},"excerpt":{"rendered":"Par Aurelien Cardot Publi\u00e9 le 1 juin 2025 \u00e0 11h32 La F\u00eate de la Morue, rendez-vous attendu des&hellip;\n","protected":false},"author":2,"featured_media":143724,"comment_status":"","ping_status":"","sticky":false,"template":"","format":"standard","meta":{"footnotes":""},"categories":[2817],"tags":[1111,11,1997,2904,1777,674,1011,27,12,2219,25,104],"class_list":{"0":"post-143723","1":"post","2":"type-post","3":"status-publish","4":"format-standard","5":"has-post-thumbnail","7":"category-bordeaux","8":"tag-actu","9":"tag-actualites","10":"tag-bordeaux","11":"tag-bordeaux-metropole","12":"tag-eu","13":"tag-europe","14":"tag-fr","15":"tag-france","16":"tag-news","17":"tag-nouvelle-aquitaine","18":"tag-republique-francaise","19":"tag-societe"},"share_on_mastodon":{"url":"https:\/\/pubeurope.com\/@fr\/114607443408286796","error":""},"_links":{"self":[{"href":"https:\/\/www.europesays.com\/fr\/wp-json\/wp\/v2\/posts\/143723","targetHints":{"allow":["GET"]}}],"collection":[{"href":"https:\/\/www.europesays.com\/fr\/wp-json\/wp\/v2\/posts"}],"about":[{"href":"https:\/\/www.europesays.com\/fr\/wp-json\/wp\/v2\/types\/post"}],"author":[{"embeddable":true,"href":"https:\/\/www.europesays.com\/fr\/wp-json\/wp\/v2\/users\/2"}],"replies":[{"embeddable":true,"href":"https:\/\/www.europesays.com\/fr\/wp-json\/wp\/v2\/comments?post=143723"}],"version-history":[{"count":0,"href":"https:\/\/www.europesays.com\/fr\/wp-json\/wp\/v2\/posts\/143723\/revisions"}],"wp:featuredmedia":[{"embeddable":true,"href":"https:\/\/www.europesays.com\/fr\/wp-json\/wp\/v2\/media\/143724"}],"wp:attachment":[{"href":"https:\/\/www.europesays.com\/fr\/wp-json\/wp\/v2\/media?parent=143723"}],"wp:term":[{"taxonomy":"category","embeddable":true,"href":"https:\/\/www.europesays.com\/fr\/wp-json\/wp\/v2\/categories?post=143723"},{"taxonomy":"post_tag","embeddable":true,"href":"https:\/\/www.europesays.com\/fr\/wp-json\/wp\/v2\/tags?post=143723"}],"curies":[{"name":"wp","href":"https:\/\/api.w.org\/{rel}","templated":true}]}}