{"id":143732,"date":"2025-06-01T09:44:08","date_gmt":"2025-06-01T09:44:08","guid":{"rendered":"https:\/\/www.europesays.com\/fr\/143732\/"},"modified":"2025-06-01T09:44:08","modified_gmt":"2025-06-01T09:44:08","slug":"nash-et-nordine-ganso-deux-etoiles-montantes-du-stand-up-attendues-a-marseille-le-2-juin-2025","status":"publish","type":"post","link":"https:\/\/www.europesays.com\/fr\/143732\/","title":{"rendered":"Nash et Nordine Ganso, deux \u00e9toiles montantes du stand-up attendues \u00e0 Marseille le 2 juin 2025"},"content":{"rendered":"<p>Dans la multitude de talents de l&rsquo;humour r\u00e9v\u00e9l\u00e9s ces derni\u00e8res ann\u00e9es, il est parfois difficile de s&rsquo;y retrouver pour les spectateurs. Une chose est s\u00fbre, \u00e0 ce jeu-l\u00e0, Nash et Nordine Ganso font partie des artistes qui peuvent pr\u00e9tendre \u00e0 une carri\u00e8re d\u00e9passant le cercle des initi\u00e9s, pour toucher le grand public. Car depuis leurs d\u00e9buts respectifs en\u00a02018 et\u00a02015, les deux humoristes n&rsquo;ont de cesse de s&rsquo;illustrer sur sc\u00e8ne, mais aussi gr\u00e2ce aux contenus num\u00e9riques devenus quasi incontournables pour toucher toutes les g\u00e9n\u00e9rations. Leur show partag\u00e9 en 2&#215;30 minutes, jou\u00e9 \u00e0 20h puis 21h30 le lundi 2\u00a0juin 2025, sera ainsi scrut\u00e9 par <a href=\"https:\/\/www.laprovence.com\/article\/culture-loisirs\/51004573260802\/a-marseille-le-duo-en-or-gad-elmaleh-et-redouane-bougheraba-a-retourne-le-vigs\" target=\"_blank\" rel=\"nofollow noopener\">le public du Vig&rsquo;s<\/a>.<\/p>\n","protected":false},"excerpt":{"rendered":"Dans la multitude de talents de l&rsquo;humour r\u00e9v\u00e9l\u00e9s ces derni\u00e8res ann\u00e9es, il est parfois difficile de s&rsquo;y retrouver&hellip;\n","protected":false},"author":2,"featured_media":143733,"comment_status":"","ping_status":"","sticky":false,"template":"","format":"standard","meta":{"footnotes":""},"categories":[2814],"tags":[17,1111,11,251,4070,6458,1777,674,1011,27,27182,884,27183,27180,12,27181,882,25,7492],"class_list":{"0":"post-143732","1":"post","2":"type-post","3":"status-publish","4":"format-standard","5":"has-post-thumbnail","7":"category-marseille","8":"tag-17","9":"tag-actu","10":"tag-actualites","11":"tag-culture","12":"tag-deux","13":"tag-etoiles","14":"tag-eu","15":"tag-europe","16":"tag-fr","17":"tag-france","18":"tag-ganso","19":"tag-marseille","20":"tag-montantes","21":"tag-nash","22":"tag-news","23":"tag-nordine","24":"tag-provence-alpes-cote-dazur","25":"tag-republique-francaise","26":"tag-stand-up"},"share_on_mastodon":{"url":"https:\/\/pubeurope.com\/@fr\/114607466961164367","error":""},"_links":{"self":[{"href":"https:\/\/www.europesays.com\/fr\/wp-json\/wp\/v2\/posts\/143732","targetHints":{"allow":["GET"]}}],"collection":[{"href":"https:\/\/www.europesays.com\/fr\/wp-json\/wp\/v2\/posts"}],"about":[{"href":"https:\/\/www.europesays.com\/fr\/wp-json\/wp\/v2\/types\/post"}],"author":[{"embeddable":true,"href":"https:\/\/www.europesays.com\/fr\/wp-json\/wp\/v2\/users\/2"}],"replies":[{"embeddable":true,"href":"https:\/\/www.europesays.com\/fr\/wp-json\/wp\/v2\/comments?post=143732"}],"version-history":[{"count":0,"href":"https:\/\/www.europesays.com\/fr\/wp-json\/wp\/v2\/posts\/143732\/revisions"}],"wp:featuredmedia":[{"embeddable":true,"href":"https:\/\/www.europesays.com\/fr\/wp-json\/wp\/v2\/media\/143733"}],"wp:attachment":[{"href":"https:\/\/www.europesays.com\/fr\/wp-json\/wp\/v2\/media?parent=143732"}],"wp:term":[{"taxonomy":"category","embeddable":true,"href":"https:\/\/www.europesays.com\/fr\/wp-json\/wp\/v2\/categories?post=143732"},{"taxonomy":"post_tag","embeddable":true,"href":"https:\/\/www.europesays.com\/fr\/wp-json\/wp\/v2\/tags?post=143732"}],"curies":[{"name":"wp","href":"https:\/\/api.w.org\/{rel}","templated":true}]}}