{"id":143734,"date":"2025-06-01T09:45:10","date_gmt":"2025-06-01T09:45:10","guid":{"rendered":"https:\/\/www.europesays.com\/fr\/143734\/"},"modified":"2025-06-01T09:45:10","modified_gmt":"2025-06-01T09:45:10","slug":"loeuvre-du-phare-aux-catalans-vandalisee","status":"publish","type":"post","link":"https:\/\/www.europesays.com\/fr\/143734\/","title":{"rendered":"l&rsquo;\u0153uvre du phare aux Catalans vandalis\u00e9e"},"content":{"rendered":"<p>Situ\u00e9e aux <a href=\"https:\/\/www.laprovence.com\/article\/region\/52924584799072\/le-tramway-de-la-rue-de-rome-vers-les-catalans-a-marseille-est-sur-de-bons-rails\" target=\"_blank\" rel=\"noopener\">Catalans<\/a>, l&rsquo;\u0153uvre repr\u00e9sente un phare projetant sa lumi\u00e8re, accompagn\u00e9 du message : \u00ab\u00a0I want to be what you saw in me \u00a0\u00bb (\u00ab\u00a0Je veux \u00eatre ce que tu voyais en moi\u00a0\u00bb). Ce week-end, le dessin poss\u00e8de&#8230; un nouvel attribut.<\/p>\n<p>Vandalisme ou appropriation assum\u00e9e ?\u00a0<\/p>\n<p>Banksy cr\u00e9e dans l&rsquo;espace public, sans autorisation, pr\u00e9cis\u00e9ment <strong>pour que tout le monde puisse voir, interpr\u00e9ter,<\/strong> photographier, commenter. Il a souvent d\u00e9nonc\u00e9 la marchandisation de l&rsquo;art et son enfermement dans les mus\u00e9es. Par cons\u00e9quent, ses \u0153uvres sont faites pour \u00eatre vues par tous, gratuitement. L&rsquo;artiste originaire de Bristol revendique une forme de d\u00e9mocratisation radicale de l&rsquo;art, ce qui ouvre la voie \u00e0 une appropriation symbolique par les gens.<\/p>\n<p>Cela signifie-t-il que <strong>le quinquag\u00e9naire cautionne la d\u00e9t\u00e9rioration ou la simple modification de ses \u0153uvres <\/strong>? La r\u00e9ponse, seule Banksy l&rsquo;a. Reste \u00e0 voir si ce dernier r\u00e9agira dans les prochaines heures \u00e0 cette \u00ab\u00a0appropriation made in Marseille\u00a0\u00bb&#8230;\u00a0<\/p>\n<p>Une chose est s\u00fbre :\u00a0Banksy<strong> <\/strong>accepte, voire revendique, le caract\u00e8re <strong>\u00e9ph\u00e9m\u00e8re de ses \u0153uvres.\u00a0<\/strong>Certaines ont \u00e9t\u00e9 effac\u00e9es par les villes peu apr\u00e8s leur apparition. Il a m\u00eame lui-m\u00eame organis\u00e9 la destruction d&rsquo;une de ses \u0153uvres en salle des ventes (\u00ab\u00a0Girl with Balloon\u00a0\u00bb, autod\u00e9truite en direct en 2018).\u00a0Cela fait partie du message : <strong>rien n&rsquo;est \u00e9ternel, m\u00eame pas l&rsquo;art<\/strong>, et surtout pas quand il s&rsquo;inscrit dans l&rsquo;espace urbain, sujet \u00e0 l&rsquo;usure, aux conflits, \u00e0 la vie.<\/p>\n","protected":false},"excerpt":{"rendered":"Situ\u00e9e aux Catalans, l&rsquo;\u0153uvre repr\u00e9sente un phare projetant sa lumi\u00e8re, accompagn\u00e9 du message : \u00ab\u00a0I want to be&hellip;\n","protected":false},"author":2,"featured_media":143735,"comment_status":"","ping_status":"","sticky":false,"template":"","format":"standard","meta":{"footnotes":""},"categories":[2814],"tags":[17,1111,11,7190,1777,674,1011,27,26574,884,21274,12,5261,882,25,104,27185,27184],"class_list":{"0":"post-143734","1":"post","2":"type-post","3":"status-publish","4":"format-standard","5":"has-post-thumbnail","7":"category-marseille","8":"tag-17","9":"tag-actu","10":"tag-actualites","11":"tag-banksy","12":"tag-eu","13":"tag-europe","14":"tag-fr","15":"tag-france","16":"tag-loeuvre","17":"tag-marseille","18":"tag-naura","19":"tag-news","20":"tag-pas","21":"tag-provence-alpes-cote-dazur","22":"tag-republique-francaise","23":"tag-societe","24":"tag-street-artiste","25":"tag-survecu"},"share_on_mastodon":{"url":"https:\/\/pubeurope.com\/@fr\/114607470861238689","error":""},"_links":{"self":[{"href":"https:\/\/www.europesays.com\/fr\/wp-json\/wp\/v2\/posts\/143734","targetHints":{"allow":["GET"]}}],"collection":[{"href":"https:\/\/www.europesays.com\/fr\/wp-json\/wp\/v2\/posts"}],"about":[{"href":"https:\/\/www.europesays.com\/fr\/wp-json\/wp\/v2\/types\/post"}],"author":[{"embeddable":true,"href":"https:\/\/www.europesays.com\/fr\/wp-json\/wp\/v2\/users\/2"}],"replies":[{"embeddable":true,"href":"https:\/\/www.europesays.com\/fr\/wp-json\/wp\/v2\/comments?post=143734"}],"version-history":[{"count":0,"href":"https:\/\/www.europesays.com\/fr\/wp-json\/wp\/v2\/posts\/143734\/revisions"}],"wp:featuredmedia":[{"embeddable":true,"href":"https:\/\/www.europesays.com\/fr\/wp-json\/wp\/v2\/media\/143735"}],"wp:attachment":[{"href":"https:\/\/www.europesays.com\/fr\/wp-json\/wp\/v2\/media?parent=143734"}],"wp:term":[{"taxonomy":"category","embeddable":true,"href":"https:\/\/www.europesays.com\/fr\/wp-json\/wp\/v2\/categories?post=143734"},{"taxonomy":"post_tag","embeddable":true,"href":"https:\/\/www.europesays.com\/fr\/wp-json\/wp\/v2\/tags?post=143734"}],"curies":[{"name":"wp","href":"https:\/\/api.w.org\/{rel}","templated":true}]}}