{"id":143740,"date":"2025-06-01T09:48:32","date_gmt":"2025-06-01T09:48:32","guid":{"rendered":"https:\/\/www.europesays.com\/fr\/143740\/"},"modified":"2025-06-01T09:48:32","modified_gmt":"2025-06-01T09:48:32","slug":"lile-de-france-se-rapproche-de-laustralie","status":"publish","type":"post","link":"https:\/\/www.europesays.com\/fr\/143740\/","title":{"rendered":"L\u2019Ile-de-France se rapproche de l\u2019Australie"},"content":{"rendered":"<p>            <a href=\"https:\/\/www.europesays.com\/fr\/wp-content\/uploads\/2025\/06\/idf-victoria.jpg\" data-caption=\"Ce jeudi, la pr\u00e9sidente de l\u2019Ile-de-France Val\u00e9rie P\u00e9cresse a sign\u00e9 un accord de coop\u00e9ration avec Tim Pallas, le tr\u00e9sorier et ministre de la Croissance \u00e9conomique de l\u2019Etat australien du Victoria. \u00a9 DR\"><img loading=\"lazy\" decoding=\"async\" width=\"1100\" height=\"708\" class=\"entry-thumb td-modal-image ewww_webp_lazy_load\" src=\"data:image\/svg+xml,%3Csvg%20xmlns=\" http:=\"\" alt=\"\" title=\"IDF Victoria\" data-lazy-src=\"https:\/\/www.europesays.com\/fr\/wp-content\/uploads\/2025\/06\/idf-victoria.jpg\" data-lazy-src-webp=\"https:\/\/www.europesays.com\/fr\/wp-content\/uploads\/2025\/06\/idf-victoria.jpg.webp\"\/><\/a>Ce jeudi, la pr\u00e9sidente de l\u2019Ile-de-France Val\u00e9rie P\u00e9cresse a sign\u00e9 un accord de coop\u00e9ration avec Tim Pallas, le tr\u00e9sorier et ministre de la Croissance \u00e9conomique de l\u2019Etat australien du Victoria. \u00a9 DR<\/p>\n<p>La R\u00e9gion Ile-de-France et l\u2019Etat australien du Victoria ont conclu, ce jeudi, un accord de coop\u00e9ration. Cet accord, sign\u00e9 par la pr\u00e9sidente (LR) de l\u2019Ile-de-France Val\u00e9rie P\u00e9cresse, et Tim Pallas, le tr\u00e9sorier et ministre de la Croissance \u00e9conomique de l\u2019Etat du Victoria, est intervenu au terme d\u2019\u00e9changes \u00ab nourris et r\u00e9guliers \u00bb entre les deux territoires. Et ce, depuis le d\u00e9placement effectu\u00e9 par Val\u00e9rie P\u00e9cresse en Australie en f\u00e9vrier 2022. Cet accord, \u00ab sans limitation de dur\u00e9e \u00bb, est le 23e accord de coop\u00e9ration que l\u2019Ile-de-France signe avec une grande R\u00e9gion du monde.<\/p>\n<p>Il pr\u00e9voit notamment des coop\u00e9rations en mati\u00e8re de d\u00e9veloppement \u00e9conomique, dans des \u00ab secteurs prioritaires \u00bb comme les transports, les \u00e9nergies renouvelables ou encore les nouvelles technologies (IA, quantique\u2026). \u00ab Entam\u00e9 d\u00e8s 2022, le partenariat a d\u00e9j\u00e0 permis \u00e0 plus de 100 entreprises victoriennes d\u2019\u00eatre en contact avec la R\u00e9gion Ile-de-France et, \u00e0 ce jour, <a href=\"https:\/\/www.chooseparisregion.org\/fr\" target=\"_blank\" rel=\"noopener\">Choose Paris Region<\/a> accompagne plus de 40 entreprises victoriennes dans leur projet d\u2019investissement en Ile-de-France \u00bb, souligne le Conseil r\u00e9gional.<\/p>\n<p>D\u2019autres domaines sont cibl\u00e9s tels que \u00ab l\u2019excellence sportive \u00bb\u00a0(via un partage d\u2019expertise sur l\u2019organisation des grands \u00e9v\u00e9nements sportifs ou sur les solutions technologiques dans le domaine du sport), \u00ab l\u2019excellence culturelle \u00bb dans le domaine des industries cr\u00e9atives (arts du spectacle, arts visuels, musique, design, d\u00e9veloppement de jeux num\u00e9riques, cin\u00e9ma, t\u00e9l\u00e9vision, mode, litt\u00e9rature et l\u2019\u00e9dition), ou encore la recherche et l\u2019innovation en favorisant les partenariats, \u00ab\u00a0notamment entre l\u2019industrie et les universit\u00e9s\u00a0\u00bb.\u00a0<\/p>\n<p>Cette coop\u00e9ration vise aussi \u00e0 \u00ab promouvoir la diversit\u00e9, l\u2019inclusion et la participation accrue des femmes en menant des \u00e9v\u00e9nements communs pour mettre en valeur l\u2019engagement et les leaders f\u00e9minines dans tous les secteurs, \u00e0 travers, notamment, le Global Victoria Women, un organisme d\u00e9di\u00e9 \u00e0 la promotion et au soutien de l\u2019entreprenariat f\u00e9minin \u00bb, compl\u00e8te et explique la R\u00e9gion.<\/p>\n<p>\n            [auto_promo_mpl_cutom url=\u00a0\u00bbhttps:\/\/mapresselocale.fr\/titres\/l-echo-d-ile-de-france\u00a0\u00bb]        <\/p>\n","protected":false},"excerpt":{"rendered":"Ce jeudi, la pr\u00e9sidente de l\u2019Ile-de-France Val\u00e9rie P\u00e9cresse a sign\u00e9 un accord de coop\u00e9ration avec Tim Pallas, le&hellip;\n","protected":false},"author":2,"featured_media":143741,"comment_status":"","ping_status":"","sticky":false,"template":"","format":"standard","meta":{"footnotes":""},"categories":[1592],"tags":[27188,1111,11,5035,20741,251,27189,27190,1777,674,1011,27,662,15498,5701,12,626,959,25,517,27191,2542,4494,27192],"class_list":{"0":"post-143740","1":"post","2":"type-post","3":"status-publish","4":"format-standard","5":"has-post-thumbnail","7":"category-ile-de-france","8":"tag-accord-de-coopu00e9ration","9":"tag-actu","10":"tag-actualites","11":"tag-australie","12":"tag-conseil-ru00e9gional","13":"tag-culture","14":"tag-diversitu00e9","15":"tag-etat-du-victoria","16":"tag-eu","17":"tag-europe","18":"tag-fr","19":"tag-france","20":"tag-ile-de-france","21":"tag-inclusion","22":"tag-innovation","23":"tag-news","24":"tag-paris","25":"tag-recherche","26":"tag-republique-francaise","27":"tag-sport","28":"tag-tim-pallas","29":"tag-u00e9conomie","30":"tag-valu00e9rie-pu00e9cresse","31":"tag-victoria"},"share_on_mastodon":{"url":"https:\/\/pubeurope.com\/@fr\/114607482684530585","error":""},"_links":{"self":[{"href":"https:\/\/www.europesays.com\/fr\/wp-json\/wp\/v2\/posts\/143740","targetHints":{"allow":["GET"]}}],"collection":[{"href":"https:\/\/www.europesays.com\/fr\/wp-json\/wp\/v2\/posts"}],"about":[{"href":"https:\/\/www.europesays.com\/fr\/wp-json\/wp\/v2\/types\/post"}],"author":[{"embeddable":true,"href":"https:\/\/www.europesays.com\/fr\/wp-json\/wp\/v2\/users\/2"}],"replies":[{"embeddable":true,"href":"https:\/\/www.europesays.com\/fr\/wp-json\/wp\/v2\/comments?post=143740"}],"version-history":[{"count":0,"href":"https:\/\/www.europesays.com\/fr\/wp-json\/wp\/v2\/posts\/143740\/revisions"}],"wp:featuredmedia":[{"embeddable":true,"href":"https:\/\/www.europesays.com\/fr\/wp-json\/wp\/v2\/media\/143741"}],"wp:attachment":[{"href":"https:\/\/www.europesays.com\/fr\/wp-json\/wp\/v2\/media?parent=143740"}],"wp:term":[{"taxonomy":"category","embeddable":true,"href":"https:\/\/www.europesays.com\/fr\/wp-json\/wp\/v2\/categories?post=143740"},{"taxonomy":"post_tag","embeddable":true,"href":"https:\/\/www.europesays.com\/fr\/wp-json\/wp\/v2\/tags?post=143740"}],"curies":[{"name":"wp","href":"https:\/\/api.w.org\/{rel}","templated":true}]}}