{"id":143746,"date":"2025-06-01T09:51:09","date_gmt":"2025-06-01T09:51:09","guid":{"rendered":"https:\/\/www.europesays.com\/fr\/143746\/"},"modified":"2025-06-01T09:51:09","modified_gmt":"2025-06-01T09:51:09","slug":"les-heros-parisiens-attendus-a-paris-pour-feter-leur-triomphe","status":"publish","type":"post","link":"https:\/\/www.europesays.com\/fr\/143746\/","title":{"rendered":"les h\u00e9ros parisiens attendus \u00e0 Paris pour f\u00eater leur triomphe"},"content":{"rendered":"<p>Apr\u00e8s leur sacre historique en Ligue des champions samedi face \u00e0 l&rsquo;Inter Milan (5-0), les h\u00e9ros parisiens sont attendus dimanche apr\u00e8s-midi \u00e0 Paris pour \u00eatre port\u00e9s en triomphe par leurs supporters.<\/p>\n<p>Dans la nuit de Munich, ils ont \u00e9crit, avec la fougue de la jeunesse et la vista de leur entra\u00eeneur Luis Enrique, l&rsquo;histoire du PSG et du foot europ\u00e9en. Mais aussi un moment de t\u00e9l\u00e9vision: 11,8 millions de personnes ont suivi la finale sur Canal+ et M6.<\/p>\n<p>Au m\u00eame moment, les sc\u00e8nes de liesse se multipliaient dans la capitale en \u00e9bullition, avec des rassemblements de supporters autour du Parc des Princes et des Champs-Elys\u00e9es, ivres de joie apr\u00e8s des ann\u00e9es d&rsquo;\u00e9liminations frustrantes.<\/p>\n<p>Les c\u00e9l\u00e9brations ont dur\u00e9 toute la nuit dans les rues de Paris et ailleurs en France, \u00e9maill\u00e9es parfois de violences qui ont conduit \u00e0 559 interpellations dans tout le pays. A Dax, un mineur de 17 ans a \u00e9t\u00e9 tu\u00e9 au couteau. A Paris, un homme \u00e0 scooter est d\u00e9c\u00e9d\u00e9 apr\u00e8s avoir \u00e9t\u00e9 percut\u00e9 par une voiture. Et dans la Manche, un policier a \u00e9t\u00e9 plac\u00e9 en coma artificiel apr\u00e8s avoir \u00e9t\u00e9 bless\u00e9 &#8211; a priori accidentellement &#8211; par un tir de mortiers d&rsquo;artifice.<\/p>\n<p>A Grenoble, une voiture a percut\u00e9 la foule, faisant quatre bless\u00e9s dont deux graves. L&rsquo;acte n&rsquo;\u00e9tait pas intentionnel, selon une source proche du dossier.<\/p>\n<p>Dans les couloirs de l&rsquo;Allianz Arena, les co\u00e9quipiers du capitaine Marquinhos avaient tous du mal \u00e0 mettre des mots sur ce qu&rsquo;ils venaient de r\u00e9aliser: remporter la premi\u00e8re Ligue des champions de l&rsquo;histoire du PSG, et avec le plus grand \u00e9cart de buts de l&rsquo;histoire de la comp\u00e9tition (5-0).<\/p>\n<p>\u00ab\u00a0Je n&rsquo;arrive pas \u00e0 r\u00e9aliser, je pense que demain on va r\u00e9aliser, commentait le jeune \u00ab\u00a0titi\u00a0\u00bb Senny Mayulu, 19 ans et buteur en finale. Dans le vestiaire, tout le monde a craqu\u00e9 \u00e0 sa mani\u00e8re, on le voyait dans leurs yeux, les gens \u00e9taient remplis de joie, de fiert\u00e9\u00a0\u00bb.<\/p>\n<p>Les Parisiens r\u00e9aliseront forc\u00e9ment leur performance m\u00e9morable au moment d&rsquo;\u00eatre f\u00eat\u00e9s en h\u00e9ros par la capitale: des sc\u00e8nes que r\u00eavent de vivre Marquinhos, Presnel Kimpembe, les propri\u00e9taires qataris et les fans parisiens depuis tant d&rsquo;ann\u00e9es.<\/p>\n<p>&#8211; Champs-Elys\u00e9es, Elys\u00e9e, Parc des Princes &#8211;<\/p>\n<p>Apr\u00e8s une tr\u00e8s courte nuit, les Parisiens vont d\u00e9coller en d\u00e9but d&rsquo;apr\u00e8s-midi pour Paris o\u00f9 ils atterriront vers 15h30 \u00e0 l&rsquo;a\u00e9roport de Roissy. Ils seront escort\u00e9s ensuite jusqu&rsquo;aux Champs-Elys\u00e9es o\u00f9 100.000 supporters sont attendus: les joueurs et le staff de Luis Enrique d\u00e9fileront dans un bus \u00e0 imp\u00e9riale pendant plus d&rsquo;une heure, avec la Coupe aux grandes oreilles \u00e0 partir de 17h00 sur la plus c\u00e9l\u00e8bre avenue du monde, ferm\u00e9e \u00e0 la circulation.<\/p>\n<p>Puis les joueurs seront re\u00e7us par Emmanuel Macron \u00e0 l&rsquo;Elys\u00e9e. Ils se rendront ensuite au Parc des Princes pour une \u00ab\u00a0c\u00e9l\u00e9bration inoubliable\u00a0\u00bb avec des concerts, assure le club.<\/p>\n<p>\u00ab\u00a0Tout le monde m\u00e9rite de savourer ce titre. Les gens \u00e0 Paris et au Parc, dans le monde entier\u00a0\u00bb, savourait de son c\u00f4t\u00e9 Marquinhos, le seul survivant de la d\u00e9faite en finale en 2020 et de bon nombre de d\u00e9sillusions avec Presnel Kimpembe. Les deux \u00e9taient en larmes sur le terrain au coup de sifflet final.<\/p>\n<p>&#8211; Klaxons &#8211;<\/p>\n<p>Dimanche matin, la presse europ\u00e9enne a salu\u00e9 le sacre in\u00e9dit de la \u00ab\u00a0jeunesse\u00a0\u00bb du PSG: \u00ab\u00a0Dans une performance qui pourrait \u00eatre expos\u00e9e au Louvre, D\u00e9sir\u00e9 Dou\u00e9 s&rsquo;est livr\u00e9 \u00e0 un d\u00e9cha\u00eenement d&rsquo;adolescent au coeur d&rsquo;une d\u00e9fense de l&rsquo;Inter Milan \u00e2g\u00e9e\u00a0\u00bb, a comment\u00e9 le journal anglais The Sun.<\/p>\n<p>Le jeune Fran\u00e7ais a \u00e9clabouss\u00e9 la finale de son aisance technique, son calme, un doubl\u00e9 et une passe d\u00e9cisive, ce qui n&rsquo;avait jamais \u00e9t\u00e9 r\u00e9alis\u00e9 avant lui dans une finale.<\/p>\n<p>Impliqu\u00e9 sur trois buts dont deux passes d\u00e9cisives, Ousmane Demb\u00e9l\u00e9 s&rsquo;est aussi peut-\u00eatre rapproch\u00e9 du Ballon d&rsquo;Or, m\u00eame si le fait de ne pas avoir marqu\u00e9 pourrait lui co\u00fbter des votes. Il a celui de son entra\u00eeneur Luis Enrique, qui l&rsquo;a clam\u00e9 haut et fort samedi.<\/p>\n<p>Justement, pour Marquinhos, l&rsquo;explication simple de ce succ\u00e8s \u00e9clatant \u00ab\u00a0s&rsquo;appelle Luis Enrique\u00a0\u00bb: \u00ab\u00a0M\u00eame quand des gens n&rsquo;y croyaient pas, lui croyait tout seul, avec nous et il \u00e9tait fier, et on voit aujourd&rsquo;hui le r\u00e9sultat\u00a0\u00bb. \u00ab\u00a0Il voit le mental, l&rsquo;\u00e9quilibre de l&rsquo;\u00e9quipe, il voit les choses, il a l&rsquo;exp\u00e9rience\u00a0\u00bb, a-t-il ajout\u00e9 devant la presse, alors que le bus parisien l&rsquo;attendait dans un joyeux brouhaha et \u00e0 coups de klaxons.<\/p>\n<p>Apr\u00e8s des heures de f\u00eate s&rsquo;ensuivront quelques jours de repos. Mais ils devront vite se replonger dans l&rsquo;ambiance de comp\u00e9tition puisqu&rsquo;ils joueront la Coupe du monde des clubs (14 juin &#8211; 13 juillet) aux Etats-Unis.<\/p>\n<p>Puis, le 13 ao\u00fbt, ils affronteront Tottenham, qui a remport\u00e9 la Ligue Europa, en finale de la Supercoupe. <\/p>\n<p>ali-bap\/kn\/bm\/ig<\/p>\n","protected":false},"excerpt":{"rendered":"Apr\u00e8s leur sacre historique en Ligue des champions samedi face \u00e0 l&rsquo;Inter Milan (5-0), les h\u00e9ros parisiens sont&hellip;\n","protected":false},"author":2,"featured_media":143747,"comment_status":"","ping_status":"","sticky":false,"template":"","format":"standard","meta":{"footnotes":""},"categories":[1888],"tags":[1111,1928,11,1927,1640,1777,674,1011,27,27076,447,921,791,12,1926,2782,2334,626,1925,14418,93,25,1615],"class_list":{"0":"post-143746","1":"post","2":"type-post","3":"status-publish","4":"format-standard","5":"has-post-thumbnail","7":"category-paris","8":"tag-actu","9":"tag-actu-paris","10":"tag-actualites","11":"tag-actualites-paris","12":"tag-desire-doue","13":"tag-eu","14":"tag-europe","15":"tag-fr","16":"tag-france","17":"tag-linter-milan","18":"tag-ligue-des-champions","19":"tag-luis-enrique","20":"tag-marquinhos","21":"tag-news","22":"tag-news-paris","23":"tag-ousmane-dembele","24":"tag-parc-des-princes","25":"tag-paris","26":"tag-paris-news","27":"tag-presnel-kimpembe","28":"tag-psg","29":"tag-republique-francaise","30":"tag-senny-mayulu"},"share_on_mastodon":{"url":"https:\/\/pubeurope.com\/@fr\/114607494519254759","error":""},"_links":{"self":[{"href":"https:\/\/www.europesays.com\/fr\/wp-json\/wp\/v2\/posts\/143746","targetHints":{"allow":["GET"]}}],"collection":[{"href":"https:\/\/www.europesays.com\/fr\/wp-json\/wp\/v2\/posts"}],"about":[{"href":"https:\/\/www.europesays.com\/fr\/wp-json\/wp\/v2\/types\/post"}],"author":[{"embeddable":true,"href":"https:\/\/www.europesays.com\/fr\/wp-json\/wp\/v2\/users\/2"}],"replies":[{"embeddable":true,"href":"https:\/\/www.europesays.com\/fr\/wp-json\/wp\/v2\/comments?post=143746"}],"version-history":[{"count":0,"href":"https:\/\/www.europesays.com\/fr\/wp-json\/wp\/v2\/posts\/143746\/revisions"}],"wp:featuredmedia":[{"embeddable":true,"href":"https:\/\/www.europesays.com\/fr\/wp-json\/wp\/v2\/media\/143747"}],"wp:attachment":[{"href":"https:\/\/www.europesays.com\/fr\/wp-json\/wp\/v2\/media?parent=143746"}],"wp:term":[{"taxonomy":"category","embeddable":true,"href":"https:\/\/www.europesays.com\/fr\/wp-json\/wp\/v2\/categories?post=143746"},{"taxonomy":"post_tag","embeddable":true,"href":"https:\/\/www.europesays.com\/fr\/wp-json\/wp\/v2\/tags?post=143746"}],"curies":[{"name":"wp","href":"https:\/\/api.w.org\/{rel}","templated":true}]}}