{"id":143750,"date":"2025-06-01T09:53:10","date_gmt":"2025-06-01T09:53:10","guid":{"rendered":"https:\/\/www.europesays.com\/fr\/143750\/"},"modified":"2025-06-01T09:53:10","modified_gmt":"2025-06-01T09:53:10","slug":"des-debordements-a-poitiers-apres-le-titre-du-paris-saint-germain","status":"publish","type":"post","link":"https:\/\/www.europesays.com\/fr\/143750\/","title":{"rendered":"Des d\u00e9bordements \u00e0 Poitiers apr\u00e8s le titre du Paris Saint-Germain"},"content":{"rendered":"<p>Dans la Vienne aussi, il y a eu des sc\u00e8nes de liesse apr\u00e8s <a target=\"_self\" href=\"https:\/\/www.lanouvellerepublique.fr\/a-la-une\/ligue-des-champions-doue-offre-le-titre-europeen-tant-desire-au-paris-saint-germain-1748725903\" rel=\"noopener\">la victoire du Paris Saint-Germain contre l\u2019Inter Milan en finale de la Ligue des Champions de football (5-0)<\/a>, samedi 31\u00a0mai 2025. Porte de Paris \u00e0 Poitiers et boulevard Blossac \u00e0 Ch\u00e2tellerault, certains se sont rassembl\u00e9s pour f\u00eater cet exploit \u00e0 coups de klaxon.<\/p>\n<p>Dans le quartier des Couronneries \u00e0 Poitiers aussi, mais des d\u00e9bordements ont eu lieu. Des marques d\u2019hostilit\u00e9 ont \u00e9t\u00e9 constat\u00e9es par les forces de l\u2019ordre envers une voiture de police qui passait. Des containers de poubelles ont \u00e9t\u00e9 br\u00fbl\u00e9s. Sur place le lendemain, il y a encore des traces.<\/p>\n<p>Devant le commissariat place de Coimbra, le rideau de fer porte les marques du feu, et les d\u00e9bris d\u2019un container de poubelle jonchent le sol.<\/p>\n<p>Aucun bless\u00e9 n\u2019est \u00e0 d\u00e9plorer. Une enqu\u00eate a \u00e9t\u00e9 ouverte pour ces agissements.<\/p>\n","protected":false},"excerpt":{"rendered":"Dans la Vienne aussi, il y a eu des sc\u00e8nes de liesse apr\u00e8s la victoire du Paris Saint-Germain&hellip;\n","protected":false},"author":2,"featured_media":143751,"comment_status":"","ping_status":"","sticky":false,"template":"","format":"standard","meta":{"footnotes":""},"categories":[1888],"tags":[1392,11,19489,1777,674,274,1011,27,12,626,1653,25,1584],"class_list":{"0":"post-143750","1":"post","2":"type-post","3":"status-publish","4":"format-standard","5":"has-post-thumbnail","7":"category-paris","8":"tag-a-la-une-local","9":"tag-actualites","10":"tag-chatellerault","11":"tag-eu","12":"tag-europe","13":"tag-faits-divers-justice","14":"tag-fr","15":"tag-france","16":"tag-news","17":"tag-paris","18":"tag-poitiers","19":"tag-republique-francaise","20":"tag-vienne"},"share_on_mastodon":{"url":"https:\/\/pubeurope.com\/@fr\/114607502312330625","error":""},"_links":{"self":[{"href":"https:\/\/www.europesays.com\/fr\/wp-json\/wp\/v2\/posts\/143750","targetHints":{"allow":["GET"]}}],"collection":[{"href":"https:\/\/www.europesays.com\/fr\/wp-json\/wp\/v2\/posts"}],"about":[{"href":"https:\/\/www.europesays.com\/fr\/wp-json\/wp\/v2\/types\/post"}],"author":[{"embeddable":true,"href":"https:\/\/www.europesays.com\/fr\/wp-json\/wp\/v2\/users\/2"}],"replies":[{"embeddable":true,"href":"https:\/\/www.europesays.com\/fr\/wp-json\/wp\/v2\/comments?post=143750"}],"version-history":[{"count":0,"href":"https:\/\/www.europesays.com\/fr\/wp-json\/wp\/v2\/posts\/143750\/revisions"}],"wp:featuredmedia":[{"embeddable":true,"href":"https:\/\/www.europesays.com\/fr\/wp-json\/wp\/v2\/media\/143751"}],"wp:attachment":[{"href":"https:\/\/www.europesays.com\/fr\/wp-json\/wp\/v2\/media?parent=143750"}],"wp:term":[{"taxonomy":"category","embeddable":true,"href":"https:\/\/www.europesays.com\/fr\/wp-json\/wp\/v2\/categories?post=143750"},{"taxonomy":"post_tag","embeddable":true,"href":"https:\/\/www.europesays.com\/fr\/wp-json\/wp\/v2\/tags?post=143750"}],"curies":[{"name":"wp","href":"https:\/\/api.w.org\/{rel}","templated":true}]}}