{"id":143756,"date":"2025-06-01T09:56:13","date_gmt":"2025-06-01T09:56:13","guid":{"rendered":"https:\/\/www.europesays.com\/fr\/143756\/"},"modified":"2025-06-01T09:56:13","modified_gmt":"2025-06-01T09:56:13","slug":"les-produits-pharmaceutiques-sont-ils-la-troisieme-cause-de-mortalite-aux-etats-unis-comme-le-clame-robert-kennedy-jr","status":"publish","type":"post","link":"https:\/\/www.europesays.com\/fr\/143756\/","title":{"rendered":"Les produits pharmaceutiques sont-ils la troisi\u00e8me cause de mortalit\u00e9 aux Etats-Unis, comme le clame Robert Kennedy\u00a0Jr.\u00a0?"},"content":{"rendered":"<p>Un ministre de la Sant\u00e9 <a href=\"https:\/\/www.20minutes.fr\/sante\/anti-vaccin\/\" class=\"color-ultramarine c-link\" rel=\"nofollow noopener\" target=\"_blank\">antivax <\/a>qui part en guerre contre \u00ab\u00a0Big Pharma\u00a0\u00bb\u00a0? Impossible\u2026 sauf dans l\u2019Am\u00e9rique de Donald Trump. En charge de la Sant\u00e9 et des Services sociaux aux \u00c9tats-Unis, <a href=\"https:\/\/www.20minutes.fr\/monde\/robert-kennedy-jr\/\" class=\"color-ultramarine c-link\" rel=\"nofollow noopener\" target=\"_blank\">Robert Kennedy\u00a0Jr<\/a> a encha\u00een\u00e9 les pol\u00e9miques, que ce soit \u00e0 propos du<a href=\"https:\/\/www.20minutes.fr\/sante\/4154572-20250520-covid-19-etats-unis-vont-restreindre-acces-vaccins\" class=\"color-ultramarine c-link\" rel=\"nofollow noopener\" target=\"_blank\"> Covid-19<\/a>, de<a href=\"https:\/\/www.20minutes.fr\/monde\/etats-unis\/4148182-20250411-etats-unis-annonce-spectaculaire-contestee-ministre-sante-autisme\" class=\"color-ultramarine c-link\" rel=\"nofollow noopener\" target=\"_blank\"> l\u2019autisme<\/a> ou de<a href=\"https:\/\/www.20minutes.fr\/monde\/etats-unis\/4144553-20250320-etats-unis-robert-kennedy-jr-convictions-religieuses-point-epidemie-mortelle-rougeole\" class=\"color-ultramarine c-link\" rel=\"nofollow noopener\" target=\"_blank\"> la rougeole<\/a>.<\/p>\n<p>Lors d\u2019une interview sur Fox News ce 8\u00a0mai, il lance une nouvelle bombe\u00a0: les produits pharmaceutiques seraient la troisi\u00e8me cause de mortalit\u00e9 aux \u00c9tats-Unis apr\u00e8s le cancer et les arr\u00eats cardiaques. Il l\u2019avait d\u2019ailleurs <a href=\"https:\/\/www.congress.gov\/event\/119th-congress\/senate-event\/LC74210\/text\" rel=\"nofollow noopener\" target=\"_blank\" class=\"color-ultramarine c-link\">d\u00e9j\u00e0<\/a> affirm\u00e9 au S\u00e9nat le 30\u00a0janvier. Sans surprise, l\u2019info est reprise sur les r\u00e9seaux sociaux. L\u2019extrait de <a href=\"https:\/\/www.20minutes.fr\/dossier\/fox_news\" class=\"color-ultramarine c-link\" rel=\"nofollow noopener\" target=\"_blank\">Fox News<\/a> fait plus de 460.000 vues sur <a href=\"https:\/\/x.com\/AutismCapital\/status\/1920626074326872379\" rel=\"nofollow\" target=\"_blank\" class=\"color-ultramarine c-link\">ce post X<\/a>, plus de 100.000 sur <a href=\"https:\/\/x.com\/DiedSuddenly_\/status\/1920687626186580360\" rel=\"nofollow\" target=\"_blank\" class=\"color-ultramarine c-link\">celui-ci<\/a> et quelques dizaines de milliers d\u2019autres <a href=\"https:\/\/x.com\/wideawake_media\/status\/1925847713234530601\" rel=\"nofollow\" target=\"_blank\" class=\"color-ultramarine c-link\">ici<\/a> ou <a href=\"https:\/\/x.com\/5dme81\/status\/1926982524472852789\" rel=\"nofollow\" target=\"_blank\" class=\"color-ultramarine c-link\">l\u00e0<\/a>. La vid\u00e9o se retrouve aussi sur <a href=\"https:\/\/www.facebook.com\/healthpill1\/videos\/4048600448686470\" rel=\"nofollow noopener\" target=\"_blank\" class=\"color-ultramarine c-link\">Facebook<\/a> et <a href=\"https:\/\/www.instagram.com\/reel\/DJcHmD7t-vg\/\" rel=\"nofollow noopener\" target=\"_blank\" class=\"color-ultramarine c-link\">Instagram<\/a>.<\/p>\n<p><img decoding=\"async\" alt=\"La vid\u00e9o de Fox News reprise sur X.\" class=\"c-img\" loading=\"lazy\" fetchpriority=\"auto\" width=\"718\"  src=\"https:\/\/www.europesays.com\/fr\/wp-content\/uploads\/2025\/06\/718x0.jpeg; charset=utf-8\" \/>La vid\u00e9o de Fox News reprise sur X.\u2002-\u00a0Capture d&rsquo;\u00e9cran X<\/p>\n<p>Avant de vider votre armoire \u00e0 pharmacie dans les toilettes, restez avec nous le temps de v\u00e9rifier.<\/p>\n<p>FAKE OFF<\/p>\n<p>\u00c0 toutes fins utiles, on commencera par rappeler que les m\u00e9dicaments non utilis\u00e9s ne doivent surtout pas \u00eatre jet\u00e9s, mais <a href=\"https:\/\/www.20minutes.fr\/sante\/4077430-20240222-recyclage-fais-quoi-medicaments-non-utilises-dorment-placards\" class=\"color-ultramarine c-link\" rel=\"nofollow noopener\" target=\"_blank\">ramen\u00e9s \u00e0 la pharmacie<\/a>.<\/p>\n<p>Ce point \u00e9tant fait, penchons-nous sur la source du ministre am\u00e9ricain\u00a0: lors de son audition au S\u00e9nat, il a pr\u00e9cis\u00e9 qu\u2019il s\u2019agissait d\u2019une \u00ab\u00a0\u00e9tude r\u00e9cente\u00a0\u00bb d\u2019un certain Peter G\u00f8tzsche. Ce m\u00e9decin danois est lui aussi <a href=\"https:\/\/fr.wikipedia.org\/wiki\/Peter_C._G%C3%B8tzsche\" rel=\"nofollow noopener\" target=\"_blank\" class=\"color-ultramarine c-link\">habitu\u00e9 des pol\u00e9miques<\/a>, au point d\u2019avoir \u00e9t\u00e9 <a href=\"https:\/\/www.lemonde.fr\/sciences\/article\/2018\/09\/21\/la-cochrane-parangon-mondial-de-la-medecine-fondee-sur-la-preuve-en-pleine-crise_5358046_1650684.html\" rel=\"nofollow noopener\" target=\"_blank\" class=\"color-ultramarine c-link\">expuls\u00e9 en\u00a02018<\/a> de l\u2019ONG scientifique qu\u2019il avait cofond\u00e9e vingt-cinq ans plus t\u00f4t. Quant \u00e0 <a href=\"https:\/\/pubmed.ncbi.nlm.nih.gov\/25355584\/\" rel=\"nofollow noopener\" target=\"_blank\" class=\"color-ultramarine c-link\">l\u2019\u00e9tude cit\u00e9e<\/a>, elle n\u2019est pas si \u00ab\u00a0r\u00e9cente\u00a0\u00bb que \u00e7a puisqu\u2019elle remonte \u00e0\u00a02014. Selon <a href=\"https:\/\/www.newsguardrealitycheck.com\/p\/biden-not-suffering-from-turbo-cancer\" rel=\"nofollow noopener\" target=\"_blank\" class=\"color-ultramarine c-link\">le site Newsguard<\/a>, qui a pu la consulter, ce qu\u2019elle affirme n\u2019est \u00e9tay\u00e9 par aucune donn\u00e9e fiable.<\/p>\n<p>De surcro\u00eet, elle contredit les chiffres institutionnels. Selon le CDC (l\u2019agence am\u00e9ricaine de protection de la sant\u00e9 publique), les dix principales causes de mortalit\u00e9s outre-Atlantique <a href=\"https:\/\/www.cdc.gov\/nchs\/data\/databriefs\/db229.pdf\" rel=\"nofollow noopener\" target=\"_blank\" class=\"color-ultramarine c-link\">en\u00a02014<\/a> \u00e9taient bien les arr\u00eats cardiaques et les cancers\u2026 suivis des troubles respiratoires, des blessures accidentelles, des AVC, de la maladie d\u2019Alzheimer, du diab\u00e8te, de l\u2019influenza et de la pneumonie, des troubles r\u00e9naux et des suicides. Nulle trace, dans ces statistiques, des produits pharmaceutiques. Des donn\u00e9es plus r\u00e9centes, qui remontent <a href=\"https:\/\/www.cdc.gov\/nchs\/fastats\/leading-causes-of-death.htm\" rel=\"nofollow noopener\" target=\"_blank\" class=\"color-ultramarine c-link\">\u00e0\u00a02022<\/a>, voient les accidents prendre la troisi\u00e8me place du classement\u2026 mais n\u2019\u00e9voquent toujours pas les m\u00e9dicaments (et ce, d\u2019ailleurs, malgr\u00e9 <a href=\"https:\/\/www.20minutes.fr\/monde\/3338967-20220821-etats-unis-pourquoi-americains-parviennent-sortir-crise-opiaces\" class=\"color-ultramarine c-link\" rel=\"nofollow noopener\" target=\"_blank\">la crise des opiac\u00e9s<\/a> qui frappe le continent nord-am\u00e9ricain).<\/p>\n<\/p>\n<p>Par curiosit\u00e9, penchons-nous sur les chiffres fran\u00e7ais\u00a0: <a href=\"https:\/\/drees.solidarites-sante.gouv.fr\/sites\/default\/files\/2021-01\/Principales%20causes%20de%20d%C3%A9c%C3%A8s%20et%20de%20morbidite.pdf\" rel=\"nofollow noopener\" target=\"_blank\" class=\"color-ultramarine c-link\">en\u00a02022<\/a>, le \u00ab\u00a0top 5\u00a0\u00bb des causes de mortalit\u00e9 \u00e9tait chez nous constitu\u00e9 des cancers, des maladies cardiovasculaires, des maladies de l\u2019appareil respiratoire (hors Covid-19), des accidents, suicides et homicides, et enfin du Covid-19.<\/p>\n<p>Et au niveau mondial\u00a0? Pour l\u2019ann\u00e9e\u00a02021, <a href=\"https:\/\/www.who.int\/news-room\/fact-sheets\/detail\/the-top-10-causes-of-death\" rel=\"nofollow noopener\" target=\"_blank\" class=\"color-ultramarine c-link\">les statistiques de l\u2019OMS<\/a> \u00e9voquent les troubles cardiaques, le Covid-19, les <a href=\"https:\/\/www.20minutes.fr\/dossier\/avc\" class=\"color-ultramarine c-link\" rel=\"nofollow noopener\" target=\"_blank\">AVC<\/a>, les troubles pulmonaires, les infections respiratoires, les cancers, la maladie d\u2019<a href=\"https:\/\/www.20minutes.fr\/dossier\/alzheimer\" class=\"color-ultramarine c-link\" rel=\"nofollow noopener\" target=\"_blank\">Alzheimer<\/a>, le <a href=\"https:\/\/www.20minutes.fr\/dossier\/diabete\" class=\"color-ultramarine c-link\" rel=\"nofollow noopener\" target=\"_blank\">diab\u00e8te<\/a>, les troubles r\u00e9naux et la tuberculose\u2026 mais toujours pas les produits pharmaceutiques.<\/p>\n<p><script async src=\"\/\/www.instagram.com\/embed.js\"><\/script><\/p>\n","protected":false},"excerpt":{"rendered":"Un ministre de la Sant\u00e9 antivax qui part en guerre contre \u00ab\u00a0Big Pharma\u00a0\u00bb\u00a0? Impossible\u2026 sauf dans l\u2019Am\u00e9rique de&hellip;\n","protected":false},"author":2,"featured_media":143757,"comment_status":"","ping_status":"","sticky":false,"template":"","format":"standard","meta":{"footnotes":""},"categories":[1589],"tags":[47,11,73,1866,841,842,840,224,225,6968,12,13973,71,5699,104,1864,1865,1863,308],"class_list":{"0":"post-143756","1":"post","2":"type-post","3":"status-publish","4":"format-standard","5":"has-post-thumbnail","7":"category-etats-unis","8":"tag-actualite","9":"tag-actualites","10":"tag-etats-unis","11":"tag-etats-unis-damerique","12":"tag-fact-checking-fake-off","13":"tag-fake-news","14":"tag-fake-off","15":"tag-medecine","16":"tag-medicament","17":"tag-mortalite","18":"tag-news","19":"tag-robert-kennedy-jr","20":"tag-sante","21":"tag-sante-publique","22":"tag-societe","23":"tag-united-states","24":"tag-united-states-of-america","25":"tag-us","26":"tag-usa"},"share_on_mastodon":{"url":"https:\/\/pubeurope.com\/@fr\/114607514180123418","error":""},"_links":{"self":[{"href":"https:\/\/www.europesays.com\/fr\/wp-json\/wp\/v2\/posts\/143756","targetHints":{"allow":["GET"]}}],"collection":[{"href":"https:\/\/www.europesays.com\/fr\/wp-json\/wp\/v2\/posts"}],"about":[{"href":"https:\/\/www.europesays.com\/fr\/wp-json\/wp\/v2\/types\/post"}],"author":[{"embeddable":true,"href":"https:\/\/www.europesays.com\/fr\/wp-json\/wp\/v2\/users\/2"}],"replies":[{"embeddable":true,"href":"https:\/\/www.europesays.com\/fr\/wp-json\/wp\/v2\/comments?post=143756"}],"version-history":[{"count":0,"href":"https:\/\/www.europesays.com\/fr\/wp-json\/wp\/v2\/posts\/143756\/revisions"}],"wp:featuredmedia":[{"embeddable":true,"href":"https:\/\/www.europesays.com\/fr\/wp-json\/wp\/v2\/media\/143757"}],"wp:attachment":[{"href":"https:\/\/www.europesays.com\/fr\/wp-json\/wp\/v2\/media?parent=143756"}],"wp:term":[{"taxonomy":"category","embeddable":true,"href":"https:\/\/www.europesays.com\/fr\/wp-json\/wp\/v2\/categories?post=143756"},{"taxonomy":"post_tag","embeddable":true,"href":"https:\/\/www.europesays.com\/fr\/wp-json\/wp\/v2\/tags?post=143756"}],"curies":[{"name":"wp","href":"https:\/\/api.w.org\/{rel}","templated":true}]}}