{"id":143759,"date":"2025-06-01T09:58:14","date_gmt":"2025-06-01T09:58:14","guid":{"rendered":"https:\/\/www.europesays.com\/fr\/143759\/"},"modified":"2025-06-01T09:58:14","modified_gmt":"2025-06-01T09:58:14","slug":"google-maps-indique-par-erreur-des-autoroutes-fermees-et-seme-la-pagaille-dans-tout-le-pays-2","status":"publish","type":"post","link":"https:\/\/www.europesays.com\/fr\/143759\/","title":{"rendered":"Google Maps indique par erreur des autoroutes ferm\u00e9es\u2026 et s\u00e8me la pagaille dans tout le pays"},"content":{"rendered":"<p>AFP Videos &#8211; France<\/p>\n<p><a class=\"Td(n) C($inherit) LineClamp(2,45px) D(f) rapidnofollow\" data-uuid=\"b7821556-c582-3604-adf5-10eb746894f0\" href=\"https:\/\/fr.news.yahoo.com\/suisse-glacier-birch-sest-effondr%C3%A9-152624868.html\" data-ylk=\"elm:hdln;itc:0;pos:1;sec:strm;subsec:moreforyou;cpos:21;ct:video;g:b7821556-c582-3604-adf5-10eb746894f0\" data-hosted-type=\"HOSTED\" target=\"_blank\" rel=\"noopener\">Suisse: comment le glacier du Birch s&rsquo;est effondr\u00e9<\/a><\/p>\n<p class=\"M(0) C($summaryColor) Fz(14px) Lh(1.43em) LineClamp(3,60px)\">Une s\u00e9rie d&rsquo;\u00e9v\u00e9nements en cascade dans les Alpes suisses a entra\u00een\u00e9 l&rsquo;effondrement spectaculaire du glacier de Birch, enterrant un petit village sous des millions de tonnes de gravats, ont indiqu\u00e9 vendredi des glaciologues \u00e0 l&rsquo;AFP, qui estiment qu&rsquo;il est trop t\u00f4t pour prouver scientifiquement le r\u00f4le exact du changement climatique.\u00a0Si les experts ont su quelques jours \u00e0 l&rsquo;avance que la rupture catastrophique du glacier \u00e9tait in\u00e9luctable, les raisons de l&rsquo;\u00e9boulement sont bien plus anciennes.\u00a0\u00ab\u00a0On peut parler d&rsquo;un \u00e9v\u00e9nement en cascade, car diff\u00e9rents processus sont en jeu\u00a0\u00bb, a expliqu\u00e9 Christophe Lambiel, ma\u00eetre d&rsquo;enseignement et de recherche \u00e0 l&rsquo;Institut des dynamiques de la surface terrestre de l&rsquo;Universit\u00e9 de Lausanne, \u00e0 l&rsquo;AFP.\u00a0&#8211; Montagne instable :Le Petit Nesthorn, culminant \u00e0 3.342\u00a0m\u00e8tres et surplombant le glacier, \u00e9tait d\u00e9j\u00e0 quelque peu instable, et les chutes de pierres se sont acc\u00e9l\u00e9r\u00e9es de mani\u00e8re spectaculaire une dizaine de jours avant la catastrophe.\u00a0Trois millions de m\u00e8tres cubes de roche sont tomb\u00e9s sur le glacier d&rsquo;un coup. \u00ab\u00a0Si l&rsquo;on exerce une forte pression sur une fondation instable, elle peut tout simplement glisser. Et c&rsquo;est ce qui s&rsquo;est produit\u00a0\u00bb, a expliqu\u00e9 Matthias Huss, directeur de la Surveillance des Glaciers Suisses (GLAMOS) dans un entretien avec l&rsquo;AFP.\u00a0\u00ab\u00a0Le glacier a fortement acc\u00e9l\u00e9r\u00e9 sous l&rsquo;effet de cette charge suppl\u00e9mentaire, et c&rsquo;est alors que la catastrophe s&rsquo;est produite\u00a0\u00bb.\u00a0&#8211; Un glacier particulier :Le glacier du Birch \u00e9tait un cas particulier\u00a0: c&rsquo;\u00e9tait le seul glacier suisse \u00e0 avancer quand tous les autres reculent, mais pas gr\u00e2ce \u00e0 une meilleure couverture neigeuse.C&rsquo;\u00e9tait tr\u00e8s probablement d\u00fb au poids des \u00e9boulements de la montagne et \u00ab\u00a0le glissement de terrain n&rsquo;est donc pas parti de rien\u00a0\u00bb, souligne M. Huss.\u00a0Le glacier se trouvait sur une pente raide, et encore plus raide \u00e0 l&rsquo;avant, ce qui a encore acc\u00e9l\u00e9r\u00e9 le processus.- Comment ? :Les chutes de pierres ont modifi\u00e9 l&rsquo;\u00e9quation de contrainte entre le poids du glacier et la pente, qui d\u00e9termine la vitesse de d\u00e9placement du glacier, indique Christophe Lambiel.\u00a0C&rsquo;est comme pour pousser une voiture, il faut beaucoup de force pour initier un mouvement, mais beaucoup moins une fois que le v\u00e9hicule bouge.\u00a0Les 1.000 m\u00e8tres d&rsquo;altitude par rapport au fond de la vall\u00e9e du L\u00f6tschental ajoutent une \u00ab\u00a0\u00e9norme quantit\u00e9 d&rsquo;\u00e9nergie potentielle\u00a0\u00bb, selon Matthias Huss. Le frottement fait fondre une partie de la glace et cr\u00e9e un coussin d&rsquo;eau permet au glacier de glisser plus vite.- La fonte du perg\u00e9lisol :Le perg\u00e9lisol fond \u00e0 des profondeurs de plus en plus grandes dans les Alpes.\u00a0\u00bbLa glace est consid\u00e9r\u00e9e comme le ciment des montagnes. La d\u00e9gradation de la qualit\u00e9 de ce ciment diminue la stabilit\u00e9 de la montagne\u00a0\u00bb, selon Christophe Lambiel.Matthias Huss a ajout\u00e9\u00a0: \u00ab\u00a0Pour l&rsquo;instant, nous ne pouvons pas affirmer que la fonte du perg\u00e9lisol soit \u00e0 l&rsquo;origine de l&rsquo;effondrement de cette montagne, mais c&rsquo;est au moins une explication tr\u00e8s probable, ou un facteur, qui a d\u00e9clench\u00e9 ou acc\u00e9l\u00e9r\u00e9 ce processus d&rsquo;effondrement\u00a0\u00bb.\u00a0&#8211; Changement climatique :Jakob Steiner, g\u00e9oscientifique \u00e0 l&rsquo;universit\u00e9 de Graz en Autriche, estime qu&rsquo;il \u00ab\u00a0n&rsquo;existe pas encore de preuve claire, dans ce cas pr\u00e9cis, que le changement climatique soit la cause de ce ph\u00e9nom\u00e8ne\u00a0\u00bb. Et selon Matthias Huss, \u00e9tablir un lien aussi direct est \u00ab\u00a0compliqu\u00e9\u00a0\u00bb.\u00a0\u00ab\u00a0Si l&rsquo;effondrement de cette montagne \u00e9tait uniquement d\u00fb au changement climatique, toutes les montagnes des Alpes pourraient s&rsquo;effondrer \u2013 et ce n&rsquo;est pas le cas\u00a0\u00bb, dit le scientifique.Pour lui il s&rsquo;agit \u00ab\u00a0d&rsquo;une combinaison de changements g\u00e9ologiques \u00e0 long terme. La rupture du glacier en tant que telle n&rsquo;est pas li\u00e9e au changement climatique. Il s&rsquo;agit plut\u00f4t des processus du perg\u00e9lisol, qui sont des changements tr\u00e8s complexes et \u00e0 long terme\u00a0\u00bb.\u00a0Christophe Lambiel est aussi prudent mais \u00ab\u00a0l\u2019augmentation des chutes de pierres sur le glacier au cours des dix derni\u00e8res ann\u00e9es pourrait \u00eatre li\u00e9e au changement climatique\u00a0\u00bb.\u00a0&#8211; Autres glaciers :Les techniques de surveillance modernes d\u00e9tectent l&rsquo;acc\u00e9l\u00e9ration de la glace avec une grande pr\u00e9cision, permettant une alerte pr\u00e9coce.Christophe Lambiel a indiqu\u00e9 qu\u2019environ 80 glaciers dans la m\u00eame r\u00e9gion du Valais, en Suisse, \u00e9taient consid\u00e9r\u00e9s comme dangereux et faisaient l&rsquo;objet d&rsquo;une surveillance.\u00a0\u00ab\u00a0Le principal d\u00e9fi est de d\u00e9terminer o\u00f9 orienter la surveillance d\u00e9taill\u00e9e\u00a0\u00bb, reconna\u00eet Matthias Huss.Pour Christophe Lambiel, les sites pr\u00e9sentant des interactions glacier-perg\u00e9lisol au-dessus de 3.000\u00a0m\u00e8tres devront d\u00e9sormais faire l&rsquo;objet de recherches.\u00a0\u00bbL&rsquo;\u00e9volution rapide du perg\u00e9lisol peut probablement jouer un r\u00f4le\u00a0\u00bb, selon Jakob Steiner : \u00ab\u00a0C&rsquo;est inqui\u00e9tant, car cela signifie que les montagnes deviennent beaucoup plus instables\u00a0\u00bb.\u00a0rjm-burs\/vog\/ib<\/p>\n","protected":false},"excerpt":{"rendered":"AFP Videos &#8211; France Suisse: comment le glacier du Birch s&rsquo;est effondr\u00e9 Une s\u00e9rie d&rsquo;\u00e9v\u00e9nements en cascade dans&hellip;\n","protected":false},"author":2,"featured_media":143760,"comment_status":"","ping_status":"","sticky":false,"template":"","format":"standard","meta":{"footnotes":""},"categories":[1587],"tags":[11,672,1804,1805,1803,1777,674,1801,14470,12,27195,1802,25158],"class_list":{"0":"post-143759","1":"post","2":"type-post","3":"status-publish","4":"format-standard","5":"has-post-thumbnail","7":"category-allemagne","8":"tag-actualites","9":"tag-allemagne","10":"tag-bundesrepublik-deutschland","11":"tag-de","12":"tag-deutschland","13":"tag-eu","14":"tag-europe","15":"tag-germany","16":"tag-google-maps","17":"tag-news","18":"tag-peter-berger","19":"tag-republique-federale-dallemagne","20":"tag-week-end-de-lascension"},"share_on_mastodon":{"url":"https:\/\/pubeurope.com\/@fr\/114607522073077519","error":""},"_links":{"self":[{"href":"https:\/\/www.europesays.com\/fr\/wp-json\/wp\/v2\/posts\/143759","targetHints":{"allow":["GET"]}}],"collection":[{"href":"https:\/\/www.europesays.com\/fr\/wp-json\/wp\/v2\/posts"}],"about":[{"href":"https:\/\/www.europesays.com\/fr\/wp-json\/wp\/v2\/types\/post"}],"author":[{"embeddable":true,"href":"https:\/\/www.europesays.com\/fr\/wp-json\/wp\/v2\/users\/2"}],"replies":[{"embeddable":true,"href":"https:\/\/www.europesays.com\/fr\/wp-json\/wp\/v2\/comments?post=143759"}],"version-history":[{"count":0,"href":"https:\/\/www.europesays.com\/fr\/wp-json\/wp\/v2\/posts\/143759\/revisions"}],"wp:featuredmedia":[{"embeddable":true,"href":"https:\/\/www.europesays.com\/fr\/wp-json\/wp\/v2\/media\/143760"}],"wp:attachment":[{"href":"https:\/\/www.europesays.com\/fr\/wp-json\/wp\/v2\/media?parent=143759"}],"wp:term":[{"taxonomy":"category","embeddable":true,"href":"https:\/\/www.europesays.com\/fr\/wp-json\/wp\/v2\/categories?post=143759"},{"taxonomy":"post_tag","embeddable":true,"href":"https:\/\/www.europesays.com\/fr\/wp-json\/wp\/v2\/tags?post=143759"}],"curies":[{"name":"wp","href":"https:\/\/api.w.org\/{rel}","templated":true}]}}