{"id":143761,"date":"2025-06-01T09:59:16","date_gmt":"2025-06-01T09:59:16","guid":{"rendered":"https:\/\/www.europesays.com\/fr\/143761\/"},"modified":"2025-06-01T09:59:16","modified_gmt":"2025-06-01T09:59:16","slug":"quand-les-britanniques-votaient-sur-leur-maintien-dans-leurope-il-y-a-50-ans-dans-le-nouvel-obs","status":"publish","type":"post","link":"https:\/\/www.europesays.com\/fr\/143761\/","title":{"rendered":"Quand les Britanniques votaient sur leur maintien dans l\u2019Europe, il y a 50\u00a0ans dans \u201cle Nouvel Obs\u201d"},"content":{"rendered":"<p>      <img fetchpriority=\"high\" decoding=\"async\" class=\"mx-auto\" src=\"data:image\/svg+xml,%3Csvg%20xmlns%3D%27http%3A%2F%2Fwww.w3.org%2F2000%2Fsvg%27%20fill%3D%22%23e4e4e4%22%20viewBox%3D%270%200%20510%20340%27%20width%3D%22510%22%20height%3D%22340%22%3E%3Cpath%20d%3D%27M0%200h510v340H0z%27%2F%3E%3C%2Fsvg%3E\"  loading=\"eager\" width=\"510\" height=\"340\" data-oncrawl-image-size=\"510x340\" alt=\"13\u00a0mai 1975\u00a0: Edward Heath, ex-dirigeant du parti conservateur britannique, au centre, avec Jeremy Thorpe, chef du parti lib\u00e9ral, \u00e0 gauche, et Roy Jenkins, secr\u00e9taire d\u2019Etat \u00e0 l\u2019Int\u00e9rieur, en conf\u00e9rence de presse \u00e0 Londres, \u00e0 l\u2019h\u00f4tel Waldorf. Devant et derri\u00e8re eux, le slogan \u00ab\u00a0Keep Britain in Europe\u00a0\u00bb\"\/>      <\/p>\n<p class=\"latino-100m text-grey-600\">\n            13\u00a0mai 1975\u00a0: Edward Heath, ex-dirigeant du parti conservateur britannique, au centre, avec Jeremy Thorpe, chef du parti lib\u00e9ral, \u00e0 gauche, et Roy Jenkins, secr\u00e9taire d\u2019Etat \u00e0 l\u2019Int\u00e9rieur, en conf\u00e9rence de presse \u00e0 Londres, \u00e0 l\u2019h\u00f4tel Waldorf. Devant et derri\u00e8re eux, le slogan \u00ab\u00a0Keep Britain in Europe\u00a0\u00bb\u00a0HARRIS\/AP\/SIPA        <\/p>\n<p>    Lire\u00a0plus\u00a0tard  <\/p>\n<p><a aria-label=\"Nous suivre sur Google News\" href=\"https:\/\/news.google.com\/publications\/CAAqBwgKMJe4nQkw3dFs?hl=fr&amp;gl=FR&amp;ceid=FR%3Afr\" target=\"_blank\" data-piano=\"Page_Article,Sous_date_publi,Nous_suivre_sur_google_news,1er_clic,action\" class=\"btn btn--small btn--secondary\" rel=\"noopener\"><\/p>\n<p>      Google Actualit\u00e9s<br \/>\n  <\/a><\/p>\n<p>  Partager<\/p>\n<p>        Facebook<\/p>\n<p>        Bluesky<\/p>\n<p>        E-mail<\/p>\n<p>        Copier le lien<\/p>\n<p>      Envoyer<\/p>\n<p>    Offrir\u00a0cet\u00a0article<\/p>\n<p>S\u2019abonner permet d\u2019offrir les articles \u00e0 vos proches. Et pas que\u00a0: vous pouvez les consulter et les commenter.<\/p>\n<p>    Temps de lecture\u00a0:\u00a010\u00a0min.<\/p>\n<p class=\"badge badge--content-premium latino-100b\">Abonn\u00e9<\/p>\n<p class=\"article__description latino-600m mb-8 mb-lg-30 \" data-oncrawl-chapo-length=\"173\">\n  \t  Archives\u00a0<br \/>\n    Quarante et un ans avant le vote du Brexit, les Britanniques furent appel\u00e9s \u00e0 un r\u00e9f\u00e9rendum sur leur maintien dans l\u2019Europe, deux ans apr\u00e8s leur entr\u00e9e dans la CEE.<\/p>\n<p class=\"latino-500b text-grey-600\">Pour aller plus loin<\/p>\n<p class=\"node__paragraphe antonia-750r text-grey-800 pb-24 pb-md-30\">\nEn 1970, le Premier ministre britannique Edward Heath, un conservateur (ou tory en VO), mena des n\u00e9gociations qui aboutirent \u00e0 l\u2019entr\u00e9e le 1\u1d49\u02b3 janvier 1973\u00a0du Royaume-Uni dans la Communaut\u00e9 \u00e9conomique europ\u00e9enne (une demande remontant \u00e0 1961, bloqu\u00e9e par le g\u00e9n\u00e9ral de Gaulle puis accept\u00e9e par son successeur en 1969\u00a0Georges Pompidou). En 1975, son successeur, le travailliste Harold Wilson, organise un r\u00e9f\u00e9rendum par lequel les Britanniques choisiront de rester dans la CEE (devenue Union europ\u00e9enne en 1993). Et ce sera un autre Premier ministre, le conservateur David Cameron, qui en proposant un nouveau r\u00e9f\u00e9rendum en juin 2016, entra\u00eenera le retrait du pays, <a href=\"https:\/\/www.nouvelobs.com\/brexit\/\" target=\"_blank\" rel=\"noopener\">le Brexit<\/a>. Le 5\u00a0juin 1975, les Britanniques <a href=\"https:\/\/www.nouvelobs.com\/monde\/20050606.OBS9114\/europe-il-y-a-30-ans-l-angleterre-disait-oui.html\" target=\"_blank\" rel=\"noopener\">voteront \u00ab\u00a0oui\u00a0\u00bb<\/a> \u00e0 67\u00a0% pour le maintien dans la CEE. En 2016, ils seront pr\u00e8s de 52\u00a0% \u00e0 <a href=\"https:\/\/www.nouvelobs.com\/brexit\/20160624.OBS3278\/le-brexit-l-emporte-la-grande-bretagne-va-quitter-l-union-europeenne.html\" target=\"_blank\" rel=\"noopener\">voter pour le d\u00e9part<\/a>.<\/p>\n<p class=\"node__paragraphe antonia-750r text-grey-800 pb-8\">\nDans le reportage d\u2019<a href=\"https:\/\/www.nouvelobs.com\/bibliobs\/20241229.OBS98385\/l-ecrivain-et-journaliste-olivier-todd-ancien-du-nouvel-observateur-est-mort.html\" target=\"_blank\" rel=\"noopener\">Olivier Todd<\/a> republi\u00e9 ici, le journaliste (mort en d\u00e9cembre 2024) souligne un scandale agit\u00e9 pendant la campagne r\u00e9f\u00e9rendaire\u00a0: la r\u00e9v\u00e9lation par l\u2019hebdomadaire \u00ab\u00a0Time Out\u00a0\u00bb que la CIA aurait financ\u00e9, pour l\u2019\u00e9quivalent actuel de 13\u00a0millions d\u2019euros, des organisations partisanes du maintien dans la CEE. \u00ab\u00a0Pourquoi diable la CIA voudrait-elle que la Grande-Bretagne reste dans le March\u00e9 commun\u00a0? Pour les raisons qu\u2019avancent les \u2026<\/p>\n<p class=\"latino-100m text-blue-400\">Article r\u00e9serv\u00e9 aux abonn\u00e9s.<\/p>\n<p>          Se connecter<\/p>\n<p class=\"text-center antonia-1850c\" style=\"margin-bottom:4px;\">Envie de lire la suite ?<\/p>\n<p class=\"text-center antonia-800c pb-15\">Tous nos articles en int\u00e9gralit\u00e9 d\u00e8s\u00a01\u20ac<\/p>\n<p>        S&rsquo;abonner<\/p>\n<p class=\"text-grey-700 or\">ou<\/p>\n<p>            <img width=\"164\" height=\"20\" src=\"data:image\/svg+xml,%3Csvg%20xmlns%3D%27http%3A%2F%2Fwww.w3.org%2F2000%2Fsvg%27%20fill%3D%22%23e4e4e4%22%20viewBox%3D%270%200%20282%2054%27%20width%3D%22282%22%20height%3D%2254%22%3E%3Cpath%20d%3D%27M0%200h282v54H0z%27%2F%3E%3C%2Fsvg%3E\"  class=\"js-swg-placeholder\" alt=\"Subscribe with Google\" loading=\"lazy\" decoding=\"async\"\/><\/p>\n<p>          D\u00e9couvrir toutes nos offres<\/p>\n","protected":false},"excerpt":{"rendered":"13\u00a0mai 1975\u00a0: Edward Heath, ex-dirigeant du parti conservateur britannique, au centre, avec Jeremy Thorpe, chef du parti lib\u00e9ral,&hellip;\n","protected":false},"author":2,"featured_media":143762,"comment_status":"","ping_status":"","sticky":false,"template":"","format":"standard","meta":{"footnotes":""},"categories":[1586],"tags":[17,9285,11,1764,27196,1777,674,1011,27,13535,74,12,10542,25,473,27197],"class_list":{"0":"post-143761","1":"post","2":"type-post","3":"status-publish","4":"format-standard","5":"has-post-thumbnail","7":"category-europe","8":"tag-17","9":"tag-9285","10":"tag-actualites","11":"tag-ans","12":"tag-britanniques","13":"tag-eu","14":"tag-europe","15":"tag-fr","16":"tag-france","17":"tag-maintien","18":"tag-monde","19":"tag-news","20":"tag-nouvel","21":"tag-republique-francaise","22":"tag-royaume-uni","23":"tag-votaient"},"share_on_mastodon":{"url":"https:\/\/pubeurope.com\/@fr\/114607526126572731","error":""},"_links":{"self":[{"href":"https:\/\/www.europesays.com\/fr\/wp-json\/wp\/v2\/posts\/143761","targetHints":{"allow":["GET"]}}],"collection":[{"href":"https:\/\/www.europesays.com\/fr\/wp-json\/wp\/v2\/posts"}],"about":[{"href":"https:\/\/www.europesays.com\/fr\/wp-json\/wp\/v2\/types\/post"}],"author":[{"embeddable":true,"href":"https:\/\/www.europesays.com\/fr\/wp-json\/wp\/v2\/users\/2"}],"replies":[{"embeddable":true,"href":"https:\/\/www.europesays.com\/fr\/wp-json\/wp\/v2\/comments?post=143761"}],"version-history":[{"count":0,"href":"https:\/\/www.europesays.com\/fr\/wp-json\/wp\/v2\/posts\/143761\/revisions"}],"wp:featuredmedia":[{"embeddable":true,"href":"https:\/\/www.europesays.com\/fr\/wp-json\/wp\/v2\/media\/143762"}],"wp:attachment":[{"href":"https:\/\/www.europesays.com\/fr\/wp-json\/wp\/v2\/media?parent=143761"}],"wp:term":[{"taxonomy":"category","embeddable":true,"href":"https:\/\/www.europesays.com\/fr\/wp-json\/wp\/v2\/categories?post=143761"},{"taxonomy":"post_tag","embeddable":true,"href":"https:\/\/www.europesays.com\/fr\/wp-json\/wp\/v2\/tags?post=143761"}],"curies":[{"name":"wp","href":"https:\/\/api.w.org\/{rel}","templated":true}]}}